{"id":21306,"date":"2022-09-29T13:00:43","date_gmt":"2022-09-29T10:00:43","guid":{"rendered":"http:\/\/akdenizolaygazetesi.com\/?p=21306"},"modified":"2022-09-29T13:00:43","modified_gmt":"2022-09-29T10:00:43","slug":"buyuksehirin-uretici-kadin-stantlarinda-yer-alan-umit-gok-artik-is-yeri-sahibi","status":"publish","type":"post","link":"https:\/\/akdenizolaygazetesi.com\/?p=21306","title":{"rendered":"B\u00dcY\u00dcK\u015eEH\u0130R&#8217;\u0130N \u00dcRET\u0130C\u0130 KADIN STANTLARINDA YER ALAN \u00dcM\u0130T G\u00d6K ARTIK \u0130\u015e YER\u0130 SAH\u0130B\u0130"},"content":{"rendered":"<p>Mersin B\u00fcy\u00fck\u015fehir Belediyesi Kad\u0131n ve Aile Hizmetleri Dairesi b\u00fcnyesinde kent genelinde kurulan \u00fcretici kad\u0131n stantlar\u0131nda yer alan kad\u0131nlar; hem el eme\u011fi \u00fcr\u00fcnlerini sergileme f\u0131rsat\u0131 buluyor, hem aile ekonomilerine katk\u0131 sa\u011fl\u0131yor, hem de sosyalle\u015fme imkan\u0131 buluyor. Mut&#8217;tan \u00c7aml\u0131yayla&#8217;ya kadar pek \u00e7ok noktada kurulan kad\u0131n \u00fcretici stantlar\u0131nda; hediyelik e\u015fyalardan el yap\u0131m\u0131 g\u0131da \u00fcr\u00fcnlerine, \u00e7antadan tekstil \u00fcr\u00fcnlerine kadar bir\u00e7ok \u00fcr\u00fcn sat\u0131\u015fa sunuluyor.<\/p>\n<p>\u00dcretici stantlar\u0131ndan i\u015fyerine<\/p>\n<p>Mersin B\u00fcy\u00fck\u015fehir Belediye Ba\u015fkan\u0131 Vahap Se\u00e7er \u00f6nc\u00fcl\u00fc\u011f\u00fcnde tar\u0131m, hayvanc\u0131l\u0131k ve sosyal projelerin bir\u00e7o\u011funda kad\u0131nlara \u00f6ncelik tan\u0131n\u0131yor. Talepte bulunan her kad\u0131n\u0131n \u00e7a\u011fr\u0131s\u0131na yan\u0131t veren B\u00fcy\u00fck\u015fehir, haz\u0131rlad\u0131\u011f\u0131 \u00fcretici kad\u0131n stantlar\u0131nda \u015fimdiye kadar bir\u00e7ok kad\u0131n\u0131 bulu\u015fturdu. O kad\u0131nlardan biri de \u00fcretici \u00dcmit G\u00f6k. 15 y\u0131ld\u0131r el eme\u011fi \u00fcr\u00fcnlerinin sat\u0131\u015f\u0131n\u0131 yaparak para kazanan ve 1,5 y\u0131l \u00f6nce de Mezitli il\u00e7esinde d\u00fckkan a\u00e7an G\u00f6k; tur\u015fudan pekmeze, zeytinden sirkeye, kurutulmu\u015f \u00fcr\u00fcnlerden eri\u015fteye, mant\u0131dan re\u00e7ele kadar bir\u00e7ok \u00fcr\u00fcn \u00fcretiyor. 3 k\u0131z annesi 57 ya\u015f\u0131ndaki \u00dcmit G\u00f6k, b\u00fct\u00fcn \u00fcretimlerini kiralad\u0131\u011f\u0131 k\u00f6y evinde yap\u0131yor. Bir kad\u0131n olarak kendi ayaklar\u0131 \u00fczerinde durman\u0131n ve ekonomik ba\u011f\u0131ms\u0131zl\u0131k elde etmenin mutlulu\u011funu ya\u015fayan G\u00f6k, \u00fcreten her kad\u0131n\u0131n ba\u015farabilece\u011fine inan\u0131yor.<\/p>\n<p>&#8220;B\u00fcy\u00fck\u015fehir&#8217;in bir\u00e7ok kad\u0131na \u00e7ok b\u00fcy\u00fck deste\u011fi var&#8221;<\/p>\n<p>Bir \u00fcretici kad\u0131n pazar\u0131nda Kad\u0131n ve Aile Hizmetleri Dairesi personeli ile tan\u0131\u015ft\u0131\u011f\u0131n\u0131 ve stantlar hakk\u0131nda bilgi sahibi oldu\u011funu, devam\u0131nda s\u00fcrekli olarak stantlarda kendisine yer verildi\u011fini anlatan \u00dcmit G\u00f6k, &#8220;Ben 15 y\u0131l \u00f6nce bir arkada\u015f\u0131m\u0131n tavsiyesiyle bu i\u015fe at\u0131ld\u0131m. Ger\u00e7ekten de \u00e7ok iyi bir ilerleme kaydettim. Sonra da sosyal medya sayfas\u0131 kurdum ve \u00e7ok g\u00fczel ilerledim. \u00dcretici pazarlar\u0131nda sat\u0131\u015f yapt\u0131m. B\u00fcy\u00fck\u015fehir Belediyesi ile tan\u0131\u015ft\u0131m. Bize \u00e7ok g\u00fczel stantlar kurdular. \u00c7ok destekleri ve yard\u0131mlar\u0131 dokundu. Ben burada da \u00e7ok g\u00fczel para kazand\u0131m. G\u00fczel \u015feyler \u00fcretince, be\u011fenilince, m\u00fc\u015fteri potansiyelim de iyi olunca, art\u0131k bir i\u015f yeri kurmam gerekti\u011finin fark\u0131na vard\u0131m&#8221; dedi. <\/p>\n<p>B\u00fcy\u00fck\u015fehir&#8217;in, kad\u0131nlara el eme\u011fi g\u00f6z nuru \u00fcr\u00fcnlerinin sat\u0131\u015f\u0131n\u0131 yapabilmeleri i\u00e7in \u00e7ok destek oldu\u011funu s\u00f6yleyen G\u00f6k, &#8220;Ben ve benim gibi bir\u00e7ok kad\u0131na \u00e7ok b\u00fcy\u00fck deste\u011fi var B\u00fcy\u00fck\u015fehir Belediyesi&#8217;nin. Mesela ben i\u015fyeri kurabildim, ama i\u015fyeri kuramayan \u00e7ok insan var. Bu da \u00e7ok b\u00fcy\u00fck bir destek kad\u0131nlar\u0131m\u0131z i\u00e7in. Belediye&#8217;nin sundu\u011fu \u00e7ok g\u00fczel bir \u00f6zveri. Kad\u0131nlar \u00e7ok g\u00fczel kazan\u00e7lar sa\u011fl\u0131yorlar. Herkes evine ekmek g\u00f6t\u00fcr\u00fcyor. Bir\u00e7ok ki\u015fi bundan faydalan\u0131yor. Belediyeyi ger\u00e7ekten \u00e7ok be\u011feniyorum,  \u00e7ok g\u00fczel katk\u0131larda bulunuyor. Mesela D\u00fcnya Kad\u0131nlar G\u00fcn\u00fc&#8217;nde, 23 Nisan gibi bir\u00e7ok \u00f6zel g\u00fcnde, belediyenin stantlar\u0131na kat\u0131ld\u0131m ve \u00e7o\u011funda da sat\u0131\u015f yapt\u0131m. Tarsus&#8217;a, Mut&#8217;a, \u00c7aml\u0131yayla&#8217;ya gittik stant kurduk. \u00dcretici kad\u0131nlar\u0131n tan\u0131t\u0131lmas\u0131 da \u00e7ok g\u00fczel bizim i\u00e7in&#8221; dedi.<\/p>\n<p>&#8220;G\u00fc\u00e7l\u00fc bir kad\u0131n\u0131m, ayaklar\u0131m\u0131n \u00fczerinde duruyorum&#8221;<\/p>\n<p>Kurulan stantlarda bir\u00e7ok \u00fcretici kad\u0131nla arkada\u015f oldu\u011funu ve her konuda birbirlerini desteklediklerini anlatan G\u00f6k, &#8220;G\u00fc\u00e7l\u00fc bir kad\u0131n\u0131m, ayaklar\u0131m\u0131n \u00fczerinde duruyorum. Kendi param\u0131 kendim kazan\u0131yorum. Hi\u00e7 kimseye ba\u011f\u0131ml\u0131 de\u011filim&#8221; dedi. Kad\u0131nlara B\u00fcy\u00fck\u015fehir&#8217;in stantlar\u0131nda yer almay\u0131 talep etmeleri konusunda \u00e7a\u011fr\u0131da bulunan G\u00f6k, &#8220;Hi\u00e7bir \u00fccret alm\u0131yor B\u00fcy\u00fck\u015fehir Belediyesi. Biz mesela gidiyoruz stantlar\u0131m\u0131z kurulmu\u015f, haz\u0131r bizi bekliyor. Bu da \u00e7ok g\u00fczel bir \u015fey ve herkese tavsiye ediyorum, y\u00f6nlendiriyorum. \u00c7\u00fcnk\u00fc biz kad\u0131n\u0131z, birbirimize destek olmam\u0131z gerekiyor&#8221; diye konu\u015ftu.<\/p>\n<p>Ba\u015fkan Vahap Se\u00e7er&#8217;in, \u00fcreten kad\u0131nlar\u0131n daima yan\u0131nda oldu\u011funu s\u00f6yleyen G\u00f6k, &#8220;Kad\u0131nlara \u00e7ok destek oluyor. \u00c7ok yard\u0131mc\u0131 oluyor. Olmasa zaten bunlar\u0131n hi\u00e7 birisini yapmaz. \u00d6nemli destekler veriyor kad\u0131nlar\u0131m\u0131za. Bu konuda takdir ediyorum, te\u015fekk\u00fcr ediyorum. \u0130yi ki kad\u0131n\u0131m. \u0130yi ki g\u00fc\u00e7l\u00fcy\u00fcm. \u0130yi ki ba\u015fard\u0131m. Bir\u00e7ok ki\u015finin de ba\u015farmas\u0131n\u0131 istiyorum&#8221; ifadelerine yer verdi.<\/p>\n","protected":false},"excerpt":{"rendered":"<p>Mersin B\u00fcy\u00fck\u015fehir Belediyesi Kad\u0131n ve Aile Hizmetleri Dairesi b\u00fcnyesinde kent genelinde kurulan \u00fcretici kad\u0131n stantlar\u0131nda yer alan kad\u0131nlar; hem el eme\u011fi \u00fcr\u00fcnlerini sergileme f\u0131rsat\u0131 buluyor, hem aile ekonomilerine katk\u0131 sa\u011fl\u0131yor, &hellip; <a href=\"https:\/\/akdenizolaygazetesi.com\/?p=21306\" class=\"more-link\">Devam\u0131n\u0131 Oku&#8230;<\/a><\/p>\n","protected":false},"author":2,"featured_media":21307,"comment_status":"open","ping_status":"open","sticky":false,"template":"","format":"standard","meta":[],"categories":[8,2,3,5],"tags":[],"_links":{"self":[{"href":"https:\/\/akdenizolaygazetesi.com\/index.php?rest_route=\/wp\/v2\/posts\/21306"}],"collection":[{"href":"https:\/\/akdenizolaygazetesi.com\/index.php?rest_route=\/wp\/v2\/posts"}],"about":[{"href":"https:\/\/akdenizolaygazetesi.com\/index.php?rest_route=\/wp\/v2\/types\/post"}],"author":[{"embeddable":true,"href":"https:\/\/akdenizolaygazetesi.com\/index.php?rest_route=\/wp\/v2\/users\/2"}],"replies":[{"embeddable":true,"href":"https:\/\/akdenizolaygazetesi.com\/index.php?rest_route=%2Fwp%2Fv2%2Fcomments&post=21306"}],"version-history":[{"count":1,"href":"https:\/\/akdenizolaygazetesi.com\/index.php?rest_route=\/wp\/v2\/posts\/21306\/revisions"}],"predecessor-version":[{"id":21308,"href":"https:\/\/akdenizolaygazetesi.com\/index.php?rest_route=\/wp\/v2\/posts\/21306\/revisions\/21308"}],"wp:featuredmedia":[{"embeddable":true,"href":"https:\/\/akdenizolaygazetesi.com\/index.php?rest_route=\/wp\/v2\/media\/21307"}],"wp:attachment":[{"href":"https:\/\/akdenizolaygazetesi.com\/index.php?rest_route=%2Fwp%2Fv2%2Fmedia&parent=21306"}],"wp:term":[{"taxonomy":"category","embeddable":true,"href":"https:\/\/akdenizolaygazetesi.com\/index.php?rest_route=%2Fwp%2Fv2%2Fcategories&post=21306"},{"taxonomy":"post_tag","embeddable":true,"href":"https:\/\/akdenizolaygazetesi.com\/index.php?rest_route=%2Fwp%2Fv2%2Ftags&post=21306"}],"curies":[{"name":"wp","href":"https:\/\/api.w.org\/{rel}","templated":true}]}}