{"id":21312,"date":"2022-09-29T13:03:37","date_gmt":"2022-09-29T10:03:37","guid":{"rendered":"http:\/\/akdenizolaygazetesi.com\/?p=21312"},"modified":"2022-09-29T13:03:37","modified_gmt":"2022-09-29T10:03:37","slug":"4-yenisehir-bilim-senligi-icin-geri-sayim-basladi","status":"publish","type":"post","link":"https:\/\/akdenizolaygazetesi.com\/?p=21312","title":{"rendered":"4. Yeni\u015fehir Bilim \u015eenli\u011fi i\u00e7in geri say\u0131m ba\u015flad\u0131"},"content":{"rendered":"<p>Mersin Yeni\u015fehir Belediyesi ve Mersin Yeni\u015fehir \u0130l\u00e7e Milli E\u011fitim M\u00fcd\u00fcrl\u00fc\u011f\u00fc i\u015f birli\u011fi ve T\u00fcrkiye Bilimsel ve Teknolojik Ara\u015ft\u0131rma Kurumu (T\u00dcB\u0130TAK) deste\u011fiyle d\u00fczenlenecek 4. Yeni\u015fehir Bilim \u015eenli\u011fi ba\u015fl\u0131yor. Yeni\u015fehir Belediye Ba\u015fkan\u0131 Abdullah \u00d6zyi\u011fit, \u00e7ocuklar ba\u015fta olmak \u00fczere t\u00fcm vatanda\u015flar\u0131 bilim \u015fenli\u011fine davet etti.<br \/>\nMersin Yeni\u015fehir Belediyesi, toplumla bilim aras\u0131nda k\u00f6pr\u00fc kurarak insanlara bilimin e\u011flenceli y\u00f6n\u00fcn\u00fc tan\u0131tmak ve bu sayede bilime kar\u015f\u0131 olumlu tutum geli\u015ftirmek amac\u0131yla d\u00fczenleyece\u011fi 4. Yeni\u015fehir Bilim \u015eenli\u011fi ile \u00e7ocuklar ba\u015fta olmak \u00fczere vatanda\u015flar\u0131n bilime, teknolojiye ve \u00e7evreye olan ilgisini artt\u0131racak. 4. Yeni\u015fehir Bilim \u015eenli\u011fi\u2019nde kat\u0131l\u0131mc\u0131lar bilimi ya\u015fayarak \u00f6\u011frenecek ve bilimsel s\u00fcre\u00e7ler hakk\u0131nda fark\u0131ndal\u0131k sahibi olacak.<br \/>\n4. Yeni\u015fehir Bilim \u015eenli\u011fi \u201cOyuna Geldik\u201d slogan\u0131yla  7-8-9 Ekim tarihlerinde 10.00-17.00 saatleri aras\u0131nda Yeni\u015fehir Belediyesi Atat\u00fcrk K\u00fclt\u00fcr Merkezi\u2019nde yap\u0131lacak. \u015eenlikte kurulacak planetaryumda iklim de\u011fi\u015fikli\u011fi g\u00f6sterileri ve 38 at\u00f6lyede toplam 48 adet etkinlik d\u00fczenlenecek ve t\u00fcm etkinlikler \u00fccretsiz bir \u015fekilde vatanda\u015flarla bulu\u015facak.<br \/>\nBa\u015fkan \u00d6zyi\u011fit, \u201c\u00c7ocuklar\u0131m\u0131z ya\u015f\u0131tlar\u0131yla hem e\u011flenecek hem de \u00f6\u011frenecek\u201d<br \/>\nT\u00dcB\u0130TAK ve Mersin Yeni\u015fehir \u0130l\u00e7e Milli E\u011fitim M\u00fcd\u00fcrl\u00fc\u011f\u00fc katk\u0131lar\u0131yla d\u00fczenleyecekleri bilim \u015fenli\u011finin \u00e7ocuklar i\u00e7in \u00e7ok faydal\u0131 olaca\u011f\u0131n\u0131 belirten Yeni\u015fehir Belediye Ba\u015fkan\u0131 Abdullah \u00d6zyi\u011fit, \u201c\u00c7ocuklar\u0131m\u0131z\u0131 erken ya\u015flarda bilimle tan\u0131\u015ft\u0131rmak, bu t\u00fcr etkinliklerle bilimin renkli ve e\u011flenceli y\u00f6n\u00fcn\u00fc \u00e7ocuklar\u0131m\u0131za g\u00f6stermek istiyoruz. 4. Yeni\u015fehir Bilim \u015eenli\u011fi\u2019nde \u00e7ocuklar\u0131m\u0131z ya\u015f\u0131tlar\u0131yla hem e\u011flenecek hem de \u00f6\u011frenecek. Bilimin s\u0131k\u0131c\u0131 olmad\u0131\u011f\u0131n\u0131 onlara anlatacak bir\u00e7ok etkinli\u011fimiz olacak. \u00c7ocuklar\u0131m\u0131z ba\u015fta olmak \u00fczere t\u00fcm vatanda\u015flar\u0131m\u0131z\u0131 bekliyoruz.\u201ddiye konu\u015ftu. <\/p>\n","protected":false},"excerpt":{"rendered":"<p>Mersin Yeni\u015fehir Belediyesi ve Mersin Yeni\u015fehir \u0130l\u00e7e Milli E\u011fitim M\u00fcd\u00fcrl\u00fc\u011f\u00fc i\u015f birli\u011fi ve T\u00fcrkiye Bilimsel ve Teknolojik Ara\u015ft\u0131rma Kurumu (T\u00dcB\u0130TAK) deste\u011fiyle d\u00fczenlenecek 4. Yeni\u015fehir Bilim \u015eenli\u011fi ba\u015fl\u0131yor. Yeni\u015fehir Belediye Ba\u015fkan\u0131 &hellip; <a href=\"https:\/\/akdenizolaygazetesi.com\/?p=21312\" class=\"more-link\">Devam\u0131n\u0131 Oku&#8230;<\/a><\/p>\n","protected":false},"author":2,"featured_media":21313,"comment_status":"open","ping_status":"open","sticky":false,"template":"","format":"standard","meta":[],"categories":[3,5],"tags":[],"_links":{"self":[{"href":"https:\/\/akdenizolaygazetesi.com\/index.php?rest_route=\/wp\/v2\/posts\/21312"}],"collection":[{"href":"https:\/\/akdenizolaygazetesi.com\/index.php?rest_route=\/wp\/v2\/posts"}],"about":[{"href":"https:\/\/akdenizolaygazetesi.com\/index.php?rest_route=\/wp\/v2\/types\/post"}],"author":[{"embeddable":true,"href":"https:\/\/akdenizolaygazetesi.com\/index.php?rest_route=\/wp\/v2\/users\/2"}],"replies":[{"embeddable":true,"href":"https:\/\/akdenizolaygazetesi.com\/index.php?rest_route=%2Fwp%2Fv2%2Fcomments&post=21312"}],"version-history":[{"count":1,"href":"https:\/\/akdenizolaygazetesi.com\/index.php?rest_route=\/wp\/v2\/posts\/21312\/revisions"}],"predecessor-version":[{"id":21314,"href":"https:\/\/akdenizolaygazetesi.com\/index.php?rest_route=\/wp\/v2\/posts\/21312\/revisions\/21314"}],"wp:featuredmedia":[{"embeddable":true,"href":"https:\/\/akdenizolaygazetesi.com\/index.php?rest_route=\/wp\/v2\/media\/21313"}],"wp:attachment":[{"href":"https:\/\/akdenizolaygazetesi.com\/index.php?rest_route=%2Fwp%2Fv2%2Fmedia&parent=21312"}],"wp:term":[{"taxonomy":"category","embeddable":true,"href":"https:\/\/akdenizolaygazetesi.com\/index.php?rest_route=%2Fwp%2Fv2%2Fcategories&post=21312"},{"taxonomy":"post_tag","embeddable":true,"href":"https:\/\/akdenizolaygazetesi.com\/index.php?rest_route=%2Fwp%2Fv2%2Ftags&post=21312"}],"curies":[{"name":"wp","href":"https:\/\/api.w.org\/{rel}","templated":true}]}}