{"id":21315,"date":"2022-09-29T13:05:32","date_gmt":"2022-09-29T10:05:32","guid":{"rendered":"http:\/\/akdenizolaygazetesi.com\/?p=21315"},"modified":"2022-09-29T13:05:32","modified_gmt":"2022-09-29T10:05:32","slug":"4-metre-yukseklige-sahip-toplam-3-ton-agirliginda","status":"publish","type":"post","link":"https:\/\/akdenizolaygazetesi.com\/?p=21315","title":{"rendered":"4 metre y\u00fcksekli\u011fe sahip, toplam 3 ton a\u011f\u0131rl\u0131\u011f\u0131nda\u2026"},"content":{"rendered":"<p>Akdeniz Belediyesi\u2019nin, 3\u2019\u00fcnc\u00fcs\u00fc d\u00fczenledi\u011fi ve y\u00fcz bini a\u015fk\u0131n ki\u015finin ziyaret etti\u011fi Karaduvar Bal\u0131k Festivali\u2019nde, geri d\u00f6n\u00fc\u015f\u00fcm\u00fc m\u00fcmk\u00fcn metaller kullan\u0131l\u0131p b\u00f6lgeye kazand\u0131r\u0131lan 3 ton a\u011f\u0131rl\u0131\u011f\u0131nda 4 metre y\u00fcksekli\u011findeki devasa sardalya heykeli, bal\u0131k\u00e7\u0131l\u0131\u011f\u0131n merkezi Karaduvar Mahallesi\u2019nin simgesi oldu.<br \/>\n\u00dccretsiz bal\u0131k-ekmek ve \u015falgam ikram\u0131, konserler, \u00f6d\u00fcll\u00fc yar\u0131\u015fmalar, s\u00f6yle\u015filer, yelken yar\u0131\u015flar\u0131, flayboard, \u015fampiyon savunma sanat\u0131 sporcular\u0131n\u0131n g\u00f6sterileri, \u00e7ocuk etkinlikleri ve sihirbazl\u0131k g\u00f6sterileri ile yine kent ve \u00fclke \u00e7ap\u0131nda b\u00fcy\u00fck ses getiren 3\u2019\u00fcnc\u00fc Geleneksel Karaduvar Bal\u0131k Festivali sayesinde b\u00f6lgenin \u00fcn\u00fc \u015fehir d\u0131\u015f\u0131na ta\u015farak art\u0131k t\u00fcm T\u00fcrkiye\u2019de tan\u0131n\u0131r, bilinir oldu.<br \/>\nVatanda\u015flar, 4\u2019\u00fcnc\u00fc bal\u0131k festivalini sab\u0131rs\u0131zl\u0131kla bekliyor<br \/>\nAileleri ve sevdikleriyle birlikte Karaduvar bal\u0131k festivalini ziyaret eden yerli ve yabanc\u0131 on binlerce konuk, mahalle sakinleri ve esnaf, b\u00f6ylesi \u00f6zel ve zengin i\u00e7eri\u011fe sahip bir festivali Mersinlilere, Akdeniz ve Karaduvar\u2019a kazand\u0131rmas\u0131ndan dolay\u0131 Akdeniz Belediye Ba\u015fkan\u0131 M. Mustafa G\u00fcltak\u2019a te\u015fekk\u00fcr ettiler; gelecek y\u0131l d\u00fczenlenecek 4\u2019\u00fcnc\u00fc bal\u0131k festivalini sab\u0131rs\u0131zl\u0131kla beklediklerini dile getirdiler.<br \/>\nSardalya heykeli ilgi oda\u011f\u0131 oldu<br \/>\nFestival alan\u0131nda, mahalle sakinleri ve ziyaret\u00e7ilerin dikkatini \u00e7eken en \u00f6nemli yeniliklerden biri de b\u00f6lgeye kazand\u0131r\u0131lan 3 ton a\u011f\u0131rl\u0131\u011f\u0131nda, yakla\u015f\u0131k 4 metre y\u00fcksekli\u011findeki sardalya heykeli oldu. Festivali ziyaret eden y\u00fczlerce vatanda\u015f, heykel \u00f6n\u00fcnde foto\u011fraf \u00e7ektirmek i\u00e7in adeta s\u0131raya girdi.<br \/>\nBelediyeye ait at\u00f6lyede 5 g\u00fcnde tamamland\u0131<br \/>\nKaidesiyle birlikte 4 metre y\u00fcksekli\u011finde ve 3 ton a\u011f\u0131rl\u0131\u011f\u0131ndaki heykelin mimar\u0131 Toros \u00dcniversitesi\u2019nden Prof. Dr. U\u011furcan Aky\u00fcz, Toros \u00dcniversitesi ile Akdeniz Belediyesi aras\u0131nda imzalanan i\u015fbirli\u011fi protokol\u00fc kapsam\u0131nda, festivale katk\u0131 sunmak istediklerini s\u00f6yledi. Heykelin y\u00fczde 90\u2019\u0131n\u0131n geri d\u00f6n\u00fc\u015f\u00fcm\u00fc m\u00fcmk\u00fcn at\u0131k ve hurda metallerden, kalan iskelet k\u0131sm\u0131n\u0131 da yeni malzemelerden yap\u0131ld\u0131\u011f\u0131n\u0131 belirten Prof. Dr. Aky\u00fcz, devasa heykeli, fen i\u015fleri at\u00f6lyesinde belediye ekipleri ile birlikte 5 g\u00fcnde bitirip Karaduvar\u2019a ta\u015f\u0131d\u0131klar\u0131n\u0131 anlatt\u0131.<br \/>\nProf. Dr. U\u011furcan Aky\u00fcz; \u201cAkdeniz Belediyesi\u2019ne, hem Karaduvar Bal\u0131k Festivali\u2019ni d\u00fczenlemesi hem de g\u00fcn\u00fcm\u00fczde b\u00fcy\u00fck \u00f6nem arz eden geri d\u00f6n\u00fc\u015f\u00fcme verdi\u011fi \u00f6nem ve hassasiyetten dolay\u0131 \u00e7ok te\u015fekk\u00fcr ediyorum. Bu kente bir marka de\u011fer kat\u0131yor ki bu \u00e7ok \u00f6nemli. Yani bir Bodrum, bir Ku\u015fadas\u0131 ne ise Akdeniz Belediyesi\u2019nin himayesinde Karaduvar da art\u0131k b\u00fcy\u00fck bir yol kat etti ve b\u00fct\u00fcn T\u00fcrkiye\u2019ye kendini tan\u0131tm\u0131\u015f oldu\u201d diye konu\u015ftu.<br \/>\nBa\u015fkan G\u00fcltak; \u201cBal\u0131k heykelimiz Karaduvar\u2019\u0131n simgesi olacak\u201d<br \/>\nAkdeniz Belediye Ba\u015fkan\u0131 M. Mustafa G\u00fcltak da 4 metre uzunlu\u011funda, 3 ton a\u011f\u0131rl\u0131\u011f\u0131ndaki sardalya heykeli hakk\u0131nda yapt\u0131\u011f\u0131 a\u00e7\u0131klamada fikrin ortaya \u00e7\u0131k\u0131\u015f s\u00fcrecini anlatt\u0131.  Bal\u0131k heykelinin, belediyeye ait at\u00f6lyelerde tamamen at\u0131k olarak de\u011ferlendirilen tonajl\u0131 geri d\u00f6n\u00fc\u015f\u00fcm malzemelerinden yap\u0131ld\u0131\u011f\u0131n\u0131n alt\u0131n\u0131 \u00e7izen Ba\u015fkan G\u00fcltak; \u201cHeykelimizde her t\u00fcrl\u00fc metali g\u00f6rebilirsiniz\u2026<br \/>\nKamyon, otob\u00fcs ve servis ara\u00e7lar\u0131ndan, motor par\u00e7alar\u0131ndan, di\u015flisinden kay\u0131\u015f\u0131ndan kaportas\u0131na kadar bir\u00e7ok par\u00e7a heykelin yap\u0131m\u0131nda kullan\u0131ld\u0131. Tabi eseri ortaya \u00e7\u0131kar\u0131p kaideye yerle\u015ftirmek ayr\u0131ca sanatt\u0131r. Bu anlamda Hocam\u0131za \u00e7ok te\u015fekk\u00fcr ediyoruz. Heykelimiz, sardalyenin ba\u015fkenti Karaduvar\u2019a yak\u0131\u015ft\u0131. Festivalin ard\u0131ndan eseri daha g\u00f6r\u00fcn\u00fcr bir yere ta\u015f\u0131yaca\u011f\u0131z.<br \/>\nDileyen herkes \u00f6n\u00fcnde foto\u011fraf \u00e7ekilebilecek. Bu heykelin \u00f6nemli bir simge olaca\u011f\u0131na inan\u0131yorum. D\u00fcnyan\u0131n, \u00e7evrenin bu kadar kirletildi\u011fi bir d\u00f6nemde, geri d\u00f6n\u00fc\u015f\u00fcm\u00fc m\u00fcmk\u00fcn malzemelerden nas\u0131l bir sanat eseri ortaya \u00e7\u0131kar\u0131labilece\u011fini de ispatlam\u0131\u015f olduk\u201d \u015feklinde konu\u015ftu.<br \/>\n\u00d6te yandan, b\u00fcy\u00fck ilgi \u00e7eken, b\u00fct\u00fcn\u00fcyle geri d\u00f6n\u00fc\u015f\u00fcm\u00fc m\u00fcmk\u00fcn at\u0131k metaller ve ara\u00e7 par\u00e7alar\u0131nda yap\u0131lan 3 ton a\u011f\u0131rl\u0131\u011f\u0131ndaki bal\u0131k heykelinin etraf\u0131nda toplanan vatanda\u015flar\u0131n, foto\u011fraf \u00e7ektirmek i\u00e7in s\u0131raya girdikleri g\u00f6r\u00fcld\u00fc. <\/p>\n","protected":false},"excerpt":{"rendered":"<p>Akdeniz Belediyesi\u2019nin, 3\u2019\u00fcnc\u00fcs\u00fc d\u00fczenledi\u011fi ve y\u00fcz bini a\u015fk\u0131n ki\u015finin ziyaret etti\u011fi Karaduvar Bal\u0131k Festivali\u2019nde, geri d\u00f6n\u00fc\u015f\u00fcm\u00fc m\u00fcmk\u00fcn metaller kullan\u0131l\u0131p b\u00f6lgeye kazand\u0131r\u0131lan 3 ton a\u011f\u0131rl\u0131\u011f\u0131nda 4 metre y\u00fcksekli\u011findeki devasa sardalya heykeli, &hellip; <a href=\"https:\/\/akdenizolaygazetesi.com\/?p=21315\" class=\"more-link\">Devam\u0131n\u0131 Oku&#8230;<\/a><\/p>\n","protected":false},"author":2,"featured_media":21316,"comment_status":"open","ping_status":"open","sticky":false,"template":"","format":"standard","meta":[],"categories":[2,3],"tags":[],"_links":{"self":[{"href":"https:\/\/akdenizolaygazetesi.com\/index.php?rest_route=\/wp\/v2\/posts\/21315"}],"collection":[{"href":"https:\/\/akdenizolaygazetesi.com\/index.php?rest_route=\/wp\/v2\/posts"}],"about":[{"href":"https:\/\/akdenizolaygazetesi.com\/index.php?rest_route=\/wp\/v2\/types\/post"}],"author":[{"embeddable":true,"href":"https:\/\/akdenizolaygazetesi.com\/index.php?rest_route=\/wp\/v2\/users\/2"}],"replies":[{"embeddable":true,"href":"https:\/\/akdenizolaygazetesi.com\/index.php?rest_route=%2Fwp%2Fv2%2Fcomments&post=21315"}],"version-history":[{"count":1,"href":"https:\/\/akdenizolaygazetesi.com\/index.php?rest_route=\/wp\/v2\/posts\/21315\/revisions"}],"predecessor-version":[{"id":21317,"href":"https:\/\/akdenizolaygazetesi.com\/index.php?rest_route=\/wp\/v2\/posts\/21315\/revisions\/21317"}],"wp:featuredmedia":[{"embeddable":true,"href":"https:\/\/akdenizolaygazetesi.com\/index.php?rest_route=\/wp\/v2\/media\/21316"}],"wp:attachment":[{"href":"https:\/\/akdenizolaygazetesi.com\/index.php?rest_route=%2Fwp%2Fv2%2Fmedia&parent=21315"}],"wp:term":[{"taxonomy":"category","embeddable":true,"href":"https:\/\/akdenizolaygazetesi.com\/index.php?rest_route=%2Fwp%2Fv2%2Fcategories&post=21315"},{"taxonomy":"post_tag","embeddable":true,"href":"https:\/\/akdenizolaygazetesi.com\/index.php?rest_route=%2Fwp%2Fv2%2Ftags&post=21315"}],"curies":[{"name":"wp","href":"https:\/\/api.w.org\/{rel}","templated":true}]}}