{"id":21318,"date":"2022-09-30T12:43:37","date_gmt":"2022-09-30T09:43:37","guid":{"rendered":"http:\/\/akdenizolaygazetesi.com\/?p=21318"},"modified":"2022-09-30T12:43:37","modified_gmt":"2022-09-30T09:43:37","slug":"kiyafet-evinin-2-subesi-tarsusta-acildi","status":"publish","type":"post","link":"https:\/\/akdenizolaygazetesi.com\/?p=21318","title":{"rendered":"K\u0131yafet Evi\u2019nin 2. \u015eubesi Tarsus\u2019ta A\u00e7\u0131ld\u0131"},"content":{"rendered":"<p>Mersin B\u00fcy\u00fck\u015fehir Belediyesi, dar gelirli ailelerin \u00e7ocuklar\u0131na k\u0131yafet deste\u011fi sa\u011flamak ad\u0131na ba\u015flatt\u0131\u011f\u0131 K\u0131yafet Evi projesinin 2. \u015eubesini, Tarsus Duatepe Mahallesi\u2019nde a\u00e7t\u0131.<\/p>\n<p>Sosyal g\u00fcvencesi olmayan ailelerin \u00e7ocuklar\u0131 i\u00e7in k\u0131yafet ve ayakkab\u0131 deste\u011fi sa\u011flayan K\u0131yafet Evi\u2019nin ula\u015ft\u0131\u011f\u0131 \u00e7ocuk say\u0131s\u0131, her ge\u00e7en g\u00fcn art\u0131yor. \u0130lki Mersin merkezde Ulu Cami Meydan\u0131\u2019nda a\u00e7\u0131lan K\u0131yafet Evi\u2019nin 2.\u2019si Tarsus\u2019ta hizmet vermeye ba\u015flad\u0131.<\/p>\n<p>Vatanda\u015flar, Sosyal Hizmetler Dairesi Ba\u015fkanl\u0131\u011f\u0131\u2019na bir dilek\u00e7e ile ba\u015fvurarak, K\u0131yafet Evi hizmetinden faydalanabiliyor. K\u0131yafet Evi\u2019nden, ihtiya\u00e7 sahibi yurtta\u015flar y\u0131lda 3 kere ihtiyac\u0131na g\u00f6re elbise ve ayakkab\u0131 alabiliyor. Minikleri \u00f6nceleyen K\u0131yafet Evi sayesinde aileler, her bir \u00e7ocuk i\u00e7in 2\u2019\u015fer par\u00e7a k\u0131yafeti, bir ma\u011fazadan al\u0131r gibi se\u00e7ip ve \u00fczerinde deneyerek alabiliyor.<\/p>\n<p>\u201cK\u0131yafet Evi\u2019nin 2.\u2019si Tarsus\u2019ta a\u00e7\u0131ld\u0131\u201d<\/p>\n<p>Mersin B\u00fcy\u00fck\u015fehir Belediyesi Sosyal Hizmetler Dairesi Sosyal Hizmetler \u015eube M\u00fcd\u00fcr\u00fc \u00d6zlem Ya\u015far, K\u0131yafet Evi hizmeti ile ilgili detaylar\u0131 aktararak, \u201cK\u0131yafet Evi\u2019nin ikincisi Tarsus\u2019ta a\u00e7\u0131ld\u0131 ve hizmet vermeye ba\u015flad\u0131. Vatanda\u015flar\u0131m\u0131z\u0131n K\u0131yafet Evi\u2019nden faydalanabilmeleri i\u00e7in, ba\u015fvuru \u015fart\u0131m\u0131z var. Ba\u015fvuran vatanda\u015flar\u0131m\u0131z\u0131n, \u00f6ncelikle sosyal g\u00fcvenlik durumlar\u0131 inceleniyor. Kriterleri ta\u015f\u0131yan vatanda\u015flar\u0131m\u0131z K\u0131yafet Evi\u2019ne gelip, 0-12 ya\u015f aral\u0131\u011f\u0131ndaki \u00e7ocuklar\u0131 i\u00e7in k\u0131yafet se\u00e7erek alabiliyorlar. Her bir \u00e7ocuk i\u00e7in 2 adet k\u0131yafet veriyoruz. Vatanda\u015flar\u0131m\u0131z y\u0131lda 3 kere bu hizmetten yararlanabilir. Her 4 ayda bir yeni ba\u015fvuru yapmak \u015fart\u0131yla, gelip buradan ihtiya\u00e7lar\u0131na g\u00f6re, \u00e7ocuklar\u0131 i\u00e7in uygun k\u0131yafetleri se\u00e7ebiliyorlar\u201d dedi.<\/p>\n<p>Merkez\u2019de bulunan K\u0131yafet Evi\u2019ne Tarsus\u2019tan da yo\u011fun talep geldi\u011fini ifade eden Ya\u015far, \u201c\u0130lk k\u0131yafet evimizi Mersin merkezde a\u00e7m\u0131\u015ft\u0131k. Talep \u00e7ok yo\u011fun oluyor. Tarsus\u2019tan da \u00e7ok talep vard\u0131. Vatanda\u015flar\u0131m\u0131z Mersin\u2019e kadar yorulmas\u0131nlar, hizmetimiz daha ula\u015f\u0131labilir olsun diyerek, Tarsus\u2019ta 2. K\u0131yafet Evimizi a\u00e7t\u0131k\u201d diye konu\u015ftu.<\/p>\n","protected":false},"excerpt":{"rendered":"<p>Mersin B\u00fcy\u00fck\u015fehir Belediyesi, dar gelirli ailelerin \u00e7ocuklar\u0131na k\u0131yafet deste\u011fi sa\u011flamak ad\u0131na ba\u015flatt\u0131\u011f\u0131 K\u0131yafet Evi projesinin 2. \u015eubesini, Tarsus Duatepe Mahallesi\u2019nde a\u00e7t\u0131. Sosyal g\u00fcvencesi olmayan ailelerin \u00e7ocuklar\u0131 i\u00e7in k\u0131yafet ve ayakkab\u0131 &hellip; <a href=\"https:\/\/akdenizolaygazetesi.com\/?p=21318\" class=\"more-link\">Devam\u0131n\u0131 Oku&#8230;<\/a><\/p>\n","protected":false},"author":2,"featured_media":21319,"comment_status":"open","ping_status":"open","sticky":false,"template":"","format":"standard","meta":[],"categories":[2,3],"tags":[],"_links":{"self":[{"href":"https:\/\/akdenizolaygazetesi.com\/index.php?rest_route=\/wp\/v2\/posts\/21318"}],"collection":[{"href":"https:\/\/akdenizolaygazetesi.com\/index.php?rest_route=\/wp\/v2\/posts"}],"about":[{"href":"https:\/\/akdenizolaygazetesi.com\/index.php?rest_route=\/wp\/v2\/types\/post"}],"author":[{"embeddable":true,"href":"https:\/\/akdenizolaygazetesi.com\/index.php?rest_route=\/wp\/v2\/users\/2"}],"replies":[{"embeddable":true,"href":"https:\/\/akdenizolaygazetesi.com\/index.php?rest_route=%2Fwp%2Fv2%2Fcomments&post=21318"}],"version-history":[{"count":1,"href":"https:\/\/akdenizolaygazetesi.com\/index.php?rest_route=\/wp\/v2\/posts\/21318\/revisions"}],"predecessor-version":[{"id":21320,"href":"https:\/\/akdenizolaygazetesi.com\/index.php?rest_route=\/wp\/v2\/posts\/21318\/revisions\/21320"}],"wp:featuredmedia":[{"embeddable":true,"href":"https:\/\/akdenizolaygazetesi.com\/index.php?rest_route=\/wp\/v2\/media\/21319"}],"wp:attachment":[{"href":"https:\/\/akdenizolaygazetesi.com\/index.php?rest_route=%2Fwp%2Fv2%2Fmedia&parent=21318"}],"wp:term":[{"taxonomy":"category","embeddable":true,"href":"https:\/\/akdenizolaygazetesi.com\/index.php?rest_route=%2Fwp%2Fv2%2Fcategories&post=21318"},{"taxonomy":"post_tag","embeddable":true,"href":"https:\/\/akdenizolaygazetesi.com\/index.php?rest_route=%2Fwp%2Fv2%2Ftags&post=21318"}],"curies":[{"name":"wp","href":"https:\/\/api.w.org\/{rel}","templated":true}]}}