{"id":21324,"date":"2022-09-30T12:46:26","date_gmt":"2022-09-30T09:46:26","guid":{"rendered":"http:\/\/akdenizolaygazetesi.com\/?p=21324"},"modified":"2022-09-30T12:46:26","modified_gmt":"2022-09-30T09:46:26","slug":"akdeniz-belediyesi-iz-birakanlar-muzesi-ilgi-odagina-donusuyor","status":"publish","type":"post","link":"https:\/\/akdenizolaygazetesi.com\/?p=21324","title":{"rendered":"AKDEN\u0130Z BELED\u0130YES\u0130 \u0130Z BIRAKANLAR M\u00dcZES\u0130 \u0130LG\u0130 ODA\u011eINA D\u00d6N\u00dc\u015e\u00dcYOR"},"content":{"rendered":"<p>Akdeniz Kent Konseyi Y\u00fcr\u00fctme Kurulu toplant\u0131s\u0131 m\u00fczede ger\u00e7ekle\u015ftirildi<\/p>\n<p>Akdeniz Belediyesi taraf\u0131ndan vatanda\u015flara kazand\u0131r\u0131lan; kent tarihi ve haf\u0131zas\u0131na yolculuk imk\u00e2n\u0131 sunan \u0130z B\u0131rakanlar M\u00fczesi\u2019ne ziyaret\u00e7i ak\u0131n\u0131 s\u00fcrerken, kimi sivil toplum \u00f6rg\u00fctleri de toplant\u0131lar\u0131n\u0131 tarih kokan m\u00fczede yapmaya ba\u015flad\u0131.<\/p>\n<p>Mersin tarihine yolculuk imk\u00e2n\u0131 sunan, \u015fehrin haf\u0131zas\u0131n\u0131 ya\u015fat\u0131p gelece\u011fe ta\u015f\u0131yan, kente iz b\u0131rakm\u0131\u015f isimleri ya\u015fatan Akdeniz Belediyesi \u0130z B\u0131rakanlar M\u00fczesi, farkl\u0131 ya\u015f ve kesimden ziyaret\u00e7ilerini a\u011f\u0131rl\u0131yor. Mersin Valili\u011fi\u2019nin destekleri ile 2 katl\u0131 tarihi bir Mersin Evi\u2019nin restore edilmesiyle kente kazand\u0131r\u0131lan m\u00fczeyi, bug\u00fcne dek farkl\u0131 okullardan y\u00fczlerce \u00f6\u011frenci ve \u00f6\u011fretmen ile \u015fehir merkezine yolu d\u00fc\u015fen ailelerin yan\u0131 s\u0131ra, yerli ve yabanc\u0131 y\u00fczlerce turist ziyaret etti.<\/p>\n<p>Akdeniz Kent Konseyi, toplant\u0131s\u0131n\u0131 m\u00fczede ger\u00e7ekle\u015ftirdi<\/p>\n<p>Kent merkezine \u00e7ok yak\u0131n; Mesudiye Mahallesi 5105 ile 5122 sokaklar\u0131n kesi\u015fti\u011fi b\u00f6lgede bulunan \u0130z B\u0131rakanlar M\u00fczesi\u2019nin son konuklar\u0131, Akdeniz Kent Konseyi\u2019nin bile\u015fenleri oldu. Konsey, y\u00fcr\u00fctme kurulu toplant\u0131s\u0131n\u0131, Akdeniz Belediyesi \u0130z B\u0131rakanlar M\u00fczesi\u2019nde yo\u011fun bir g\u00fcndemle ger\u00e7ekle\u015ftirdi. Akdeniz Kent Konseyi Ba\u015fkan\u0131 Mustafa Erim Ba\u015fkanl\u0131\u011f\u0131\u2019nda ger\u00e7ekle\u015fen y\u00fcr\u00fctme kurulu toplant\u0131s\u0131nda, Akdeniz Kent Konseyi taraf\u0131ndan projelendirilen ve Akdeniz Belediyesi\u2019nce de hayata ge\u00e7irilmesi planlanan farkl\u0131 hizmet ve projeler de\u011ferlendirildi.<\/p>\n<p>Toplant\u0131da g\u00f6r\u00fc\u015f\u00fclen projeler \u015f\u00f6yle s\u0131raland\u0131;<\/p>\n<p>\u201c\u00c7ilek Mahallesi\u2019ne \u00c7ocuk Oyun Soka\u011f\u0131 kazand\u0131r\u0131lmas\u0131; Ye\u015filay i\u015fbirli\u011finde Eski Ba\u011fc\u0131lar Belediye binas\u0131n\u0131n Uyu\u015fturucu ve Madde Ba\u011f\u0131ml\u0131l\u0131\u011f\u0131 ile M\u00fccadele Merkezine d\u00f6n\u00fc\u015fmesi; Yeni Mahallede Mahalle K\u00fct\u00fcphanesi ve \u00d6\u011frenci Et\u00fct Alanlar\u0131 A\u00e7\u0131lmas\u0131; Atat\u00fcrk Caddesi ve Millet Bah\u00e7esi 2\u2019nci Etapta K\u00fct\u00fcphane ve Et\u00fct Merkezi Kurulmas\u0131. Ayr\u0131ca Akdeniz\u2019de \u00c7ocuk ve Kad\u0131n K\u00fct\u00fcphaneleri A\u00e7\u0131lmas\u0131; R\u00f6l\u00f6ve, Restit\u00fcsyon ve Restorasyon Projesi ba\u015flayan \u00c7ankaya \u0130lkokulu\u2019nun, projelerin onaylanmas\u0131n\u0131n ard\u0131ndan Akdeniz Belediyesi taraf\u0131ndan i\u015flev kazand\u0131r\u0131lmas\u0131; Akdeniz il\u00e7esinde faaliyet g\u00f6steren ekonomik ve ticari m\u00fcesseselerle g\u00f6r\u00fc\u015fmeler yap\u0131larak il\u00e7e sakinlerinin istihdam\u0131na \u00f6ncelik verilmesi.\u201d<\/p>\n","protected":false},"excerpt":{"rendered":"<p>Akdeniz Kent Konseyi Y\u00fcr\u00fctme Kurulu toplant\u0131s\u0131 m\u00fczede ger\u00e7ekle\u015ftirildi Akdeniz Belediyesi taraf\u0131ndan vatanda\u015flara kazand\u0131r\u0131lan; kent tarihi ve haf\u0131zas\u0131na yolculuk imk\u00e2n\u0131 sunan \u0130z B\u0131rakanlar M\u00fczesi\u2019ne ziyaret\u00e7i ak\u0131n\u0131 s\u00fcrerken, kimi sivil toplum \u00f6rg\u00fctleri &hellip; <a href=\"https:\/\/akdenizolaygazetesi.com\/?p=21324\" class=\"more-link\">Devam\u0131n\u0131 Oku&#8230;<\/a><\/p>\n","protected":false},"author":2,"featured_media":21325,"comment_status":"open","ping_status":"open","sticky":false,"template":"","format":"standard","meta":[],"categories":[1,2,3,5],"tags":[],"_links":{"self":[{"href":"https:\/\/akdenizolaygazetesi.com\/index.php?rest_route=\/wp\/v2\/posts\/21324"}],"collection":[{"href":"https:\/\/akdenizolaygazetesi.com\/index.php?rest_route=\/wp\/v2\/posts"}],"about":[{"href":"https:\/\/akdenizolaygazetesi.com\/index.php?rest_route=\/wp\/v2\/types\/post"}],"author":[{"embeddable":true,"href":"https:\/\/akdenizolaygazetesi.com\/index.php?rest_route=\/wp\/v2\/users\/2"}],"replies":[{"embeddable":true,"href":"https:\/\/akdenizolaygazetesi.com\/index.php?rest_route=%2Fwp%2Fv2%2Fcomments&post=21324"}],"version-history":[{"count":1,"href":"https:\/\/akdenizolaygazetesi.com\/index.php?rest_route=\/wp\/v2\/posts\/21324\/revisions"}],"predecessor-version":[{"id":21326,"href":"https:\/\/akdenizolaygazetesi.com\/index.php?rest_route=\/wp\/v2\/posts\/21324\/revisions\/21326"}],"wp:featuredmedia":[{"embeddable":true,"href":"https:\/\/akdenizolaygazetesi.com\/index.php?rest_route=\/wp\/v2\/media\/21325"}],"wp:attachment":[{"href":"https:\/\/akdenizolaygazetesi.com\/index.php?rest_route=%2Fwp%2Fv2%2Fmedia&parent=21324"}],"wp:term":[{"taxonomy":"category","embeddable":true,"href":"https:\/\/akdenizolaygazetesi.com\/index.php?rest_route=%2Fwp%2Fv2%2Fcategories&post=21324"},{"taxonomy":"post_tag","embeddable":true,"href":"https:\/\/akdenizolaygazetesi.com\/index.php?rest_route=%2Fwp%2Fv2%2Ftags&post=21324"}],"curies":[{"name":"wp","href":"https:\/\/api.w.org\/{rel}","templated":true}]}}