{"id":21333,"date":"2022-09-30T12:53:21","date_gmt":"2022-09-30T09:53:21","guid":{"rendered":"http:\/\/akdenizolaygazetesi.com\/?p=21333"},"modified":"2022-09-30T12:53:21","modified_gmt":"2022-09-30T09:53:21","slug":"akdenizin-engelsiz-basketbolcularindan-ikinci-ligde-basari-sozu","status":"publish","type":"post","link":"https:\/\/akdenizolaygazetesi.com\/?p=21333","title":{"rendered":"AKDEN\u0130Z\u2019\u0130N ENGELS\u0130Z BASKETBOLCULARINDAN \u0130K\u0130NC\u0130 L\u0130GDE BA\u015eARI S\u00d6Z\u00dc"},"content":{"rendered":"<p>Ba\u015fkan G\u00fcltak, T\u00fcrkiye Tekerlekli Sandalye Basketbol Ligi 2022-2023 sezonunda 2\u2019nci ligde Akdeniz il\u00e7esini temsil edecek Tekerlekli Sandalye Basketbol Tak\u0131m\u0131 oyuncular\u0131n\u0131 a\u011f\u0131rlad\u0131. Akdeniz ekibi, m\u00fccadele edecekleri 2\u2019nci ligde ba\u015far\u0131l\u0131 olup \u00fcst lige \u00e7\u0131kmak i\u00e7in ellerinden gelenin en iyisini yapacaklar\u0131 s\u00f6z\u00fcn\u00fc verdi.<\/p>\n<p>Mersin Engelliler K\u00fclt\u00fcr Sanat ve Spor Kul\u00fcb\u00fc Ba\u015fkan\u0131 ve Akdeniz Engelliler Spor Kul\u00fcb\u00fc y\u00f6neticisi Ali Lay\u0131kl\u0131, ziyaretleri hakk\u0131nda yapt\u0131\u011f\u0131 k\u0131sa a\u00e7\u0131klamada, \u201cAkdeniz Belediye Spor Kul\u00fcb\u00fcm\u00fcz b\u00fcnyesine kat\u0131ld\u0131\u011f\u0131 daha ilk y\u0131l\u0131nda tak\u0131m\u0131m\u0131z, T\u00fcrkiye Engelliler Basketbol Ligi\u2019nde, \u00fc\u00e7\u00fcnc\u00fc liginden ikinci lige \u00e7\u0131km\u0131\u015ft\u0131r. Her t\u00fcrl\u00fc desteklerinden dolay\u0131 Akdeniz Belediye Ba\u015fkan\u0131m\u0131z Say\u0131n Mustafa G\u00fcltak\u2019a ile K\u00fclt\u00fcr ve Sosyal \u0130\u015fler M\u00fcd\u00fcr\u00fcm\u00fcz Say\u0131n Ali U\u00e7ar\u2019a te\u015fekk\u00fcr ediyorum\u201d dedi.<\/p>\n<p>\u201cSporcular\u0131m\u0131za her t\u00fcrl\u00fc deste\u011fi sa\u011flayaca\u011f\u0131z\u201d<\/p>\n<p>Akdeniz Belediye Ba\u015fkan\u0131 Mustafa G\u00fcltak da ziyaretleri nedeniyle sporculara te\u015fekk\u00fcr etti, yeni sezonda ba\u015far\u0131lar diledi. Ba\u015fkan G\u00fcltak; \u201cBirka\u00e7 y\u0131l \u00f6nce kendi amat\u00f6r ruhunuzla bir yerlere geldiniz. Ama bizim kul\u00fcb\u00fcm\u00fcz olduktan sonra profesyonel destek de al\u0131yorsunuz. Tabi bizler de Ali U\u00e7ar m\u00fcd\u00fcr\u00fcm\u00fcz de sizlere gerekli maddi deste\u011fi sa\u011flayaca\u011f\u0131z. Umar\u0131m iyi bir lig ge\u00e7er ve bu ligin sonunda da \u00fcst lige \u00e7\u0131kar\u0131z\u201d diye konu\u015ftu.<\/p>\n<p>\u201cY\u0131llar sonra sa\u011flad\u0131\u011f\u0131m\u0131z bar\u0131\u015f ortam\u0131 birilerini rahats\u0131z ediyor\u201d<\/p>\n<p>Ba\u015fkan G\u00fcltak, Akdeniz\u2019de y\u0131llard\u0131r ya\u015fanan sorunlar\u0131n, \u00f6zellikle de PKK ter\u00f6r\u00fc ve uyu\u015fturucunun yok edilmesinin yollar\u0131ndan birinin de spor, sanat, k\u00fclt\u00fcr ve gen\u00e7lere y\u00f6nelik e\u011fitim projeleri oldu\u011funun alt\u0131n\u0131 \u00e7izerek, s\u00f6zlerini \u015f\u00f6yle s\u00fcrd\u00fcrd\u00fc; \u201cAkdeniz\u2019de ger\u00e7ekle\u015fen de\u011fi\u015fim, d\u0131\u015f g\u00fc\u00e7lerin ve PKK\u2019n\u0131n can\u0131n\u0131 s\u0131k\u0131yor. Birileri bu d\u00f6n\u00fc\u015f\u00fcmden rahats\u0131z oluyor. \u00c7\u00fcnk\u00fc b\u00f6ylesi uzun soluklu bir bar\u0131\u015f, huzur ve karde\u015flik ortam\u0131, Akdeniz\u2019de daha \u00f6nce hi\u00e7 sa\u011flanmam\u0131\u015ft\u0131. Bu nedenle spor \u00f6nemsiyoruz ve sizlere de g\u00fcveniyoruz.\u201d<\/p>\n<p>Akdeniz ekibi, ikinci lige y\u00fckselmi\u015fti<\/p>\n<p>Akdeniz Belediye Spor Kul\u00fcb\u00fc Tekerlekli Sandalye Basketbol Tak\u0131m\u0131, 1\u2019inci Ligi\u2019nde yer alan \u00c7anakkale Bo\u011fazg\u00fcc\u00fc Engelliler Spor Kul\u00fcb\u00fc Tekerlekli Sandalye Basketbol Tak\u0131m\u0131\u2019n\u0131n, 2022-2023 sezonunda 3\u2019\u00fcnc\u00fc Lig&#8217;de faaliyetlerini s\u00fcrd\u00fcrme karar\u0131 almas\u0131 nedeniyle, 2022-2023 sezonunda 2\u2019nci Lig&#8217;de yer almaya hak kazanm\u0131\u015ft\u0131.<\/p>\n","protected":false},"excerpt":{"rendered":"<p>Ba\u015fkan G\u00fcltak, T\u00fcrkiye Tekerlekli Sandalye Basketbol Ligi 2022-2023 sezonunda 2\u2019nci ligde Akdeniz il\u00e7esini temsil edecek Tekerlekli Sandalye Basketbol Tak\u0131m\u0131 oyuncular\u0131n\u0131 a\u011f\u0131rlad\u0131. Akdeniz ekibi, m\u00fccadele edecekleri 2\u2019nci ligde ba\u015far\u0131l\u0131 olup \u00fcst &hellip; <a href=\"https:\/\/akdenizolaygazetesi.com\/?p=21333\" class=\"more-link\">Devam\u0131n\u0131 Oku&#8230;<\/a><\/p>\n","protected":false},"author":2,"featured_media":21334,"comment_status":"open","ping_status":"open","sticky":false,"template":"","format":"standard","meta":[],"categories":[3,5,9,10],"tags":[],"_links":{"self":[{"href":"https:\/\/akdenizolaygazetesi.com\/index.php?rest_route=\/wp\/v2\/posts\/21333"}],"collection":[{"href":"https:\/\/akdenizolaygazetesi.com\/index.php?rest_route=\/wp\/v2\/posts"}],"about":[{"href":"https:\/\/akdenizolaygazetesi.com\/index.php?rest_route=\/wp\/v2\/types\/post"}],"author":[{"embeddable":true,"href":"https:\/\/akdenizolaygazetesi.com\/index.php?rest_route=\/wp\/v2\/users\/2"}],"replies":[{"embeddable":true,"href":"https:\/\/akdenizolaygazetesi.com\/index.php?rest_route=%2Fwp%2Fv2%2Fcomments&post=21333"}],"version-history":[{"count":1,"href":"https:\/\/akdenizolaygazetesi.com\/index.php?rest_route=\/wp\/v2\/posts\/21333\/revisions"}],"predecessor-version":[{"id":21335,"href":"https:\/\/akdenizolaygazetesi.com\/index.php?rest_route=\/wp\/v2\/posts\/21333\/revisions\/21335"}],"wp:featuredmedia":[{"embeddable":true,"href":"https:\/\/akdenizolaygazetesi.com\/index.php?rest_route=\/wp\/v2\/media\/21334"}],"wp:attachment":[{"href":"https:\/\/akdenizolaygazetesi.com\/index.php?rest_route=%2Fwp%2Fv2%2Fmedia&parent=21333"}],"wp:term":[{"taxonomy":"category","embeddable":true,"href":"https:\/\/akdenizolaygazetesi.com\/index.php?rest_route=%2Fwp%2Fv2%2Fcategories&post=21333"},{"taxonomy":"post_tag","embeddable":true,"href":"https:\/\/akdenizolaygazetesi.com\/index.php?rest_route=%2Fwp%2Fv2%2Ftags&post=21333"}],"curies":[{"name":"wp","href":"https:\/\/api.w.org\/{rel}","templated":true}]}}