{"id":21336,"date":"2022-09-30T12:55:54","date_gmt":"2022-09-30T09:55:54","guid":{"rendered":"http:\/\/akdenizolaygazetesi.com\/?p=21336"},"modified":"2022-09-30T12:55:54","modified_gmt":"2022-09-30T09:55:54","slug":"minik-dunyalarini-resimle-kagida-doktuler","status":"publish","type":"post","link":"https:\/\/akdenizolaygazetesi.com\/?p=21336","title":{"rendered":"Minik D\u00fcnyalar\u0131n\u0131 Resimle Ka\u011f\u0131da D\u00f6kt\u00fcler"},"content":{"rendered":"<p>Mersin B\u00fcy\u00fck\u015fehir Belediyesi\u2019ne ba\u011fl\u0131 M\u00fcnir \u00d6zkul ve Adile Teyze \u00c7ocuk Geli\u015fim Merkezleri\u2019nde e\u011fitim g\u00f6ren minikler, Sanat\u00e7\u0131 Onay Akba\u015f\u2019\u0131n \u2018\u00c7izgi: Bir U\u00e7tan \u00d6b\u00fcr Uca\u2019 isimli ki\u015fisel resim sergisini gezdi. Kre\u015f \u00f6\u011frencileri hem resimleri yorumlad\u0131, hem de sergi gezisinin ard\u0131ndan kendi boya kalemleriyle tablolar\u0131n \u00f6n\u00fcnde hayal d\u00fcnyalar\u0131n\u0131 k\u00e2\u011f\u0131da d\u00f6kt\u00fc. Yeni\u015fehir Belediyesi Ahmet Ye\u015fil Sanat Galerisi\u2019nde yer alan Onay Akba\u015f\u2019\u0131n \u2018\u00c7izgi: Bir U\u00e7tan \u00d6b\u00fcr Uca\u2019 isimli ki\u015fisel resim sergisini gezen minikler, sergiden mutlu ayr\u0131ld\u0131.<\/p>\n<p>Mersin B\u00fcy\u00fck\u015fehir Belediyesi Kad\u0131n ve Aile Hizmetleri Dairesi Ba\u015fkanl\u0131\u011f\u0131 b\u00fcnyesindeki \u00c7ocuk Geli\u015fim Merkezleri\u2019nin E\u011fitim Koordinat\u00f6r\u00fc \u00d6zlem Tan\u0131\u015f\u0131k, Ahmet Ye\u015fil Sanat Galerisi Koordinat\u00f6r\u00fc Nida Karaytu\u011f Mert ve kre\u015f \u00f6\u011fretmenleri e\u015fli\u011finde sergiyi gezen minikler, tablolara b\u00fcy\u00fck ilgi g\u00f6sterdi.  Nida Karaytu\u011f Mert, \u00f6\u011frencilere resimleri yorumlad\u0131 ve onlardan da yorumlar ald\u0131. \u00c7ocuklar Sanat Galerisi\u2019nde yerdeki minderlere oturup, rengarenk pastel boyalar ile kendi hayal d\u00fcnyalar\u0131n\u0131 da resmetti.<\/p>\n<p>\u201c\u00c7ocuklar\u0131n, sanatla kendilerini ifade etmelerine f\u0131rsat veriyoruz\u201d<\/p>\n<p>B\u00fcy\u00fck\u015fehir Belediyesi Kad\u0131n ve Aile Hizmetleri Dairesi Ba\u015fkanl\u0131\u011f\u0131 b\u00fcnyesindeki \u00c7ocuk Geli\u015fim Merkezleri\u2019nin E\u011fitim Koordinat\u00f6r\u00fc \u00d6zlem Tan\u0131\u015f\u0131k, \u201c\u00c7ocuklar\u0131m\u0131z bizimle bulu\u015ftu\u011fu ilk andan itibaren onlar\u0131n sanatla duygular\u0131n\u0131, kendilerini ifade etmelerine f\u0131rsat veriyoruz. Bu do\u011frultuda bug\u00fcn Onay Akba\u015f sergisinde \u00e7ocuklar\u0131m\u0131zla birlikte sergiyi dola\u015f\u0131yoruz. Ard\u0131ndan da kendi yorumlar\u0131n\u0131 katarak, kendi resimlerini olu\u015fturmu\u015f olacaklar. Bu s\u0131rada kendi duygu ge\u00e7i\u015flerini de ifade etmi\u015f olacaklar. M\u00fcmk\u00fcn oldu\u011funca onlar\u0131 sergilerle bulu\u015fturmaya devam edece\u011fiz.  Sanat\u0131n, \u00e7ocuklar\u0131n duygu ve d\u00fc\u015f\u00fcncelerini, kendilerini \u00f6zg\u00fcn bir \u015fekilde ifade etmelerinin en iyi yolu oldu\u011funu d\u00fc\u015f\u00fcn\u00fcp, bu konuda \u00e7ocuklar\u0131m\u0131z\u0131 desteklemeye devam edece\u011fiz\u201d dedi.<\/p>\n<p>\u201cResimleri, onlar\u0131n anlayaca\u011f\u0131 dilde anlat\u0131yoruz\u201d<\/p>\n<p>Ahmet Ye\u015fil Sanat Galerisi Koordinat\u00f6r\u00fc Nida Karaytu\u011f Mert ise, \u201c\u015eu anda bulunmu\u015f oldu\u011fumuz mekanda sanat\u00e7\u0131 Onay Akba\u015f\u2019\u0131n sergisi bulunuyor. Bu ya\u015f grubu olduk\u00e7a k\u00fc\u00e7\u00fck bir ya\u015f grubu. Renklerle \u00e7ocuklar her zaman ha\u015f\u0131r ne\u015firdir. Anlatm\u0131\u015f oldu\u011fumuz resimlerin altyap\u0131s\u0131n\u0131, onlar\u0131n anlayaca\u011f\u0131 dilde anlatarak, etkilerinde kald\u0131\u011f\u0131 resimleri de kendi yapt\u0131klar\u0131 resimlerle ifade etmeye \u00e7al\u0131\u015f\u0131yorlar. \u00c7ocuklar zaten \u00e7ok dinamik, merakl\u0131 canl\u0131lar\u201d diye konu\u015ftu.<\/p>\n<p>Minikler sergiyi \u00e7ok sevdi<\/p>\n<p>Miniklerden Metehan G\u00fcnay, \u201cResim yapmay\u0131 seviyorum. Boya yapaca\u011f\u0131m. Maymun yapaca\u011f\u0131m, ku\u015f yapaca\u011f\u0131m\u201d dedi. Miniklerden Kumsal G\u00f6\u00e7men ise, \u201cKu\u015f, bayku\u015f ve kalp g\u00f6rd\u00fcm. Resim yapmay\u0131 seviyorum\u201d diye konu\u015ftu.<\/p>\n","protected":false},"excerpt":{"rendered":"<p>Mersin B\u00fcy\u00fck\u015fehir Belediyesi\u2019ne ba\u011fl\u0131 M\u00fcnir \u00d6zkul ve Adile Teyze \u00c7ocuk Geli\u015fim Merkezleri\u2019nde e\u011fitim g\u00f6ren minikler, Sanat\u00e7\u0131 Onay Akba\u015f\u2019\u0131n \u2018\u00c7izgi: Bir U\u00e7tan \u00d6b\u00fcr Uca\u2019 isimli ki\u015fisel resim sergisini gezdi. Kre\u015f \u00f6\u011frencileri &hellip; <a href=\"https:\/\/akdenizolaygazetesi.com\/?p=21336\" class=\"more-link\">Devam\u0131n\u0131 Oku&#8230;<\/a><\/p>\n","protected":false},"author":2,"featured_media":21337,"comment_status":"open","ping_status":"open","sticky":false,"template":"","format":"standard","meta":[],"categories":[2,3],"tags":[],"_links":{"self":[{"href":"https:\/\/akdenizolaygazetesi.com\/index.php?rest_route=\/wp\/v2\/posts\/21336"}],"collection":[{"href":"https:\/\/akdenizolaygazetesi.com\/index.php?rest_route=\/wp\/v2\/posts"}],"about":[{"href":"https:\/\/akdenizolaygazetesi.com\/index.php?rest_route=\/wp\/v2\/types\/post"}],"author":[{"embeddable":true,"href":"https:\/\/akdenizolaygazetesi.com\/index.php?rest_route=\/wp\/v2\/users\/2"}],"replies":[{"embeddable":true,"href":"https:\/\/akdenizolaygazetesi.com\/index.php?rest_route=%2Fwp%2Fv2%2Fcomments&post=21336"}],"version-history":[{"count":1,"href":"https:\/\/akdenizolaygazetesi.com\/index.php?rest_route=\/wp\/v2\/posts\/21336\/revisions"}],"predecessor-version":[{"id":21338,"href":"https:\/\/akdenizolaygazetesi.com\/index.php?rest_route=\/wp\/v2\/posts\/21336\/revisions\/21338"}],"wp:featuredmedia":[{"embeddable":true,"href":"https:\/\/akdenizolaygazetesi.com\/index.php?rest_route=\/wp\/v2\/media\/21337"}],"wp:attachment":[{"href":"https:\/\/akdenizolaygazetesi.com\/index.php?rest_route=%2Fwp%2Fv2%2Fmedia&parent=21336"}],"wp:term":[{"taxonomy":"category","embeddable":true,"href":"https:\/\/akdenizolaygazetesi.com\/index.php?rest_route=%2Fwp%2Fv2%2Fcategories&post=21336"},{"taxonomy":"post_tag","embeddable":true,"href":"https:\/\/akdenizolaygazetesi.com\/index.php?rest_route=%2Fwp%2Fv2%2Ftags&post=21336"}],"curies":[{"name":"wp","href":"https:\/\/api.w.org\/{rel}","templated":true}]}}