{"id":21342,"date":"2022-09-30T13:00:19","date_gmt":"2022-09-30T10:00:19","guid":{"rendered":"http:\/\/akdenizolaygazetesi.com\/?p=21342"},"modified":"2022-09-30T13:00:19","modified_gmt":"2022-09-30T10:00:19","slug":"baskan-abdullah-ozyigit-ikinci-betem-icin-imzayi-atti","status":"publish","type":"post","link":"https:\/\/akdenizolaygazetesi.com\/?p=21342","title":{"rendered":"Ba\u015fkan Abdullah \u00d6zyi\u011fit, ikinci BETEM i\u00e7in imzay\u0131 att\u0131"},"content":{"rendered":"<p>Yeni\u015fehir Belediyesinin, T\u00fcrkiye\u2019de bir ilke imza atarak hayata ge\u00e7irdi\u011fi Erken \u00c7ocukluk Geli\u015fimi Projesi; Yeni\u015fehir Modeli\u2019nin basamaklar\u0131ndan biri olan Beceri Temelli E\u011fitim Merkezi(BETEM)\u2019nin ikincisi yap\u0131lacak. BETEM\u2019in in\u015fas\u0131 Yeni\u015fehir Belediye Ba\u015fkan\u0131 Abdullah \u00d6zyi\u011fit ve G\u00fcrsoy Grup Y\u00f6netim Kurulu Ba\u015fkan\u0131 Alper G\u00fcrsoy aras\u0131nda i\u015f birli\u011fi protokol\u00fc imzaland\u0131.<br \/>\nYeni\u015fehir Belediyesi, Erken \u00c7ocukluk Geli\u015fimi Projesi; Yeni\u015fehir Modeli kapsam\u0131nda daha fazla \u00e7ocu\u011fa ula\u015fmak i\u00e7in \u00e7al\u0131\u015fmalar\u0131n\u0131 s\u00fcrd\u00fcr\u00fcyor. Ge\u00e7ti\u011fimiz y\u0131l Fuat Morel Mahallesi\u2019nde hizmete a\u00e7t\u0131\u011f\u0131 Beceri Temelli E\u011fitim Merkezi ile 3-6 ya\u015f aras\u0131ndaki \u00e7ocuklara zenginle\u015ftirilmi\u015f ve bireysel bir e\u011fitim program\u0131 uygulayan Yeni\u015fehir Belediyesi, \u00e7ocuklar\u0131n geli\u015fimine katk\u0131 sunmaya devam ediyor. Yeni\u015fehir Belediyesi, Marmara \u00dcniversitesinin akademik dan\u0131\u015fmanl\u0131\u011f\u0131nda BETEM\u2019de hareket, sanat, bilim, drama, m\u00fczik ve tasar\u0131m at\u00f6lyeleriyle \u00e7ocuklar\u0131n var olan potansiyellerini ortaya \u00e7\u0131karan bir e\u011fitim modelini hayata ge\u00e7irmi\u015fti.\u0130n\u015faat\u0131 k\u0131sa s\u00fcrede ba\u015flayacakYeni\u015fehir Belediyesi, \u00a0Fuat Morel Mahallesi\u2019nden sonra \u015fimdi de Mente\u015f Mahallesi\u2019nde Beceri Temelli E\u011fitim Merkezi yapacak. BETEM\u2019in in\u015faat\u0131n\u0131 ise Mersinli hay\u0131rsever i\u015f insan\u0131 G\u00fcrsoy Grup Y\u00f6netim Kurulu Ba\u015fkan\u0131 Alper G\u00fcrsoy \u00fcstlendi. Yeni\u015fehir Belediye Ba\u015fkan\u0131 Abdullah \u00d6zyi\u011fitve Alper G\u00fcrsoy Aras\u0131nda imzalanan protokolle ikinci BETEM\u2019in temeli k\u0131sa s\u00fcrede at\u0131lacak.Ba\u015fkan \u00d6zyi\u011fit, \u201c\u0130kinci BETEM \u015fimdiden \u00e7ocuklar\u0131m\u0131za hay\u0131rl\u0131 olsun\u201dDaha \u00e7ok \u00e7ocu\u011fa ula\u015fmalar\u0131 gerekti\u011fini s\u00f6yleyen Yeni\u015fehir Belediye Ba\u015fkan\u0131 Abdullah \u00d6zyi\u011fit, \u201c3-6 ya\u015f \u00e7ocuklar\u0131m\u0131za y\u00f6nelik Beceri Temelli E\u011fitim Merkezi yapmak i\u00e7in imza att\u0131k. K\u0131ymetli dostum Alper G\u00fcrsoy\u2019a, Mersin\u2019den kazand\u0131\u011f\u0131n\u0131 yine Mersin halk\u0131na hizmet noktas\u0131nda toplumsal duyarl\u0131l\u0131k g\u00f6sterdi\u011fi i\u00e7in te\u015fekk\u00fcr ediyorum. \u00d6zellikle Yeni\u015fehir Belediyemizin Erken \u00c7ocukluk Geli\u015fimi Projemizin \u00f6nemli bir basama\u011f\u0131 olan BETEM\u2019in yap\u0131m\u0131na sa\u011flad\u0131\u011f\u0131 bu destek \u00e7ok k\u0131ymetli. Ge\u00e7ti\u011fimiz y\u0131l a\u00e7t\u0131\u011f\u0131m\u0131z BETEM\u2019de \u00e7ocuklar\u0131m\u0131za bilimsel yakla\u015f\u0131mla farkl\u0131 bir e\u011fitim program\u0131 uygulad\u0131k. Ve \u00e7ok iyi sonu\u00e7lar ald\u0131k. Ama yetmez daha \u00e7ok \u00e7ocu\u011fumuza ula\u015fmal\u0131y\u0131z, bu sorumluluk bizim. \u0130kinci BETEM \u015fimdiden \u00e7ocuklar\u0131m\u0131za hay\u0131rl\u0131 olsun.\u201d\u00a0\u0130fadelerini kulland\u0131.G\u00fcrsoy, \u201cKentimize yak\u0131\u015fan bir merkezi hayata ge\u00e7irece\u011fiz\u201dHay\u0131rsever i\u015f insan\u0131 Alper G\u00fcrsoy ise\u00a0\u201cYeni\u015fehir, Mersin\u2019in en g\u00fczel il\u00e7elerinden biri. \u0130nan\u0131yorum ki kentimize yak\u0131\u015fan bir merkezi hayata ge\u00e7irece\u011fiz. Gayretlerinden dolay\u0131 Ba\u015fkan\u0131m\u0131za te\u015fekk\u00fcr ediyorum.\u201d\u00a0diye konu\u015ftu.<\/p>\n","protected":false},"excerpt":{"rendered":"<p>Yeni\u015fehir Belediyesinin, T\u00fcrkiye\u2019de bir ilke imza atarak hayata ge\u00e7irdi\u011fi Erken \u00c7ocukluk Geli\u015fimi Projesi; Yeni\u015fehir Modeli\u2019nin basamaklar\u0131ndan biri olan Beceri Temelli E\u011fitim Merkezi(BETEM)\u2019nin ikincisi yap\u0131lacak. BETEM\u2019in in\u015fas\u0131 Yeni\u015fehir Belediye Ba\u015fkan\u0131 Abdullah &hellip; <a href=\"https:\/\/akdenizolaygazetesi.com\/?p=21342\" class=\"more-link\">Devam\u0131n\u0131 Oku&#8230;<\/a><\/p>\n","protected":false},"author":2,"featured_media":21343,"comment_status":"open","ping_status":"open","sticky":false,"template":"","format":"standard","meta":[],"categories":[2,3,5],"tags":[],"_links":{"self":[{"href":"https:\/\/akdenizolaygazetesi.com\/index.php?rest_route=\/wp\/v2\/posts\/21342"}],"collection":[{"href":"https:\/\/akdenizolaygazetesi.com\/index.php?rest_route=\/wp\/v2\/posts"}],"about":[{"href":"https:\/\/akdenizolaygazetesi.com\/index.php?rest_route=\/wp\/v2\/types\/post"}],"author":[{"embeddable":true,"href":"https:\/\/akdenizolaygazetesi.com\/index.php?rest_route=\/wp\/v2\/users\/2"}],"replies":[{"embeddable":true,"href":"https:\/\/akdenizolaygazetesi.com\/index.php?rest_route=%2Fwp%2Fv2%2Fcomments&post=21342"}],"version-history":[{"count":1,"href":"https:\/\/akdenizolaygazetesi.com\/index.php?rest_route=\/wp\/v2\/posts\/21342\/revisions"}],"predecessor-version":[{"id":21344,"href":"https:\/\/akdenizolaygazetesi.com\/index.php?rest_route=\/wp\/v2\/posts\/21342\/revisions\/21344"}],"wp:featuredmedia":[{"embeddable":true,"href":"https:\/\/akdenizolaygazetesi.com\/index.php?rest_route=\/wp\/v2\/media\/21343"}],"wp:attachment":[{"href":"https:\/\/akdenizolaygazetesi.com\/index.php?rest_route=%2Fwp%2Fv2%2Fmedia&parent=21342"}],"wp:term":[{"taxonomy":"category","embeddable":true,"href":"https:\/\/akdenizolaygazetesi.com\/index.php?rest_route=%2Fwp%2Fv2%2Fcategories&post=21342"},{"taxonomy":"post_tag","embeddable":true,"href":"https:\/\/akdenizolaygazetesi.com\/index.php?rest_route=%2Fwp%2Fv2%2Ftags&post=21342"}],"curies":[{"name":"wp","href":"https:\/\/api.w.org\/{rel}","templated":true}]}}