{"id":21345,"date":"2022-09-30T13:05:43","date_gmt":"2022-09-30T10:05:43","guid":{"rendered":"http:\/\/akdenizolaygazetesi.com\/?p=21345"},"modified":"2022-09-30T13:05:43","modified_gmt":"2022-09-30T10:05:43","slug":"secer-secimler-yaklasirken-kurumlari-korkutma-araci-ve-iktidarin-sopasi-haline-getirmek-istiyorlar","status":"publish","type":"post","link":"https:\/\/akdenizolaygazetesi.com\/?p=21345","title":{"rendered":"Se\u00e7er: \u201cSe\u00e7imler yakla\u015f\u0131rken, kurumlar\u0131 \u2018korkutma arac\u0131\u2019 ve \u2018iktidar\u0131n sopas\u0131\u2019 haline getirmek istiyorlar\u201d"},"content":{"rendered":"<p> Mersin B\u00fcy\u00fck\u015fehir Belediye Ba\u015fkan\u0131 Vahap Se\u00e7er, se\u00e7imler yakla\u015f\u0131rken kurumlar\u0131 \u2018korkutma arac\u0131\u2019 ve \u2018iktidar\u0131n sopas\u0131\u2019 haline getirmek istediklerini, bu nedenle Mersin B\u00fcy\u00fck\u015fehir Belediyesi\u2019ne bilin\u00e7li ve \u0131srarl\u0131 bir alg\u0131 operasyonunun s\u00fcrd\u00fcr\u00fclmekte oldu\u011funu vurgulad\u0131.<br \/>\nMersin B\u00fcy\u00fck\u015fehir Belediye Ba\u015fkan\u0131 Vahap Se\u00e7er\u2019in kamuoyuna a\u00e7\u0131klamas\u0131d\u0131r.<br \/>\n\u201cDe\u011ferli vatanda\u015flar\u0131m;<\/p>\n<p>Kentimizde meydana gelen ter\u00f6r sald\u0131r\u0131s\u0131nda \u015fehit olan polisimize Allah\u2019tan rahmet, yaral\u0131 polisimize ve vatanda\u015flar\u0131m\u0131za acil \u015fifalar diliyorum. Ter\u00f6r sald\u0131r\u0131s\u0131n\u0131, destekleyenleri ve medet umanlar\u0131 bir kez daha lanetliyorum!<\/p>\n<p>Mersin B\u00fcy\u00fck\u015fehir Belediyesi yasalar \u00e7er\u00e7evesinde, adli sicil kayd\u0131 temiz, \u0130\u00e7i\u015fleri Bakanl\u0131\u011f\u0131\u2019n\u0131n sorumlulu\u011funda olan g\u00fcvenlik soru\u015fturmas\u0131 ve ar\u015fiv ara\u015ft\u0131rmas\u0131 kapsam\u0131nda istihdam edilen 11 bin \u00e7al\u0131\u015fan\u0131yla Mersin halk\u0131na hizmet etmektedir.<\/p>\n<p>Bir s\u00fcredir malum \u00e7evreler taraf\u0131ndan, Belediyemizle ter\u00f6r \u00f6rg\u00fctleri aras\u0131nda ba\u011f kurmaya y\u00f6nelik; iftiralar, \u00e7e\u015fitli senaryolar ve karalama kampanyalar\u0131 ile bilin\u00e7li ve \u0131srarl\u0131 bir alg\u0131 operasyonu s\u00fcrd\u00fcr\u00fclmektedir.<\/p>\n<p>Hukuk ile ba\u011fda\u015fmayacak y\u00f6ntemlerle devletimizin kurumlar\u0131 eliyle belediyemiz \u00e7al\u0131\u015fanlar\u0131na y\u00f6nelik operasyonlar yap\u0131lmakta, hem \u00e7al\u0131\u015fanlar\u0131m\u0131za hem de belediyemize y\u00f6nelik itibar suikastlar\u0131 sahnelenmektedir.<\/p>\n<p>Mersin\u2019deki ter\u00f6r sald\u0131r\u0131s\u0131n\u0131n hemen ard\u0131ndan yap\u0131lan operasyonlarda, biri daire ba\u015fkan\u0131 olmak \u00fczere \u00e7al\u0131\u015fanlar\u0131m\u0131z da devletin resmi televizyon kanal\u0131n\u0131n kameralar\u0131 e\u015fli\u011finde g\u00f6zalt\u0131na al\u0131nm\u0131\u015f, g\u00f6r\u00fcnt\u00fcler baz\u0131 medya organlar\u0131na servis edilerek sanki ter\u00f6r eylemiyle belediyemizin ili\u015fkisi oldu\u011fu alg\u0131s\u0131 yarat\u0131lmak istenmi\u015ftir.<\/p>\n<p>Yarat\u0131lmak istenen bu ortamda, ter\u00f6r sald\u0131r\u0131s\u0131yla ilgisi olmayan ba\u015fka bir soru\u015fturma kapsam\u0131nda daire ba\u015fkan\u0131m\u0131z hakk\u0131nda tutuklama karar\u0131 verilmi\u015ftir.<\/p>\n<p>Bu ya\u015fananlar\u0131n belediyemizi ve belediye \u00e7al\u0131\u015fanlar\u0131n\u0131 kentimizde ger\u00e7ekle\u015fen ter\u00f6r sald\u0131r\u0131s\u0131yla ili\u015fkilendirme gayreti oldu\u011fu apa\u00e7\u0131k ortadad\u0131r. Bunu kesinlikle reddediyoruz!<\/p>\n<p>Genel se\u00e7imler yakla\u015f\u0131rken T\u00fcrkiye\u2019de yarat\u0131lmak istenen siyasete ili\u015fkin alg\u0131 y\u00f6netimlerine Mersin\u2019in ve belediyemizin alet edilmesine izin vermeyece\u011fiz!<\/p>\n<p>Belediyemizin hizmetleri kaynaklar\u0131 israf etmeden, ayr\u0131mc\u0131l\u0131k yapmadan, kaliteli ve etkin, b\u00fct\u00fcn engellemelere ra\u011fmen h\u0131z kesmeden devam edecektir.<\/p>\n<p>Bu s\u00fcre\u00e7te; siyasi iradenin g\u00fcc\u00fcn\u00fc kullanarak, devletimizin kurumlar\u0131n\u0131 \u201ckorkutma arac\u0131\u201d ve \u201ciktidar\u0131n sopas\u0131\u201d haline getirmek isteyenlerin t\u00fcm \u00e7abalar\u0131na ra\u011fmen belediyemiz hakk\u0131n\u0131, hukukunu ve sayg\u0131nl\u0131\u011f\u0131n\u0131 koruyacakt\u0131r.<\/p>\n<p>Y\u00fcrekten inan\u0131yorum ki, Mersinliler Mersin\u2019e sahip \u00e7\u0131kacakt\u0131r!\u201d<\/p>\n","protected":false},"excerpt":{"rendered":"<p>Mersin B\u00fcy\u00fck\u015fehir Belediye Ba\u015fkan\u0131 Vahap Se\u00e7er, se\u00e7imler yakla\u015f\u0131rken kurumlar\u0131 \u2018korkutma arac\u0131\u2019 ve \u2018iktidar\u0131n sopas\u0131\u2019 haline getirmek istediklerini, bu nedenle Mersin B\u00fcy\u00fck\u015fehir Belediyesi\u2019ne bilin\u00e7li ve \u0131srarl\u0131 bir alg\u0131 operasyonunun s\u00fcrd\u00fcr\u00fclmekte oldu\u011funu &hellip; <a href=\"https:\/\/akdenizolaygazetesi.com\/?p=21345\" class=\"more-link\">Devam\u0131n\u0131 Oku&#8230;<\/a><\/p>\n","protected":false},"author":2,"featured_media":21346,"comment_status":"open","ping_status":"open","sticky":false,"template":"","format":"standard","meta":[],"categories":[2,3,5],"tags":[],"_links":{"self":[{"href":"https:\/\/akdenizolaygazetesi.com\/index.php?rest_route=\/wp\/v2\/posts\/21345"}],"collection":[{"href":"https:\/\/akdenizolaygazetesi.com\/index.php?rest_route=\/wp\/v2\/posts"}],"about":[{"href":"https:\/\/akdenizolaygazetesi.com\/index.php?rest_route=\/wp\/v2\/types\/post"}],"author":[{"embeddable":true,"href":"https:\/\/akdenizolaygazetesi.com\/index.php?rest_route=\/wp\/v2\/users\/2"}],"replies":[{"embeddable":true,"href":"https:\/\/akdenizolaygazetesi.com\/index.php?rest_route=%2Fwp%2Fv2%2Fcomments&post=21345"}],"version-history":[{"count":1,"href":"https:\/\/akdenizolaygazetesi.com\/index.php?rest_route=\/wp\/v2\/posts\/21345\/revisions"}],"predecessor-version":[{"id":21347,"href":"https:\/\/akdenizolaygazetesi.com\/index.php?rest_route=\/wp\/v2\/posts\/21345\/revisions\/21347"}],"wp:featuredmedia":[{"embeddable":true,"href":"https:\/\/akdenizolaygazetesi.com\/index.php?rest_route=\/wp\/v2\/media\/21346"}],"wp:attachment":[{"href":"https:\/\/akdenizolaygazetesi.com\/index.php?rest_route=%2Fwp%2Fv2%2Fmedia&parent=21345"}],"wp:term":[{"taxonomy":"category","embeddable":true,"href":"https:\/\/akdenizolaygazetesi.com\/index.php?rest_route=%2Fwp%2Fv2%2Fcategories&post=21345"},{"taxonomy":"post_tag","embeddable":true,"href":"https:\/\/akdenizolaygazetesi.com\/index.php?rest_route=%2Fwp%2Fv2%2Ftags&post=21345"}],"curies":[{"name":"wp","href":"https:\/\/api.w.org\/{rel}","templated":true}]}}