{"id":21348,"date":"2022-10-01T16:48:32","date_gmt":"2022-10-01T13:48:32","guid":{"rendered":"http:\/\/akdenizolaygazetesi.com\/?p=21348"},"modified":"2022-10-01T16:48:32","modified_gmt":"2022-10-01T13:48:32","slug":"baskan-secer-18-cadde-alt-gecit-projesini-yerinde-inceledi","status":"publish","type":"post","link":"https:\/\/akdenizolaygazetesi.com\/?p=21348","title":{"rendered":"BA\u015eKAN SE\u00c7ER, &#8217;18. CADDE ALT GE\u00c7\u0130T PROJES\u0130&#8217;N\u0130 YER\u0130NDE \u0130NCELED\u0130"},"content":{"rendered":"<p>Mersin B\u00fcy\u00fck\u015fehir Belediye Ba\u015fkan\u0131 Vahap Se\u00e7er, Yol Yap\u0131m Bak\u0131m ve Onar\u0131m Dairesi Ba\u015fkanl\u0131\u011f\u0131 taraf\u0131ndan \u00e7al\u0131\u015fmalar\u0131 devam eden &#8217;18. Cadde (Dikenliyol) Alt Ge\u00e7it Projesi&#8217;nde incelemelerde bulundu, \u00e7al\u0131\u015fmalar hakk\u0131nda yetkililerden bilgi ald\u0131.<\/p>\n<p>% 53&#8217;\u00fc tamamlanan projenin, 75 g\u00fcnde tamamlanmas\u0131 planlan\u0131yor ve \u00e7al\u0131\u015fmalar h\u0131zla devam ediyor. Gidi\u015f ve geli\u015f olmak \u00fczere iki y\u00f6nl\u00fc tasarlanan proje 11 metre y\u00fcksekli\u011fiyle, Mersin s\u0131n\u0131rlar\u0131 i\u00e7erisinde bug\u00fcne kadar yap\u0131lan en derin alt ge\u00e7it projesi olma \u00f6zelli\u011fi ta\u015f\u0131yor.<\/p>\n<p>2. \u00c7evre Yolu \u00fczeri G\u00fcney-Kuzey aks\u0131ndaki ilk alt ge\u00e7it<\/p>\n<p>Ba\u015fkan Se\u00e7er&#8217;e inceleme esnas\u0131nda; Mersin B\u00fcy\u00fck\u015fehir Belediyesi Genel Sekreteri Olcay Tok, Yol Yap\u0131m Bak\u0131m ve Onar\u0131m Dairesi Ba\u015fkan\u0131 Suat Ba\u011fr\u0131a\u00e7\u0131k ve teknik ekip e\u015flik etti.<\/p>\n<p>Ba\u015fkan Se\u00e7er \u00e7al\u0131\u015fmalar hakk\u0131nda yapt\u0131\u011f\u0131 a\u00e7\u0131klamada, &#8220;Buras\u0131 2. \u00c7evre Yolu \u00fczerindeki, G\u00fcney-Kuzey aks\u0131ndaki ilk k\u00f6pr\u00fcl\u00fc kav\u015fa\u011f\u0131 olacak ya da alt ge\u00e7idi olacak. Yine bir ilk; 11 metre derinli\u011finde bir t\u00fcnel olacak. Kapal\u0131 kesitin boyu 56 metre, toplam uzunlu\u011fu 636 metre olacak. Bu \u00e7al\u0131\u015fmaya 8 A\u011fustos&#8217;ta ba\u015flad\u0131k ve Ekim&#8217;in sonunda hizmete a\u00e7may\u0131 planl\u0131yoruz&#8221; dedi.<\/p>\n<p>Projenin hayata ge\u00e7mesiyle birlikte, b\u00f6lgeye do\u011fru olan trafik y\u00fck\u00fcn\u00fcn azalaca\u011f\u0131n\u0131 ifade eden Ba\u015fkan Se\u00e7er, &#8220;Bunun bitmesi ile beraber GMK&#8217;da bu b\u00f6lgeye akan trafik y\u00fck\u00fcn\u00fc, Okan Merzeci Bulvar\u0131&#8217;n\u0131n alt\u0131ndan bu ge\u00e7i\u015f vas\u0131tas\u0131yla ge\u00e7irerek 3. \u00c7evre Yolu&#8217;na \u00e7ok daha rahat, \u00e7ok daha s\u00fcratli ve etkin bir \u015fekilde aktarma imk\u00e2n\u0131 bulaca\u011f\u0131z. Di\u011fer taraftan da, daha \u00f6nce yapt\u0131\u011f\u0131m\u0131z Sevgi Katl\u0131 Kav\u015fa\u011f\u0131 ile Demokrasi Kav\u015fa\u011f\u0131&#8217;na binen y\u00fck\u00fc azaltm\u0131\u015f olaca\u011f\u0131z. \u00c7\u00fcnk\u00fc, o b\u00f6lgeden gelen ara\u00e7lar daha \u00e7ok ya Sevgi Katl\u0131 Kav\u015fa\u011f\u0131&#8217;ndan d\u00f6n\u00fc\u015f yap\u0131yorlard\u0131, ya da Demokrasi Katl\u0131 Kav\u015fa\u011f\u0131&#8217;n\u0131 me\u015fgul ediyorlard\u0131. \u015eimdi o y\u00fck\u00fc de kald\u0131rm\u0131\u015f olaca\u011f\u0131z&#8221; diye konu\u015ftu.<\/p>\n<p>&#8220;2. \u00c7evre Yolu&#8217;nda trafi\u011fi daha ak\u0131c\u0131 hale getirece\u011fiz&#8221;<\/p>\n<p>\u00c7al\u0131\u015fma esnas\u0131nda yine bir ilki ger\u00e7ekle\u015ftirerek, di\u011fer kurumlar\u0131n altyap\u0131 \u00e7al\u0131\u015fmalar\u0131na zarar vermediklerini kaydeden Ba\u015fkan Se\u00e7er, &#8220;Yakla\u015f\u0131k 70 milyon lira maliyetli bu \u00e7al\u0131\u015fma esnas\u0131nda di\u011fer kurumlar\u0131n hatlar\u0131, i\u00e7me suyu hatlar\u0131, do\u011falgaz hatlar\u0131 ile ilgili bir deplase \u00e7al\u0131\u015fmas\u0131 yapmad\u0131k. Onlar\u0131 ask\u0131ya alarak alttan delgi ile bu i\u015fi \u00e7\u00f6zm\u00fc\u015f olduk. B\u00f6ylece hem ilave bir i\u015fe gerek kalmad\u0131, hem de bu kurumlar\u0131n hizmetinde bir aksamaya neden olmad\u0131. Yolumuz da zaten Kuzey- G\u00fcney aks\u0131nda gidi\u015f-geli\u015f olacak. Bu \u00e7al\u0131\u015fma bittikten sonra da, Be\u015fyol&#8217;u Kuzey-G\u00fcney aks\u0131nda trafi\u011fe kapataca\u011f\u0131z ve orada da seri bir trafik ak\u0131\u015f\u0131 sa\u011flam\u0131\u015f olaca\u011f\u0131z&#8221; ifadelerini kulland\u0131.<\/p>\n","protected":false},"excerpt":{"rendered":"<p>Mersin B\u00fcy\u00fck\u015fehir Belediye Ba\u015fkan\u0131 Vahap Se\u00e7er, Yol Yap\u0131m Bak\u0131m ve Onar\u0131m Dairesi Ba\u015fkanl\u0131\u011f\u0131 taraf\u0131ndan \u00e7al\u0131\u015fmalar\u0131 devam eden &#8217;18. Cadde (Dikenliyol) Alt Ge\u00e7it Projesi&#8217;nde incelemelerde bulundu, \u00e7al\u0131\u015fmalar hakk\u0131nda yetkililerden bilgi ald\u0131. &hellip; <a href=\"https:\/\/akdenizolaygazetesi.com\/?p=21348\" class=\"more-link\">Devam\u0131n\u0131 Oku&#8230;<\/a><\/p>\n","protected":false},"author":2,"featured_media":21349,"comment_status":"open","ping_status":"open","sticky":false,"template":"","format":"standard","meta":[],"categories":[34,1,2,3,5],"tags":[],"_links":{"self":[{"href":"https:\/\/akdenizolaygazetesi.com\/index.php?rest_route=\/wp\/v2\/posts\/21348"}],"collection":[{"href":"https:\/\/akdenizolaygazetesi.com\/index.php?rest_route=\/wp\/v2\/posts"}],"about":[{"href":"https:\/\/akdenizolaygazetesi.com\/index.php?rest_route=\/wp\/v2\/types\/post"}],"author":[{"embeddable":true,"href":"https:\/\/akdenizolaygazetesi.com\/index.php?rest_route=\/wp\/v2\/users\/2"}],"replies":[{"embeddable":true,"href":"https:\/\/akdenizolaygazetesi.com\/index.php?rest_route=%2Fwp%2Fv2%2Fcomments&post=21348"}],"version-history":[{"count":1,"href":"https:\/\/akdenizolaygazetesi.com\/index.php?rest_route=\/wp\/v2\/posts\/21348\/revisions"}],"predecessor-version":[{"id":21350,"href":"https:\/\/akdenizolaygazetesi.com\/index.php?rest_route=\/wp\/v2\/posts\/21348\/revisions\/21350"}],"wp:featuredmedia":[{"embeddable":true,"href":"https:\/\/akdenizolaygazetesi.com\/index.php?rest_route=\/wp\/v2\/media\/21349"}],"wp:attachment":[{"href":"https:\/\/akdenizolaygazetesi.com\/index.php?rest_route=%2Fwp%2Fv2%2Fmedia&parent=21348"}],"wp:term":[{"taxonomy":"category","embeddable":true,"href":"https:\/\/akdenizolaygazetesi.com\/index.php?rest_route=%2Fwp%2Fv2%2Fcategories&post=21348"},{"taxonomy":"post_tag","embeddable":true,"href":"https:\/\/akdenizolaygazetesi.com\/index.php?rest_route=%2Fwp%2Fv2%2Ftags&post=21348"}],"curies":[{"name":"wp","href":"https:\/\/api.w.org\/{rel}","templated":true}]}}