{"id":21354,"date":"2022-10-01T16:52:23","date_gmt":"2022-10-01T13:52:23","guid":{"rendered":"http:\/\/akdenizolaygazetesi.com\/?p=21354"},"modified":"2022-10-01T16:52:23","modified_gmt":"2022-10-01T13:52:23","slug":"avrupa-spor-haftasinda-doga-yuruyusu-yaptilar","status":"publish","type":"post","link":"https:\/\/akdenizolaygazetesi.com\/?p=21354","title":{"rendered":"\u201cAVRUPA SPOR HAFTASI\u2019NDA DO\u011eA Y\u00dcR\u00dcY\u00dc\u015e\u00dc YAPTILAR\u201d"},"content":{"rendered":"<p>Mersin\u2019in merkez il\u00e7esi Toroslar Belediyesi, gen\u00e7leri Avrupa Spor Haftas\u0131\u2019nda do\u011fa y\u00fcr\u00fcy\u00fc\u015f\u00fcnde bulu\u015fturdu.<\/p>\n<p>Her y\u0131l 23-30 Eyl\u00fcl tarihleri aras\u0131nda \u201cAktif Ol\u201d (Be Active) slogan\u0131yla Avrupa \u00e7ap\u0131nda kutlanan Avrupa Spor Haftas\u0131 etkinlikleri, Toroslar Belediyesinin do\u011fa y\u00fcr\u00fcy\u00fc\u015f\u00fcyle ta\u00e7land\u0131.<\/p>\n<p>\u0130l\u00e7edeki e\u011fitim kurumlar\u0131ndan 330 \u00f6\u011frencinin kat\u0131ld\u0131\u011f\u0131 y\u00fcr\u00fcy\u00fc\u015f, Ayvagedi\u011fi Mahallesi Karatepe mevkiinden K\u0131z\u0131lba\u011f G\u00f6letine kadar 6,5 kilometrelik parkurda yap\u0131ld\u0131.<\/p>\n<p>Toroslar\u2019\u0131n do\u011fal ve tarihi g\u00fczellikleri e\u015fli\u011finde y\u00fcr\u00fcy\u00fc\u015f yapan y\u00fczlerce gen\u00e7, temiz havan\u0131n tad\u0131n\u0131 \u00e7\u0131kar\u0131rken; y\u00fcr\u00fcy\u00fc\u015f parkurunda hep bir a\u011f\u0131zdan \u0130zmir Mar\u015f\u0131\u2019n\u0131 okudu.<\/p>\n<p>Gen\u00e7lerin spora olan sevgisini artt\u0131rmak, teknolojiden uzak do\u011fayla bulu\u015fmalar\u0131n\u0131 sa\u011flamak amac\u0131yla ger\u00e7ekle\u015fen etkinlikte Toroslar Belediyesi Gen\u00e7lik ve Spor Hizmetleri M\u00fcd\u00fcrl\u00fc\u011f\u00fc de keyifli anlara ev sahipli\u011fi yapt\u0131. Do\u011fa y\u00fcr\u00fcy\u00fc\u015f\u00fcnde gen\u00e7ler, \u00f6\u011fretmenleriyle birlikte Avrupa Spor Haftas\u0131\u2019n\u0131 kutlad\u0131.<\/p>\n<p>\u201cGen\u00e7lerden Ba\u015fkan Y\u0131lmaz\u2019a Te\u015fekk\u00fcr\u201d<\/p>\n<p>Gen\u00e7ler, kendilerini sportif aktivitelerle bulu\u015fturan Toroslar Belediye Ba\u015fkan\u0131 Ats\u0131z Af\u015f\u0131n Y\u0131lmaz\u2019a te\u015fekk\u00fcr ederek, bu faaliyetlerin devam\u0131n\u0131 diledi.<\/p>\n<p>Ba\u015fkan Y\u0131lmaz; \u201cArt\u0131k Sporun Kalbi Toroslar\u2019da At\u0131yor\u201d<\/p>\n<p>Toroslar Belediye Ba\u015fkan\u0131 Ats\u0131z Af\u015f\u0131n Y\u0131lmaz ise Toroslar\u2019da her haftan\u0131n sosyal ve sportif etkinliklerle ge\u00e7ti\u011fini ifade ederek, Sosyal ve \u00c7evik Belediyecilik anlay\u0131\u015f\u0131yla toplumun her katman\u0131na ula\u015fmaya \u00e7al\u0131\u015ft\u0131klar\u0131n\u0131 s\u00f6yledi.<\/p>\n<p>\u00c7ocuklara ve gen\u00e7lere sporu sevdirmek ve \u00f6zendirmek amac\u0131yla birbirinden de\u011ferli spor kurslar\u0131 ve aktiviteleri ile turnuvalar ve kamplar ger\u00e7ekle\u015ftirdiklerini kaydeden Ba\u015fkan Y\u0131lmaz; \u201cToroslar Belediyesi olarak her hafta mutlaka sosyal ve sportif etkinliklerle hem\u015fehrilerimizi bulu\u015fturuyoruz. \u00c7ocuklar\u0131m\u0131z\u0131n, gen\u00e7lerimizin fiziksel ve zihinsel geli\u015fimini de son derece \u00f6nemsiyoruz. Avrupa Spor Haftas\u0131\u2019nda d\u00fczenledi\u011fimiz etkinlikler kapsam\u0131nda il\u00e7emizdeki lise \u00f6\u011frencilerimizi, do\u011fa y\u00fcr\u00fcy\u00fc\u015f\u00fcnde bir araya getirdik. Toroslar\u0131m\u0131z\u0131n muhte\u015fem do\u011fas\u0131na ve her mevsimi ayr\u0131 g\u00fczel Mersinimize, gen\u00e7lerimizin enerjisi de ayr\u0131 bir g\u00fczellik katt\u0131. Sporun merkezi il\u00e7emizde bu etkinliklerimize devam edece\u011fiz\u201d diye konu\u015ftu.<\/p>\n","protected":false},"excerpt":{"rendered":"<p>Mersin\u2019in merkez il\u00e7esi Toroslar Belediyesi, gen\u00e7leri Avrupa Spor Haftas\u0131\u2019nda do\u011fa y\u00fcr\u00fcy\u00fc\u015f\u00fcnde bulu\u015fturdu. Her y\u0131l 23-30 Eyl\u00fcl tarihleri aras\u0131nda \u201cAktif Ol\u201d (Be Active) slogan\u0131yla Avrupa \u00e7ap\u0131nda kutlanan Avrupa Spor Haftas\u0131 etkinlikleri, &hellip; <a href=\"https:\/\/akdenizolaygazetesi.com\/?p=21354\" class=\"more-link\">Devam\u0131n\u0131 Oku&#8230;<\/a><\/p>\n","protected":false},"author":2,"featured_media":21355,"comment_status":"open","ping_status":"open","sticky":false,"template":"","format":"standard","meta":[],"categories":[3,10],"tags":[],"_links":{"self":[{"href":"https:\/\/akdenizolaygazetesi.com\/index.php?rest_route=\/wp\/v2\/posts\/21354"}],"collection":[{"href":"https:\/\/akdenizolaygazetesi.com\/index.php?rest_route=\/wp\/v2\/posts"}],"about":[{"href":"https:\/\/akdenizolaygazetesi.com\/index.php?rest_route=\/wp\/v2\/types\/post"}],"author":[{"embeddable":true,"href":"https:\/\/akdenizolaygazetesi.com\/index.php?rest_route=\/wp\/v2\/users\/2"}],"replies":[{"embeddable":true,"href":"https:\/\/akdenizolaygazetesi.com\/index.php?rest_route=%2Fwp%2Fv2%2Fcomments&post=21354"}],"version-history":[{"count":1,"href":"https:\/\/akdenizolaygazetesi.com\/index.php?rest_route=\/wp\/v2\/posts\/21354\/revisions"}],"predecessor-version":[{"id":21356,"href":"https:\/\/akdenizolaygazetesi.com\/index.php?rest_route=\/wp\/v2\/posts\/21354\/revisions\/21356"}],"wp:featuredmedia":[{"embeddable":true,"href":"https:\/\/akdenizolaygazetesi.com\/index.php?rest_route=\/wp\/v2\/media\/21355"}],"wp:attachment":[{"href":"https:\/\/akdenizolaygazetesi.com\/index.php?rest_route=%2Fwp%2Fv2%2Fmedia&parent=21354"}],"wp:term":[{"taxonomy":"category","embeddable":true,"href":"https:\/\/akdenizolaygazetesi.com\/index.php?rest_route=%2Fwp%2Fv2%2Fcategories&post=21354"},{"taxonomy":"post_tag","embeddable":true,"href":"https:\/\/akdenizolaygazetesi.com\/index.php?rest_route=%2Fwp%2Fv2%2Ftags&post=21354"}],"curies":[{"name":"wp","href":"https:\/\/api.w.org\/{rel}","templated":true}]}}