{"id":21360,"date":"2022-10-01T16:56:23","date_gmt":"2022-10-01T13:56:23","guid":{"rendered":"http:\/\/akdenizolaygazetesi.com\/?p=21360"},"modified":"2022-10-01T16:56:23","modified_gmt":"2022-10-01T13:56:23","slug":"akdeniz-belediye-baskani-gultak-yas-almis-vatandaslarla-bir-araya-geldi","status":"publish","type":"post","link":"https:\/\/akdenizolaygazetesi.com\/?p=21360","title":{"rendered":"AKDEN\u0130Z BELED\u0130YE BA\u015eKANI G\u00dcLTAK, YA\u015e ALMI\u015e VATANDA\u015eLARLA B\u0130R ARAYA GELD\u0130"},"content":{"rendered":"<p>Ba\u015fkan\u0131 G\u00fcltak, \u201c1 Ekim D\u00fcnya Ya\u015fl\u0131lar G\u00fcn\u00fc\u201d dolay\u0131s\u0131yla, \u00d6zel Akdeniz Nadire \u0130lkin Engelli Bak\u0131m Merkezi\u2019ni ziyaret ederek; merkezde hizmet alan ya\u015fl\u0131 ve engelli vatanda\u015flar\u0131n hal hat\u0131rlar\u0131n\u0131 sordu, taleplerini dinledi. <\/p>\n<p>Akdeniz Belediye Ba\u015fkan\u0131 M. Mustafa G\u00fcltak, \u201c1 Ekim D\u00fcnya Ya\u015fl\u0131lar G\u00fcn\u00fc\u201d vesilesiyle, il\u00e7eye ba\u011fl\u0131 Karaduvar Mahallesi\u2019nde hizmet veren \u00d6zel Akdeniz Nadire \u0130lkin Engelli Bak\u0131m Merkezi\u2019ni ziyaret ederek, burada kalan ya\u015fl\u0131, engelli ve kimsesiz vatanda\u015flarla bir araya geldi, onlarla sohbet etti. Ba\u015fkan G\u00fcltak, g\u00fcn nedeniyle ger\u00e7ekle\u015fen anlaml\u0131 bulu\u015fmada, pasta kesip merkezde kalan vatanda\u015flara ikram etti.<\/p>\n<p>100 ki\u015fi kapasiteli merkez, 2020 y\u0131l\u0131ndan beri hizmet veriyor<\/p>\n<p>Bulu\u015fmada s\u00f6z\u00fc ilk alan bak\u0131m merkezinin sahibi Nadire \u0130lkin, ziyaretten duyduklar\u0131 sevin\u00e7 ve mutlulu\u011fu dile getirdi, Ba\u015fkan G\u00fcltak\u2019a te\u015fekk\u00fcr etti. Merkezin, Aile ve Sosyal Politikalar Bakanl\u0131\u011f\u0131\u2019na ba\u011fl\u0131 ve 100 ki\u015fi kapasiteli oldu\u011funu belirten \u0130lkin, 2020 y\u0131l\u0131ndan beri hizmet verdiklerini anlatt\u0131. \u0130lkin; \u201cYa\u015fl\u0131 ve engelli vatanda\u015flar\u0131m\u0131zla birlikte merkezimizde gayet mutlu ve huzurlu bir ya\u015fam s\u00fcr\u00fcyoruz. Sizleri her zaman aram\u0131zda g\u00f6rmek istiyoruz, onur duyduk, mutlu olduk\u201d dedi.<\/p>\n<p>\u201cYa\u015fl\u0131lar\u0131m\u0131z, ba\u015f\u0131m\u0131z\u0131n tac\u0131d\u0131r\u201d<\/p>\n<p>Planlad\u0131klar\u0131 ziyareti Pandemi nedeniyle ertelemek zorunda kald\u0131klar\u0131n\u0131 belirterek s\u00f6zlerine ba\u015flayan Akdeniz Belediye Ba\u015fkan\u0131 Mustafa G\u00fcltak da salg\u0131n\u0131n etkisini yitirmesiyle, ilk f\u0131rsatta merkezi ziyaret ettiklerini s\u00f6yledi. Ba\u015fkan G\u00fcltak; \u201cBu hafta, D\u00fcnya Ya\u015fl\u0131lar Haftas\u0131. \u0130nsano\u011flu do\u011fuyor, b\u00fcy\u00fcyor ve ya\u015flan\u0131yor. Allah \u00f6m\u00fcr verirse bizler de o ya\u015flara gelece\u011fiz. <\/p>\n<p>Dolay\u0131s\u0131yla hem dinimizde hem \u00f6rf ve adetlerimize g\u00f6re ya\u015fl\u0131lar\u0131m\u0131z bizim ba\u015f\u0131m\u0131z\u0131n tac\u0131d\u0131r. \u00c7ocuklar\u0131n\u0131 b\u00fcy\u00fctt\u00fcler, askerlik yapt\u0131lar, \u00e7al\u0131\u015ft\u0131lar\u2026 Yani devlet i\u00e7in gereken ne varsa yapt\u0131lar. Yani ba\u015f\u0131m\u0131z\u0131n tac\u0131d\u0131rlar. Ya\u015fl\u0131lar\u0131m\u0131za bakmak b\u00fcy\u00fck sevapt\u0131r. Bakmad\u0131\u011f\u0131n\u0131z takdirde unutmayal\u0131m ki biz de bir g\u00fcn ya\u015flanaca\u011f\u0131z. O zaman da bize bakan birileri olmaz. T\u00fcrkiye Cumhuriyeti b\u00fcy\u00fck bir devlet. Engelli, ya\u015fl\u0131, dul ve yetim vatanda\u015flar\u0131n\u0131 asla yaln\u0131z b\u0131rakmaz\u201d \u015feklinde konu\u015ftu.<\/p>\n<p>\u201cYa\u015fl\u0131lar\u0131m\u0131z\u0131n de\u011ferini bilelim\u201d<\/p>\n<p>Ba\u015fkan G\u00fcltak, vefat edene dek anne ve babas\u0131n\u0131 yaln\u0131z b\u0131rakmad\u0131\u011f\u0131n\u0131, onlarla birlikte ya\u015fad\u0131\u011f\u0131n\u0131n alt\u0131n\u0131 \u00e7izerek; \u201cYa\u015fl\u0131lar\u0131m\u0131za mutlaka bakaca\u011f\u0131z. Bunu s\u00f6ylerken de edebiyat yapm\u0131yorum. \u00c7\u00fcnk\u00fc hayat\u0131yla ve ya\u015fant\u0131s\u0131yla da bunu ispatlam\u0131\u015f bir insan olarak bunu s\u00f6yl\u00fcyorum. Ya\u015fl\u0131lar\u0131m\u0131z\u0131n de\u011ferini bilelim ve onlara sahip \u00e7\u0131kal\u0131m. \u00c7\u00fcnk\u00fc onlar\u0131n dualar\u0131 bizleri kurtaracakt\u0131r. Bir kez daha Ya\u015fl\u0131lar Haftan\u0131z kutlu olsun\u201d ifadelerini kulland\u0131. <\/p>\n<p>G\u00fcn dolay\u0131s\u0131yla, Sosyal Yard\u0131m \u0130\u015fleri M\u00fcd\u00fcrl\u00fc\u011f\u00fc organizesinde, ya\u015fl\u0131 ve engelli bak\u0131m merkezinde ger\u00e7ekle\u015fen bulu\u015fmada, merkezde hizmet alan ya\u015f alm\u0131\u015f vatanda\u015flar i\u00e7in bir pasta da kesildi.<\/p>\n","protected":false},"excerpt":{"rendered":"<p>Ba\u015fkan\u0131 G\u00fcltak, \u201c1 Ekim D\u00fcnya Ya\u015fl\u0131lar G\u00fcn\u00fc\u201d dolay\u0131s\u0131yla, \u00d6zel Akdeniz Nadire \u0130lkin Engelli Bak\u0131m Merkezi\u2019ni ziyaret ederek; merkezde hizmet alan ya\u015fl\u0131 ve engelli vatanda\u015flar\u0131n hal hat\u0131rlar\u0131n\u0131 sordu, taleplerini dinledi. Akdeniz &hellip; <a href=\"https:\/\/akdenizolaygazetesi.com\/?p=21360\" class=\"more-link\">Devam\u0131n\u0131 Oku&#8230;<\/a><\/p>\n","protected":false},"author":2,"featured_media":21361,"comment_status":"open","ping_status":"open","sticky":false,"template":"","format":"standard","meta":[],"categories":[2,3,5],"tags":[],"_links":{"self":[{"href":"https:\/\/akdenizolaygazetesi.com\/index.php?rest_route=\/wp\/v2\/posts\/21360"}],"collection":[{"href":"https:\/\/akdenizolaygazetesi.com\/index.php?rest_route=\/wp\/v2\/posts"}],"about":[{"href":"https:\/\/akdenizolaygazetesi.com\/index.php?rest_route=\/wp\/v2\/types\/post"}],"author":[{"embeddable":true,"href":"https:\/\/akdenizolaygazetesi.com\/index.php?rest_route=\/wp\/v2\/users\/2"}],"replies":[{"embeddable":true,"href":"https:\/\/akdenizolaygazetesi.com\/index.php?rest_route=%2Fwp%2Fv2%2Fcomments&post=21360"}],"version-history":[{"count":1,"href":"https:\/\/akdenizolaygazetesi.com\/index.php?rest_route=\/wp\/v2\/posts\/21360\/revisions"}],"predecessor-version":[{"id":21362,"href":"https:\/\/akdenizolaygazetesi.com\/index.php?rest_route=\/wp\/v2\/posts\/21360\/revisions\/21362"}],"wp:featuredmedia":[{"embeddable":true,"href":"https:\/\/akdenizolaygazetesi.com\/index.php?rest_route=\/wp\/v2\/media\/21361"}],"wp:attachment":[{"href":"https:\/\/akdenizolaygazetesi.com\/index.php?rest_route=%2Fwp%2Fv2%2Fmedia&parent=21360"}],"wp:term":[{"taxonomy":"category","embeddable":true,"href":"https:\/\/akdenizolaygazetesi.com\/index.php?rest_route=%2Fwp%2Fv2%2Fcategories&post=21360"},{"taxonomy":"post_tag","embeddable":true,"href":"https:\/\/akdenizolaygazetesi.com\/index.php?rest_route=%2Fwp%2Fv2%2Ftags&post=21360"}],"curies":[{"name":"wp","href":"https:\/\/api.w.org\/{rel}","templated":true}]}}