{"id":21363,"date":"2022-10-02T09:40:47","date_gmt":"2022-10-02T06:40:47","guid":{"rendered":"http:\/\/akdenizolaygazetesi.com\/?p=21363"},"modified":"2022-10-02T09:40:47","modified_gmt":"2022-10-02T06:40:47","slug":"buyuksehirden-1-ekim-dunya-yaslilar-gunu-kapsaminda-anlamli-gezi","status":"publish","type":"post","link":"https:\/\/akdenizolaygazetesi.com\/?p=21363","title":{"rendered":"B\u00dcY\u00dcK\u015eEH\u0130R&#8217;DEN &#8216;1 EK\u0130M D\u00dcNYA YA\u015eLILAR G\u00dcN\u00dc&#8217; KAPSAMINDA ANLAMLI GEZ\u0130"},"content":{"rendered":"<p>Mersin B\u00fcy\u00fck\u015fehir Belediyesi Sa\u011fl\u0131k \u0130\u015fleri Dairesi, &#8216;1 Ekim D\u00fcnya Ya\u015fl\u0131lar G\u00fcn\u00fc&#8217; kapsam\u0131nda, Silifke il\u00e7esindeki Ata miras\u0131 olan Gazi \u00c7iftli\u011fi&#8217;ne gezi d\u00fczenledi. B\u00fcy\u00fck\u015fehir&#8217;in Ya\u015fl\u0131 Destek Birimi&#8217;ne kay\u0131tl\u0131 20 vatanda\u015f hem ata miras\u0131n\u0131 gezdi, hem de sosyalle\u015fti.<\/p>\n<p>T\u00fcrkiye&#8217;de tar\u0131m kredi kooperatif\u00e7ili\u011finin ilk \u00f6rne\u011fi, Ulu \u00d6nder Mustafa Kemal Atat\u00fcrk&#8217;\u00fcn emaneti olan ve B\u00fcy\u00fck\u015fehir Belediyesi taraf\u0131ndan i\u015flevsel hale getirilen Gazi \u00c7iftli\u011fi&#8217;nde, kad\u0131n ve \u00e7ocuklar\u0131n sosyal ya\u015fam ve \u00fcretime daha fazla kat\u0131lmas\u0131 i\u00e7in \u00e7al\u0131\u015fmalar y\u00fcr\u00fct\u00fcl\u00fcrken, \u00e7iftli\u011fe geziler de d\u00fczenleniyor.<\/p>\n<p>D\u00fczenli olarak Gazi \u00c7iftli\u011fi&#8217;ne geziler d\u00fczenleyen B\u00fcy\u00fck\u015fehir Belediyesi, bu kez de Ya\u015fl\u0131 Destek Birimi&#8217;ne kay\u0131tl\u0131 ya\u015f alm\u0131\u015flar\u0131 bir araya getirdi. B\u00fcy\u00fck\u015fehir&#8217;in servisiyle Gazi \u00c7iftli\u011fi&#8217;ne gelen misafirler, at\u00f6lyelerden k\u00fct\u00fcphaneye kadar bir\u00e7ok imkana sahip \u00e7iftlik binas\u0131n\u0131 gezdi, ard\u0131ndan Gazi \u00c7iftli\u011fi ile ilgili belgesel izledi. Gazi \u00c7iftli\u011fi&#8217;ni gezerken duygusal anlar ya\u015fayan \u00fcyeler, \u00f6\u011fle yeme\u011finin ard\u0131ndan hat\u0131ra foto\u011fraf\u0131 \u00e7ektirdi.<\/p>\n<p>&#8220;Kat\u0131l\u0131mc\u0131lar\u0131m\u0131z \u00e7ok memnun kald\u0131lar&#8221;<\/p>\n<p>Sa\u011fl\u0131k \u0130\u015fleri Dairesi Ya\u015fl\u0131 Destek Birimi b\u00fcnyesinde g\u00f6rev alan Gerontolog Cihan Tanr\u0131verdi, &#8220;1 Ekim D\u00fcnya Ya\u015fl\u0131lar G\u00fcn\u00fc kapsam\u0131nda, Ya\u015fl\u0131 Destek Birimi hizmetlerinden faydalanmakta olan \u00fcyelerimizi, Silifke&#8217;de bulunan Ulu \u00d6nder Mustafa Kemal Atat\u00fcrk&#8217;\u00fcn kurmu\u015f oldu\u011fu Gazi \u00c7iftli\u011fi ziyaretine getirdik. Burada Gazi \u00c7iftli\u011fi hakk\u0131nda 15 dakikal\u0131k bir belgesel filmi izlettik ve \u00e7iftli\u011fe rehberlik ederek onlara \u00e7iftli\u011fi gezdirdik. Bu sene 1 Ekim D\u00fcnya Ya\u015fl\u0131lar G\u00fcn\u00fc&#8217;n\u00fc bu \u015fekilde anmak istedik. Kat\u0131l\u0131mc\u0131lar\u0131m\u0131z \u00e7ok memnun kald\u0131lar&#8221; dedi.<\/p>\n<p>&#8220;B\u00fcy\u00fck\u015fehir&#8217;in bu t\u00fcr etkinliklerini \u00e7ok be\u011feniyoruz&#8221;<\/p>\n<p>Geziden \u00e7ok memnun kald\u0131\u011f\u0131n\u0131 s\u00f6yleyen Emine Servili, &#8220;Bug\u00fcnk\u00fc etkinliklerden dolay\u0131 \u00e7ok mutluyum. Atat\u00fcrk&#8217;\u00fcm\u00fcz\u00fcn Gazi \u00c7iftli\u011fi&#8217;ndeki g\u00f6r\u00fcnt\u00fcleri, resimleri, dizaynlar\u0131 ola\u011fan\u00fcst\u00fc. \u00c7ok duyguland\u0131m, \u00e7ok ho\u015fuma gitti. Bu t\u00fcr etkinliklerin devam\u0131n\u0131n gelmesini diliyorum ve istiyorum. \u00c7ok g\u00fczel bir duygu seliydi. Belgeselde, Atat\u00fcrk&#8217;\u00fcn y\u0131llar \u00f6nce yapm\u0131\u015f oldu\u011fu \u00e7iftlik i\u015fi, gezmeleri, tar\u0131mla ilgili yapt\u0131\u011f\u0131 \u00e7al\u0131\u015fmalar\u0131 izledik. Ke\u015fke \u015fu an olsa, ya\u015fasa da, daha \u00e7oklar\u0131n\u0131 yapsa \u00fclkemiz i\u00e7in&#8221; diye konu\u015ftu.<\/p>\n<p>Daha \u00f6nce Gazi \u00c7iftli\u011fi&#8217;ni duydu\u011funu, fakat gelme f\u0131rsat\u0131n\u0131n olmad\u0131\u011f\u0131n\u0131 s\u00f6yleyen M\u00fczeyyen \u00c7etinkaya, &#8220;Bu g\u00fczel havada, bu g\u00fczel yerde, g\u00f6rmedi\u011fim yerleri g\u00f6rd\u00fcm. \u00c7ok g\u00fczeldi, \u00e7ok mutlu oldum, ama tabii ki \u00fcz\u00fcld\u00fcm de. Yani baz\u0131 de\u011ferleri maalesef kaybetmi\u015f durumday\u0131z. B\u00f6yle g\u00fczel bir de\u011fere de belediyemizin sahip \u00e7\u0131km\u0131\u015f olmas\u0131 ve bunu g\u00f6rm\u00fc\u015f olmaktan da \u00e7ok mutlu oldum. Vahap Se\u00e7er Ba\u015fkan\u0131m\u0131za \u00e7ok te\u015fekk\u00fcr ediyorum. Halk\u0131n her bireyi ile her ya\u015ftakilerle ayr\u0131 ayr\u0131 ilgileniyor, ayr\u0131 ayr\u0131 hizmetler veriyor. Sa\u011f olsun, aya\u011f\u0131na ta\u015f de\u011fmesin&#8221; ifadelerine yer verdi.<\/p>\n<p>Gazi \u00c7iftli\u011fi&#8217;ni gezerken duygu dolu anlar ya\u015fad\u0131\u011f\u0131n\u0131 belirten H\u00fcseyin G\u00fcler, &#8220;46 senedir Mersin&#8217;de oturuyorum. Atam\u0131z\u0131n b\u00f6yle bir \u00e7iftli\u011finin oldu\u011funu duymam\u0131\u015ft\u0131m, g\u00f6rmemi\u015ftim. Bu \u00e7iftli\u011fi g\u00f6rd\u00fc\u011f\u00fcm i\u00e7in \u00e7ok mutlu oldum. 3 senedir yeni ba\u015fkan\u0131m\u0131z geldi\u011finden beri, ben \u00e7ok mutluyum. Mutlulu\u011fu 3 senedir g\u00f6r\u00fcyorum. Her y\u00f6nden yard\u0131mc\u0131 oluyor. Ba\u015fkan\u0131m\u0131z\u0131 takdir ediyorum&#8221; dedi.<\/p>\n<p>Salim Kapkin ise, &#8220;Atam\u0131z \u00e7ok iyi \u015feyler yapm\u0131\u015f. Belediye Ba\u015fkan\u0131m\u0131z da, buray\u0131 g\u00fczel bir hale getirmi\u015f. Memnun oldum geldi\u011fime. Hepimizi ayd\u0131nlat\u0131yorlar. Atam\u0131z\u0131 tan\u0131t\u0131yorlar. Belgeselde Atam\u0131z\u0131, yapt\u0131klar\u0131n\u0131 anlat\u0131yorlar&#8221; diye konu\u015ftu.<\/p>\n","protected":false},"excerpt":{"rendered":"<p>Mersin B\u00fcy\u00fck\u015fehir Belediyesi Sa\u011fl\u0131k \u0130\u015fleri Dairesi, &#8216;1 Ekim D\u00fcnya Ya\u015fl\u0131lar G\u00fcn\u00fc&#8217; kapsam\u0131nda, Silifke il\u00e7esindeki Ata miras\u0131 olan Gazi \u00c7iftli\u011fi&#8217;ne gezi d\u00fczenledi. B\u00fcy\u00fck\u015fehir&#8217;in Ya\u015fl\u0131 Destek Birimi&#8217;ne kay\u0131tl\u0131 20 vatanda\u015f hem ata &hellip; <a href=\"https:\/\/akdenizolaygazetesi.com\/?p=21363\" class=\"more-link\">Devam\u0131n\u0131 Oku&#8230;<\/a><\/p>\n","protected":false},"author":2,"featured_media":21364,"comment_status":"open","ping_status":"open","sticky":false,"template":"","format":"standard","meta":[],"categories":[1,2,3,5],"tags":[],"_links":{"self":[{"href":"https:\/\/akdenizolaygazetesi.com\/index.php?rest_route=\/wp\/v2\/posts\/21363"}],"collection":[{"href":"https:\/\/akdenizolaygazetesi.com\/index.php?rest_route=\/wp\/v2\/posts"}],"about":[{"href":"https:\/\/akdenizolaygazetesi.com\/index.php?rest_route=\/wp\/v2\/types\/post"}],"author":[{"embeddable":true,"href":"https:\/\/akdenizolaygazetesi.com\/index.php?rest_route=\/wp\/v2\/users\/2"}],"replies":[{"embeddable":true,"href":"https:\/\/akdenizolaygazetesi.com\/index.php?rest_route=%2Fwp%2Fv2%2Fcomments&post=21363"}],"version-history":[{"count":1,"href":"https:\/\/akdenizolaygazetesi.com\/index.php?rest_route=\/wp\/v2\/posts\/21363\/revisions"}],"predecessor-version":[{"id":21365,"href":"https:\/\/akdenizolaygazetesi.com\/index.php?rest_route=\/wp\/v2\/posts\/21363\/revisions\/21365"}],"wp:featuredmedia":[{"embeddable":true,"href":"https:\/\/akdenizolaygazetesi.com\/index.php?rest_route=\/wp\/v2\/media\/21364"}],"wp:attachment":[{"href":"https:\/\/akdenizolaygazetesi.com\/index.php?rest_route=%2Fwp%2Fv2%2Fmedia&parent=21363"}],"wp:term":[{"taxonomy":"category","embeddable":true,"href":"https:\/\/akdenizolaygazetesi.com\/index.php?rest_route=%2Fwp%2Fv2%2Fcategories&post=21363"},{"taxonomy":"post_tag","embeddable":true,"href":"https:\/\/akdenizolaygazetesi.com\/index.php?rest_route=%2Fwp%2Fv2%2Ftags&post=21363"}],"curies":[{"name":"wp","href":"https:\/\/api.w.org\/{rel}","templated":true}]}}