{"id":21370,"date":"2022-10-03T12:21:07","date_gmt":"2022-10-03T09:21:07","guid":{"rendered":"http:\/\/akdenizolaygazetesi.com\/?p=21370"},"modified":"2022-10-03T12:21:07","modified_gmt":"2022-10-03T09:21:07","slug":"mersinden-alti-ogrencinin-darussafakadaki-egitim-yolculugu-basladi","status":"publish","type":"post","link":"https:\/\/akdenizolaygazetesi.com\/?p=21370","title":{"rendered":"Mersin\u2019den alt\u0131 \u00f6\u011frencinin Dar\u00fc\u015f\u015fafaka\u2019daki e\u011fitim yolculu\u011fu ba\u015flad\u0131"},"content":{"rendered":"<p>T\u00fcrkiye\u2019nin en k\u00f6kl\u00fc e\u011fitim kurumlar\u0131ndan Dar\u00fc\u015f\u015fafaka\u2019ya 2022-2023 E\u011fitim ve \u00d6\u011fretim Y\u0131l\u0131\u2019nda Mersin\u2019den alt\u0131 \u00f6\u011frenci kat\u0131ld\u0131. <\/p>\n<p>\u00c7a\u011fan Kutan, Emir Asaf, Almira, Lara Su, Mustafa ve Berfin Merve\u2019nin Dar\u00fc\u015f\u015fafaka E\u011fitim Kurumlar\u0131\u2019ndaki sekiz y\u0131ll\u0131k tam burslu, yat\u0131l\u0131, nitelikli e\u011fitim yolculu\u011fu ba\u015flad\u0131. <\/p>\n<p>Annesi ve\/veya babas\u0131 hayatta olmayan, maddi olanaklar\u0131 yetersiz, yetenekli \u00f6\u011frencilere 8 y\u0131l tam burslu ve yat\u0131l\u0131 kolej e\u011fitimi sunan Dar\u00fc\u015f\u015fafaka, 1.000\u2019e yak\u0131n \u00f6\u011frencisiyle yeni ders y\u0131l\u0131na ba\u015flad\u0131. \u201cE\u011fitimde F\u0131rsat E\u015fitli\u011fi\u201d misyonuyla \u00e7a\u011f\u0131n en ileri e\u011fitim olanaklar\u0131n\u0131 \u00f6\u011frencilerine sunan Dar\u00fc\u015f\u015fafaka E\u011fitim Kurumlar\u0131\u2019na bu y\u0131l 47 ilden 149 yeni \u00f6\u011frenci kat\u0131ld\u0131.<\/p>\n<p>Ge\u00e7ti\u011fimiz May\u0131s ay\u0131nda yap\u0131lan Dar\u00fc\u015f\u015fafaka Giri\u015f S\u0131nav\u0131\u2019nda ba\u015far\u0131l\u0131 olan, ard\u0131ndan ger\u00e7ekle\u015ftirilen mali durum ara\u015ft\u0131rmas\u0131 ve sa\u011fl\u0131k kurulu s\u00fcre\u00e7lerinden ge\u00e7erek Dar\u00fc\u015f\u015fafaka\u2019da okumaya hak kazanan 149 \u00f6\u011frencinin alt\u0131s\u0131 ise Mersinli\u2026<\/p>\n<p>5. s\u0131n\u0131ftan ba\u015flayarak liseden mezun oluncaya kadar sekiz y\u0131l boyunca tam burslu, yat\u0131l\u0131, \u0130ngilizce a\u011f\u0131rl\u0131kl\u0131 nitelikli e\u011fitim hakk\u0131 kazanan; \u00c7a\u011fan Kutan, Emir Asaf, Almira, Lara Su, Mustafa ve Berfin Merve ko\u015fullara uyan t\u00fcm \u00f6\u011frencileri Dar\u00fc\u015f\u015fafaka Giri\u015f S\u0131nav\u0131\u2019na kat\u0131lmaya davet ediyor. <\/p>\n<p>T\u00fcm faaliyetlerinin temeline \u00e7a\u011fda\u015f, ak\u0131lc\u0131, e\u015fitlik\u00e7i bir e\u011fitim modelini koyan Dar\u00fc\u015f\u015fafaka; \u00f6\u011frencilerine yeteneklerini ke\u015ffedip geli\u015ftirecekleri bir e\u011fitim ortam\u0131 sunuyor. Bug\u00fcn Dar\u00fc\u015f\u015fafaka\u2019da s\u0131n\u0131flar 20 \u00f6\u011frenciden olu\u015fuyor ve \u00f6\u011fretmen ba\u015f\u0131na ortalama be\u015f \u00f6\u011frenci d\u00fc\u015f\u00fcyor. Dijital d\u00f6n\u00fc\u015f\u00fcm temelinde her \u00f6\u011frenci ve \u00f6\u011fretmene tablet veriliyor. T\u00fcrkiye\u2019nin orta\u00f6\u011frenim d\u00fczeyinde ilk robot tak\u0131m\u0131n\u0131 kuran, yapay zek\u00e2 s\u0131n\u0131f\u0131n\u0131 ve ilk Tekno Giri\u015fimcilik Gen\u00e7lik Merkezi\u2019ni a\u00e7an, ilk 3D Printer At\u00f6lye ve Yar\u0131\u015fmas\u0131\u2019n\u0131 d\u00fczenleyen Dar\u00fc\u015f\u015fafaka\u2019da \u00f6\u011frenciler; STEM (Science, Technology, Engineering and Math), kodlama, giri\u015fimcilik, dijital d\u00f6n\u00fc\u015f\u00fcm e\u011fitimleriyle akademik olarak tam donan\u0131ml\u0131 entelekt\u00fcel yeti\u015ftirilmekle birlikte 21. y\u00fczy\u0131l becerileriyle donat\u0131l\u0131yor.<\/p>\n<p>70\u2019e yak\u0131n farkl\u0131 kategori ve ba\u015fl\u0131kta sunulan Yetenek At\u00f6lyeleri sayesinde \u00f6\u011frenciler, sosyal becerilerini ve yeteneklerini geli\u015ftirme f\u0131rsat\u0131 yakal\u0131yorlar. Ald\u0131klar\u0131 \u00e7ok y\u00f6nl\u00fc e\u011fitimler sayesinde, sosyal ve k\u00fclt\u00fcrel anlamda tam donan\u0131ml\u0131 bireyler olarak yeti\u015fiyorlar.<\/p>\n<p>Mersinli Berfin Merve: \u201c\u0130nsanl\u0131\u011f\u0131n yarar\u0131 i\u00e7in bir meslek se\u00e7ece\u011fim\u201d<\/p>\n<p>Gelecekte doktor ya da psikolog olmay\u0131 hedefleyen Mersinli Berfin Merve \u015f\u00f6yle konu\u015ftu: \u201cDar\u00fc\u015f\u015fafaka\u2019da ilk ba\u015fta babamdan ayr\u0131ld\u0131\u011f\u0131m i\u00e7in \u00e7ok tedirgin oldum ama buradaki herkes ve her \u015fey ailemleymi\u015fim gibi hissettirdi\u2026 Annem \u00f6lmeden \u00f6nce ona s\u00f6z vermi\u015ftim, insanl\u0131\u011f\u0131n yarar\u0131 i\u00e7in bir meslek se\u00e7ece\u011fim demi\u015ftim. Bu nedenle ya doktor olurum ya da psikolog olmay\u0131 istiyorum. Ayr\u0131ca basketbol at\u00f6lyesini se\u00e7ece\u011fim. Dar\u00fc\u015f\u015fafaka S\u0131nav\u0131\u2019na girecek ki\u015filere tavsiyem, buraya mutlaka gelsinler. Ailelerinden ayr\u0131lacaklar\u0131 i\u00e7in de hi\u00e7 korkmas\u0131nlar. Aileniz gitti\u011fi anda buraya hemen al\u0131\u015fmaya ba\u015fl\u0131yorsunuz.\u201d diye duygular\u0131n\u0131 dile getirdi. <\/p>\n<p>Mersinli \u00c7a\u011fan\u2019\u0131n hedefi uzay m\u00fchendisi olmak<\/p>\n<p>Dar\u00fc\u015f\u015fafaka\u2019n\u0131n hayallerinin \u00f6tesinde bir okul oldu\u011fu belirten \u00c7a\u011fan, \u201cBurada okuyabilmek i\u00e7in ailemizden ayr\u0131ld\u0131k ama buras\u0131 bize ailemiz gibi bak\u0131yor. \u00d6\u011fretmenlerimiz, abla ve abilerimiz bizimle ilgileniyor, hep destek oluyorlar. Gelecekte uzay m\u00fchendisi olmak ve NASA\u2019da \u00e7al\u0131\u015fmak istiyorum. Ko\u015fullara uyan t\u00fcm \u00f6\u011frenciler Dar\u00fc\u015f\u015fafaka\u2019ya gelsinler, \u00e7\u00fcnk\u00fc bu kadar iyi bir e\u011fitimi ba\u015fka bir okulda bulamazlar&#8230; Basketbol, futbol saham\u0131z, tenis kortumuz, spor salonumuz, sanat merkezimiz, planetaryum ve g\u00f6zlemevimiz var. Yemeklerimiz \u00e7ok lezzetli\u2026 Yatakhanede \u00e7ok e\u011fleniyoruz. Dar\u00fc\u015f\u015fafaka hem \u00e7ok disiplinli bir o kadar da e\u011flenceli bir okul\u2026\u201d g\u00f6r\u00fc\u015flerini dile getirdi. <\/p>\n<p>Mersinli Almira: \u201c\u0130yi ki Dar\u00fc\u015f\u015fafaka\u2019ya gelmi\u015fim\u201d <\/p>\n<p>Ailesinden ve arkada\u015flar\u0131mdan ayr\u0131ld\u0131\u011f\u0131m i\u00e7in ba\u015flang\u0131\u00e7ta \u00fcz\u00fcld\u00fc\u011f\u00fcn\u00fc ifade eden Almira, \u201cBurada yeni arkada\u015flar\u0131m ve ailem oldu. \u0130yi ki Dar\u00fc\u015f\u015fafaka\u2019ya gelmi\u015fim. En \u00e7ok \u0130ngilizce dersinde zorlanaca\u011f\u0131m\u0131 d\u00fc\u015f\u00fcn\u00fcyordum ama \u00f6\u011fretmenlerimiz sayesinde \u0130ngilizcenin hi\u00e7 de zor olmad\u0131\u011f\u0131n\u0131 g\u00f6rd\u00fcm. Gelecekte psikolog olmak ve \u0130ngilizceyi \u00e7ok iyi konu\u015fmak istiyorum. Dar\u00fc\u015f\u015fafaka s\u0131nav\u0131na girmek isteyen \u00e7ocuklar bu f\u0131rsat\u0131 ka\u00e7\u0131rmas\u0131nlar.\u201d dedi.<\/p>\n","protected":false},"excerpt":{"rendered":"<p>T\u00fcrkiye\u2019nin en k\u00f6kl\u00fc e\u011fitim kurumlar\u0131ndan Dar\u00fc\u015f\u015fafaka\u2019ya 2022-2023 E\u011fitim ve \u00d6\u011fretim Y\u0131l\u0131\u2019nda Mersin\u2019den alt\u0131 \u00f6\u011frenci kat\u0131ld\u0131. \u00c7a\u011fan Kutan, Emir Asaf, Almira, Lara Su, Mustafa ve Berfin Merve\u2019nin Dar\u00fc\u015f\u015fafaka E\u011fitim Kurumlar\u0131\u2019ndaki sekiz &hellip; <a href=\"https:\/\/akdenizolaygazetesi.com\/?p=21370\" class=\"more-link\">Devam\u0131n\u0131 Oku&#8230;<\/a><\/p>\n","protected":false},"author":2,"featured_media":21371,"comment_status":"open","ping_status":"open","sticky":false,"template":"","format":"standard","meta":[],"categories":[2,3],"tags":[],"_links":{"self":[{"href":"https:\/\/akdenizolaygazetesi.com\/index.php?rest_route=\/wp\/v2\/posts\/21370"}],"collection":[{"href":"https:\/\/akdenizolaygazetesi.com\/index.php?rest_route=\/wp\/v2\/posts"}],"about":[{"href":"https:\/\/akdenizolaygazetesi.com\/index.php?rest_route=\/wp\/v2\/types\/post"}],"author":[{"embeddable":true,"href":"https:\/\/akdenizolaygazetesi.com\/index.php?rest_route=\/wp\/v2\/users\/2"}],"replies":[{"embeddable":true,"href":"https:\/\/akdenizolaygazetesi.com\/index.php?rest_route=%2Fwp%2Fv2%2Fcomments&post=21370"}],"version-history":[{"count":1,"href":"https:\/\/akdenizolaygazetesi.com\/index.php?rest_route=\/wp\/v2\/posts\/21370\/revisions"}],"predecessor-version":[{"id":21372,"href":"https:\/\/akdenizolaygazetesi.com\/index.php?rest_route=\/wp\/v2\/posts\/21370\/revisions\/21372"}],"wp:featuredmedia":[{"embeddable":true,"href":"https:\/\/akdenizolaygazetesi.com\/index.php?rest_route=\/wp\/v2\/media\/21371"}],"wp:attachment":[{"href":"https:\/\/akdenizolaygazetesi.com\/index.php?rest_route=%2Fwp%2Fv2%2Fmedia&parent=21370"}],"wp:term":[{"taxonomy":"category","embeddable":true,"href":"https:\/\/akdenizolaygazetesi.com\/index.php?rest_route=%2Fwp%2Fv2%2Fcategories&post=21370"},{"taxonomy":"post_tag","embeddable":true,"href":"https:\/\/akdenizolaygazetesi.com\/index.php?rest_route=%2Fwp%2Fv2%2Ftags&post=21370"}],"curies":[{"name":"wp","href":"https:\/\/api.w.org\/{rel}","templated":true}]}}