{"id":21376,"date":"2022-10-03T12:24:14","date_gmt":"2022-10-03T09:24:14","guid":{"rendered":"http:\/\/akdenizolaygazetesi.com\/?p=21376"},"modified":"2022-10-03T12:24:14","modified_gmt":"2022-10-03T09:24:14","slug":"degerlendirme-toplantisi-erdemlide-gerceklestirildi","status":"publish","type":"post","link":"https:\/\/akdenizolaygazetesi.com\/?p=21376","title":{"rendered":"De\u011ferlendirme toplant\u0131s\u0131 Erdemli\u2019de ger\u00e7ekle\u015ftirildi"},"content":{"rendered":"<p>Mersin Orman B\u00f6lge M\u00fcd\u00fcr\u00fc Mustafa Yal\u00e7\u0131n, B\u00f6lge M\u00fcd\u00fcr Yard\u0131mc\u0131lar\u0131 Mehmet Fulin, Beyhan Alt\u0131nta\u015f, Ya\u015far Yaman Sa\u011flam, 15 \u015fube m\u00fcd\u00fcr\u00fc, 9 orman i\u015fletme m\u00fcd\u00fcr\u00fc, fidanl\u0131k m\u00fcd\u00fcr\u00fc ve Et\u00fct Proje Ba\u015fm\u00fchendisi ile Erdemli Orman \u0130\u015fletme M\u00fcd\u00fcrl\u00fc\u011f\u00fc Sosyal Tesislerinde ger\u00e7ekle\u015ftirilen toplant\u0131da bir araya geldi.<br \/>\nB\u00f6lge M\u00fcd\u00fcr\u00fc Yal\u00e7\u0131n a\u00e7\u0131l\u0131\u015f konu\u015fmas\u0131nda, \u201c\u00c7al\u0131\u015fmalar\u0131m\u0131zda sayg\u0131 ve disiplin en \u00f6nemli prensibimizdir, \u00e7al\u0131\u015fanlar\u0131m\u0131zla beraber ekip ruhu i\u00e7erisinde olmal\u0131 ve t\u00fcm b\u00f6lge m\u00fcd\u00fcrl\u00fc\u011f\u00fc uyum i\u00e7erisinde \u00e7al\u0131\u015fmalar\u0131m\u0131z\u0131 s\u00fcrd\u00fcrmeliyiz. G\u00f6rd\u00fc\u011f\u00fcm\u00fcz problemleri zaman\u0131nda \u00e7\u00f6zmeli, \u201dyoldan en iyi ge\u00e7enler, kendinden sonra ge\u00e7enlere engel b\u0131rakmayanlard\u0131r\u201d s\u00f6z\u00fcn\u00fc kendimize ilke edinmeliyiz. 2022 y\u0131l\u0131nda \u00e7al\u0131\u015fmalar\u0131m\u0131zda iyi seviyelerdeyiz, y\u0131l sonunda da hedeflerimizin tamam\u0131na ula\u015fmal\u0131y\u0131z. Gelecek y\u0131l programlar\u0131n\u0131n haz\u0131rl\u0131klar\u0131na da \u015fimdiden ba\u015flayarak mesle\u011fimizin devaml\u0131l\u0131k ilkesine uygun hareket etmeliyiz. \u201c dedi.<br \/>\n\u0130\u015fletme M\u00fcd\u00fcrleri faaliyet konular\u0131na ili\u015fkin, sunum yaparak ard\u0131ndan \u015fube ve i\u015fletmelerin sorunlar\u0131 ve \u00e7\u00f6z\u00fcm \u00f6nerileri g\u00f6r\u00fc\u015f\u00fcld\u00fc.<\/p>\n<p>B\u00f6lge M\u00fcd\u00fcr\u00fc Yal\u00e7\u0131n, bu zamana kadar g\u00f6sterilen gayret i\u00e7in, eme\u011fi ge\u00e7en t\u00fcm \u00e7al\u0131\u015fma arkada\u015flar\u0131na te\u015fekk\u00fcr etti.<\/p>\n","protected":false},"excerpt":{"rendered":"<p>Mersin Orman B\u00f6lge M\u00fcd\u00fcr\u00fc Mustafa Yal\u00e7\u0131n, B\u00f6lge M\u00fcd\u00fcr Yard\u0131mc\u0131lar\u0131 Mehmet Fulin, Beyhan Alt\u0131nta\u015f, Ya\u015far Yaman Sa\u011flam, 15 \u015fube m\u00fcd\u00fcr\u00fc, 9 orman i\u015fletme m\u00fcd\u00fcr\u00fc, fidanl\u0131k m\u00fcd\u00fcr\u00fc ve Et\u00fct Proje Ba\u015fm\u00fchendisi ile &hellip; <a href=\"https:\/\/akdenizolaygazetesi.com\/?p=21376\" class=\"more-link\">Devam\u0131n\u0131 Oku&#8230;<\/a><\/p>\n","protected":false},"author":2,"featured_media":21377,"comment_status":"open","ping_status":"open","sticky":false,"template":"","format":"standard","meta":[],"categories":[2,3,5],"tags":[],"_links":{"self":[{"href":"https:\/\/akdenizolaygazetesi.com\/index.php?rest_route=\/wp\/v2\/posts\/21376"}],"collection":[{"href":"https:\/\/akdenizolaygazetesi.com\/index.php?rest_route=\/wp\/v2\/posts"}],"about":[{"href":"https:\/\/akdenizolaygazetesi.com\/index.php?rest_route=\/wp\/v2\/types\/post"}],"author":[{"embeddable":true,"href":"https:\/\/akdenizolaygazetesi.com\/index.php?rest_route=\/wp\/v2\/users\/2"}],"replies":[{"embeddable":true,"href":"https:\/\/akdenizolaygazetesi.com\/index.php?rest_route=%2Fwp%2Fv2%2Fcomments&post=21376"}],"version-history":[{"count":1,"href":"https:\/\/akdenizolaygazetesi.com\/index.php?rest_route=\/wp\/v2\/posts\/21376\/revisions"}],"predecessor-version":[{"id":21378,"href":"https:\/\/akdenizolaygazetesi.com\/index.php?rest_route=\/wp\/v2\/posts\/21376\/revisions\/21378"}],"wp:featuredmedia":[{"embeddable":true,"href":"https:\/\/akdenizolaygazetesi.com\/index.php?rest_route=\/wp\/v2\/media\/21377"}],"wp:attachment":[{"href":"https:\/\/akdenizolaygazetesi.com\/index.php?rest_route=%2Fwp%2Fv2%2Fmedia&parent=21376"}],"wp:term":[{"taxonomy":"category","embeddable":true,"href":"https:\/\/akdenizolaygazetesi.com\/index.php?rest_route=%2Fwp%2Fv2%2Fcategories&post=21376"},{"taxonomy":"post_tag","embeddable":true,"href":"https:\/\/akdenizolaygazetesi.com\/index.php?rest_route=%2Fwp%2Fv2%2Ftags&post=21376"}],"curies":[{"name":"wp","href":"https:\/\/api.w.org\/{rel}","templated":true}]}}