{"id":21388,"date":"2022-10-03T12:31:59","date_gmt":"2022-10-03T09:31:59","guid":{"rendered":"http:\/\/akdenizolaygazetesi.com\/?p=21388"},"modified":"2022-10-03T12:31:59","modified_gmt":"2022-10-03T09:31:59","slug":"akdenizde-soguk-asfalt-uretimi-basladi","status":"publish","type":"post","link":"https:\/\/akdenizolaygazetesi.com\/?p=21388","title":{"rendered":"AKDEN\u0130Z\u2019DE SO\u011eUK ASFALT \u00dcRET\u0130M\u0130 BA\u015eLADI"},"content":{"rendered":"<p>Akdeniz Belediyesi\u2019nin il\u00e7eye ilk kez kazand\u0131rd\u0131\u011f\u0131 ve K\u00fcrk\u00e7\u00fc Mahallesi\u2019nde kurulan asfalt plentinde so\u011fuk asfalt \u00fcretimi ba\u015flad\u0131. Tesiste \u00fcretilen so\u011fuk asfalt, ilk etapta iki mahallede toplam 10 kilometre uzunlu\u011fundaki yollara d\u00f6k\u00fcld\u00fc. Di\u011fer yandan, Karaduvar Mahallesi\u2019nde de bat\u0131 yakas\u0131ndaki yenilemenin ard\u0131ndan do\u011fu yakas\u0131nda da de\u011fi\u015fim ve d\u00f6n\u00fc\u015f\u00fcm \u00e7al\u0131\u015fmalar\u0131 h\u0131z kazand\u0131.<br \/>\nTesiste \u00fcretilen ilk so\u011fuk asfalt, ilk etapta Akdam ile Bekirde mahallelerine, toplamda 10 kilometre uzunlu\u011fundaki yollara i\u015f makineleri yard\u0131m\u0131yla d\u00f6k\u00fcld\u00fc. \u00c7al\u0131\u015fmalara tan\u0131k olan mahalle sakinleri memnuniyetlerini dile getirirken, tesisteki \u00fcretimle birlikte acil so\u011fuk asfalt ihtiyac\u0131 duyan yollar yenilenecek. Ba\u015fkan G\u00fcltak; \u201cAkdeniz\u2019in sokaklar\u0131, il\u00e7emize, vatanda\u015flar\u0131m\u0131za ilk kez kazand\u0131rd\u0131\u011f\u0131m\u0131z tesislerimizde \u00fcretti\u011fimiz so\u011fuk asfalt ile yenilemeye ba\u015flad\u0131k. Her \u015feye ra\u011fmen Akdeniz\u2019de de\u011fi\u015fim ve yenilikler s\u00fcrecek. Halk\u0131m\u0131za en g\u00fczel hizmeti sunmaya devam edece\u011fiz\u201d dedi.<br \/>\nKaraduvar\u2019a y\u00fcr\u00fcy\u00fc\u015f ve bisiklet yolu kazand\u0131r\u0131lacak<br \/>\n\u00d6te yandan Karaduvar Mahallesi\u2019nde de Akdeniz Belediyesi eliyle ge\u00e7en y\u0131llarda ba\u015flayan de\u011fi\u015fim ve d\u00f6n\u00fc\u015f\u00fcm de devam edecek. Karaduvar Sahili\u2019nin do\u011fu yakas\u0131nda belediyeye Hazine\u2019den tahsisi yap\u0131lan, bak\u0131ms\u0131z b\u0131rak\u0131lm\u0131\u015f 18 d\u00f6n\u00fcml\u00fck alanda incelemelerde bulunan Akdeniz Belediye Ba\u015fkan\u0131 Mustafa G\u00fcltak, ge\u00e7en hafta bal\u0131k festivalinin d\u00fczenlendi\u011fi Karaduvar Mahallesi\u2019nde yenilemenin devam edece\u011finin alt\u0131n\u0131 \u00e7izdi. \u201cSahilin bat\u0131 taraf\u0131ndaki d\u00fczenlemeler \u00e7ok g\u00fczel olmu\u015ftu.<br \/>\n\u015eimdiyse s\u0131ra do\u011fu taraf\u0131nda\u201d diyen Ba\u015fkan G\u00fcltak; \u201cBurada, Milli Emlak\u2019a ait yakla\u015f\u0131k 27 d\u00f6n\u00fcml\u00fck bir arazi vard\u0131, araziyi Hazine\u2019den kiralad\u0131k. Bulundu\u011fumuz b\u00f6lgede y\u00fcr\u00fcy\u00fc\u015f ve bisiklet yollar\u0131 olacak. Bisiklet s\u00fcren veya y\u00fcr\u00fcyen bir ki\u015fi, totalde de 1600-1700 metrelik bir alan\u0131 kat etmi\u015f olacak. Tabi bunun i\u00e7in uygun zeminler olu\u015fturulacak. K\u0131y\u0131 b\u00f6l\u00fcm\u00fcnde oyun parklar\u0131 ve spor aletleri olacak. Yakla\u015f\u0131k 27 d\u00f6n\u00fcml\u00fck at\u0131l araziyi sahil d\u00fczenlemesi ve park bah\u00e7eler d\u00fczenlemesi ile Karaduvar ve Mersinlilere kazand\u0131rm\u0131\u015f olaca\u011f\u0131z\u201d \u015feklinde konu\u015ftu. <\/p>\n","protected":false},"excerpt":{"rendered":"<p>Akdeniz Belediyesi\u2019nin il\u00e7eye ilk kez kazand\u0131rd\u0131\u011f\u0131 ve K\u00fcrk\u00e7\u00fc Mahallesi\u2019nde kurulan asfalt plentinde so\u011fuk asfalt \u00fcretimi ba\u015flad\u0131. Tesiste \u00fcretilen so\u011fuk asfalt, ilk etapta iki mahallede toplam 10 kilometre uzunlu\u011fundaki yollara d\u00f6k\u00fcld\u00fc. &hellip; <a href=\"https:\/\/akdenizolaygazetesi.com\/?p=21388\" class=\"more-link\">Devam\u0131n\u0131 Oku&#8230;<\/a><\/p>\n","protected":false},"author":2,"featured_media":21389,"comment_status":"open","ping_status":"open","sticky":false,"template":"","format":"standard","meta":[],"categories":[2,3,5],"tags":[],"_links":{"self":[{"href":"https:\/\/akdenizolaygazetesi.com\/index.php?rest_route=\/wp\/v2\/posts\/21388"}],"collection":[{"href":"https:\/\/akdenizolaygazetesi.com\/index.php?rest_route=\/wp\/v2\/posts"}],"about":[{"href":"https:\/\/akdenizolaygazetesi.com\/index.php?rest_route=\/wp\/v2\/types\/post"}],"author":[{"embeddable":true,"href":"https:\/\/akdenizolaygazetesi.com\/index.php?rest_route=\/wp\/v2\/users\/2"}],"replies":[{"embeddable":true,"href":"https:\/\/akdenizolaygazetesi.com\/index.php?rest_route=%2Fwp%2Fv2%2Fcomments&post=21388"}],"version-history":[{"count":1,"href":"https:\/\/akdenizolaygazetesi.com\/index.php?rest_route=\/wp\/v2\/posts\/21388\/revisions"}],"predecessor-version":[{"id":21390,"href":"https:\/\/akdenizolaygazetesi.com\/index.php?rest_route=\/wp\/v2\/posts\/21388\/revisions\/21390"}],"wp:featuredmedia":[{"embeddable":true,"href":"https:\/\/akdenizolaygazetesi.com\/index.php?rest_route=\/wp\/v2\/media\/21389"}],"wp:attachment":[{"href":"https:\/\/akdenizolaygazetesi.com\/index.php?rest_route=%2Fwp%2Fv2%2Fmedia&parent=21388"}],"wp:term":[{"taxonomy":"category","embeddable":true,"href":"https:\/\/akdenizolaygazetesi.com\/index.php?rest_route=%2Fwp%2Fv2%2Fcategories&post=21388"},{"taxonomy":"post_tag","embeddable":true,"href":"https:\/\/akdenizolaygazetesi.com\/index.php?rest_route=%2Fwp%2Fv2%2Ftags&post=21388"}],"curies":[{"name":"wp","href":"https:\/\/api.w.org\/{rel}","templated":true}]}}