{"id":21392,"date":"2022-10-03T16:39:41","date_gmt":"2022-10-03T13:39:41","guid":{"rendered":"http:\/\/akdenizolaygazetesi.com\/?p=21392"},"modified":"2022-10-03T16:40:07","modified_gmt":"2022-10-03T13:40:07","slug":"universite-kazanan-akdenizli-ogrenciler-odullendirilecek","status":"publish","type":"post","link":"https:\/\/akdenizolaygazetesi.com\/?p=21392","title":{"rendered":"\u00dcniversite kazanan Akdenizli \u00f6\u011frenciler \u00f6d\u00fcllendirilecek"},"content":{"rendered":"<p>Akdeniz Belediye Meclisi Ekim ay\u0131 birinci birle\u015fimi, M. Mustafa G\u00fcltak Ba\u015fkanl\u0131\u011f\u0131\u2019nda ger\u00e7ekle\u015fti. Toplant\u0131da, il\u00e7eye ba\u011fl\u0131 65 mahalle muhtar\u0131na yap\u0131lan 500 TL\u2019lik ayni deste\u011fin 900 TL\u2019ye \u00e7\u0131kar\u0131lmas\u0131 kararla\u015ft\u0131r\u0131ld\u0131. Meclis\u2019te ayr\u0131ca 4 y\u0131ll\u0131k \u00fcniversite kazanan Akdenizli \u00f6\u011frencilere bin 750 TL, 2 y\u0131ll\u0131k b\u00f6l\u00fcm kazanan \u00f6\u011frencilere de bin TL burs deste\u011fi verilmesi \u00fcyelerin oybirli\u011fi ile kabul edildi. Bu y\u0131l 3\u2019\u00fcnc\u00fcs\u00fc d\u00fczenlenen Karaduvar Bal\u0131k Festivali\u2019nden renkli karelerin payla\u015f\u0131larak ba\u015flad\u0131\u011f\u0131 Akdeniz Belediyesi Meclis toplant\u0131s\u0131nda, farkl\u0131 dil, din, mezhep ve etnik k\u00f6kenden insan\u0131n \u0130stiklal Mar\u015f\u0131\u2019n\u0131n seslendirdi\u011fi bir video izletildi. Ard\u0131ndan Ba\u015fkan G\u00fcltak, y\u00fcz bini a\u015fk\u0131n insan\u0131n ziyaret etti\u011fi Karaduvar Bal\u0131k Festivali ile ilgili bir de\u011ferlendirme de yapt\u0131. Ba\u015fkan G\u00fcltak; \u201cFestivale yo\u011fun ilgi g\u00f6steren vatanda\u015flar\u0131m\u0131za ve Karaduvar bal\u0131k festivalimizin 3\u2019\u00fcnc\u00fcs\u00fcn\u00fcn d\u00fczenlenmesinde eme\u011fi ge\u00e7en herkese; aral\u0131ks\u0131z \u00e7al\u0131\u015f\u0131p al\u0131n teri d\u00f6ken mesai arkada\u015flar\u0131ma \u015f\u00fckranlar\u0131m\u0131 sunuyorum. B\u00f6ylesi \u00f6zel bir organizasyonu Karaduvar\u2019a, Akdeniz ve Mersinlilere kazand\u0131rm\u0131\u015f olmaktan gurur duydu\u011fumuzu bir kez daha ifade etmek isterim\u201d diye konu\u015ftu. \u00dcniversite kazanan Akdenizli \u00f6\u011frenciler \u00f6d\u00fcllendirilecek Meclis\u2019te, Akdeniz il\u00e7esinde ikamet eden 2022-2023 e\u011fitim \u00f6\u011fretim y\u0131l\u0131nda Y\u00fcksek \u00d6\u011fretim Kurumlar\u0131 s\u0131nav\u0131na girip (A\u00e7\u0131k \u00f6\u011fretim program\u0131 hari\u00e7) T\u00fcrkiye\u2019de yerle\u015fik Devlet \u00dcniversitesi ve Y\u00fcksek Okullar\u0131n\u0131 kazananlar ile T\u00fcrkiye ve KKTC\u2019de yerle\u015fik vak\u0131f \u00fcniversite ve y\u00fcksekokullar\u0131n\u0131 tam burslu kazanan \u00f6\u011frencilerin \u00f6d\u00fcllendirilmesi ile ilgili teklif komisyonlara sevk edildi. Muhtarlara ayni destek miktar\u0131 artt\u0131, Arkeoloji G\u00fcnleri\u2019ne de 20 bin TL destek Meclis\u2019te, belediye s\u0131n\u0131rlar\u0131 i\u00e7erisindeki 65 mahalle muhtar\u0131na, muhtarl\u0131k binalar\u0131nda kullan\u0131lan elektrik, su, internet, telefon vb. i\u00e7in \u00f6denen ayl\u0131k 500 TL\u2019lik \u00f6dene\u011fin 900 TL\u2019ye \u00e7\u0131kar\u0131lmas\u0131yla ilgili konu oybirli\u011fi ile kabul edildi. Di\u011fer yandan \u0130\u00e7el Sanat Kul\u00fcb\u00fc 27\u2019nci Mersin Arkeoloji G\u00fcnleri\u2019ne, belediye taraf\u0131ndan 20 bin TL destek verilmesiyle ilgili konu oybirli\u011fi ile Meclis\u2019ten ge\u00e7ti. \u201c\u015eer odaklar\u0131 bar\u0131\u015f, huzur ve karde\u015fli\u011fimiz bozamayacak\u201d Ba\u015fkan G\u00fcltak, Mezitli il\u00e7esi Tece Mahallesi\u2019nde bulunan polisevine 26 Eyl\u00fcl ak\u015fam\u0131 yap\u0131lan, bir polis memurunun \u015fehit oldu\u011fu, 1\u2019i polis 4 vatanda\u015f\u0131n yaraland\u0131\u011f\u0131 ter\u00f6r sald\u0131r\u0131s\u0131n\u0131 da k\u0131nay\u0131p lanetledi. Ba\u015fkan G\u00fcltak; \u201c\u015eehit polisimiz Sedat Gezer kahramanca \u00e7arp\u0131\u015farak, s\u0131rtlar\u0131nda bomba ta\u015f\u0131yan ter\u00f6ristlerin polisevine girmesini engellemi\u015f, daha b\u00fcy\u00fck can kayb\u0131n\u0131 \u00f6nlemi\u015ftir. Vatan topra\u011f\u0131na emanet etti\u011fimiz kahraman \u015fehidimize Allah\u2019tan rahmet, kederli ailesi, sevenleri ve emniyet camias\u0131na sab\u0131r ve metanet diliyorum. Vatan i\u00e7in, bayrak i\u00e7in, milletimizin birli\u011fi i\u00e7in topra\u011fa d\u00fc\u015fen aziz \u015fehitlerimizin h\u00e2t\u0131ras\u0131 \u00f6n\u00fcnde sayg\u0131yla e\u011filiyorum. Ter\u00f6r kimden ve nereden gelirse gelsin \u015fiddetle k\u0131n\u0131yor, lanetliyorum. Hi\u00e7bir \u015fer oda\u011f\u0131 bar\u0131\u015f, karde\u015flik ve huzurumuzu bozamayacak\u201d ifadelerini kulland\u0131. T\u00fcrk K\u0131z\u0131lay\u2019\u0131na 50 bin lira maddi destek sa\u011flanacak Meclis\u2019te T\u00fcrk K\u0131z\u0131lay\u2019\u0131na 50 bin TL maddi destek sa\u011flanmas\u0131na ili\u015fkin \u00f6nergenin g\u00fcndeme al\u0131nmas\u0131 oybirli\u011fi ile kabul edildi. Meclis Ba\u015fkan\u0131 ve \u00fcyelerine 2023 y\u0131l\u0131nda Meclis ve komisyon toplant\u0131lar\u0131na kat\u0131ld\u0131klar\u0131 g\u00fcnler i\u00e7in \u00f6denecek huzur hakk\u0131 miktar\u0131n\u0131n tespit edilmesi; ayr\u0131ca 2023 mali y\u0131l\u0131 vergi, resim, har\u00e7 ve \u00fccret tarifeleri ile ilgili teklifler komisyonlara sevk edildi. Toplant\u0131da, 2023 Mali Y\u0131l\u0131 performans Program\u0131 ile ilgili teklifin yan\u0131 s\u0131ra, Akdeniz Belediyesi\u2019nin 2023-2025 d\u00f6nemini kapsayan b\u00fct\u00e7e ile ilgili teklif oy\u00e7oklu\u011fu ile plan ve b\u00fct\u00e7e komisyonuna havalesi yap\u0131ld\u0131. \u00c7i\u00e7ek a\u00e7an nesiller projesi ba\u015fl\u0131yor\u2026 Toplant\u0131da ayr\u0131ca \u00c7ukurova Kalk\u0131nma Ajans\u0131 Sosyal Geli\u015ftirmeyi Destekleme Program\u0131 kapsam\u0131nda; \u201c\u00c7i\u00e7ek A\u00e7an Nesiller \/ \u0130\u00e7 Mek\u00e2n S\u00fcs Bitkileri \u00dcretim ve E\u011fitim Merkezi Projesi\u201d i\u00e7in s\u00f6zle\u015fmeler imzalamak ve projeler uygulamak \u00fczere Akdeniz Belediye Ba\u015fkan\u0131 Mustafa G\u00fcltak\u2019a yetki verilmesi ile ilgili komisyonlardan kabulle gelen g\u00fcndem maddesi de yine oybirli\u011fi ile kabul edildi. Akdeniz Belediyesi\u2019ne ait baz\u0131 hisse ve parsellerin sat\u0131\u015f\u0131 ile ilgili yasalar kapsam\u0131nda belediye enc\u00fcmenine yetki verilmesi ile komisyonlardan gelen \u00e7e\u015fitli konular\u0131n da Meclis\u2019te g\u00f6r\u00fc\u015f\u00fclerek kabul edilmesinden sonra, belediyede yap\u0131lan atama ve g\u00f6revlendirmeler ile ilgili meclis \u00fcyeleri bilgilendirildi. Ard\u0131ndan g\u00fcndeme al\u0131nan \u00f6nergeler yeniden okunup komisyonlara havalesi yap\u0131ld\u0131. Akdeniz Belediye Meclisi\u2019nin bir sonraki toplant\u0131s\u0131, 21 Ekim 2022 Cuma G\u00fcn\u00fc saat 10:00\u2019da yap\u0131lacak. (Haber Merkezi)<\/p>\n","protected":false},"excerpt":{"rendered":"<p>Akdeniz Belediye Meclisi Ekim ay\u0131 birinci birle\u015fimi, M. Mustafa G\u00fcltak Ba\u015fkanl\u0131\u011f\u0131\u2019nda ger\u00e7ekle\u015fti. Toplant\u0131da, il\u00e7eye ba\u011fl\u0131 65 mahalle muhtar\u0131na yap\u0131lan 500 TL\u2019lik ayni deste\u011fin 900 TL\u2019ye \u00e7\u0131kar\u0131lmas\u0131 kararla\u015ft\u0131r\u0131ld\u0131. Meclis\u2019te ayr\u0131ca 4 &hellip; <a href=\"https:\/\/akdenizolaygazetesi.com\/?p=21392\" class=\"more-link\">Devam\u0131n\u0131 Oku&#8230;<\/a><\/p>\n","protected":false},"author":2,"featured_media":21393,"comment_status":"open","ping_status":"open","sticky":false,"template":"","format":"standard","meta":[],"categories":[2,3],"tags":[],"_links":{"self":[{"href":"https:\/\/akdenizolaygazetesi.com\/index.php?rest_route=\/wp\/v2\/posts\/21392"}],"collection":[{"href":"https:\/\/akdenizolaygazetesi.com\/index.php?rest_route=\/wp\/v2\/posts"}],"about":[{"href":"https:\/\/akdenizolaygazetesi.com\/index.php?rest_route=\/wp\/v2\/types\/post"}],"author":[{"embeddable":true,"href":"https:\/\/akdenizolaygazetesi.com\/index.php?rest_route=\/wp\/v2\/users\/2"}],"replies":[{"embeddable":true,"href":"https:\/\/akdenizolaygazetesi.com\/index.php?rest_route=%2Fwp%2Fv2%2Fcomments&post=21392"}],"version-history":[{"count":2,"href":"https:\/\/akdenizolaygazetesi.com\/index.php?rest_route=\/wp\/v2\/posts\/21392\/revisions"}],"predecessor-version":[{"id":21395,"href":"https:\/\/akdenizolaygazetesi.com\/index.php?rest_route=\/wp\/v2\/posts\/21392\/revisions\/21395"}],"wp:featuredmedia":[{"embeddable":true,"href":"https:\/\/akdenizolaygazetesi.com\/index.php?rest_route=\/wp\/v2\/media\/21393"}],"wp:attachment":[{"href":"https:\/\/akdenizolaygazetesi.com\/index.php?rest_route=%2Fwp%2Fv2%2Fmedia&parent=21392"}],"wp:term":[{"taxonomy":"category","embeddable":true,"href":"https:\/\/akdenizolaygazetesi.com\/index.php?rest_route=%2Fwp%2Fv2%2Fcategories&post=21392"},{"taxonomy":"post_tag","embeddable":true,"href":"https:\/\/akdenizolaygazetesi.com\/index.php?rest_route=%2Fwp%2Fv2%2Ftags&post=21392"}],"curies":[{"name":"wp","href":"https:\/\/api.w.org\/{rel}","templated":true}]}}