{"id":21396,"date":"2022-10-03T16:42:57","date_gmt":"2022-10-03T13:42:57","guid":{"rendered":"http:\/\/akdenizolaygazetesi.com\/?p=21396"},"modified":"2022-10-03T16:42:57","modified_gmt":"2022-10-03T13:42:57","slug":"baskan-yilmaz-kurdali-mahallesinde-asfalt-calismalarini-inceledi","status":"publish","type":"post","link":"https:\/\/akdenizolaygazetesi.com\/?p=21396","title":{"rendered":"BA\u015eKAN YILMAZ, KURDAL\u0130 MAHALLES\u0130NDE ASFALT \u00c7ALI\u015eMALARINI \u0130NCELED\u0130"},"content":{"rendered":"<p>Toroslar Belediye Ba\u015fkan\u0131 Ats\u0131z Af\u015f\u0131n Y\u0131lmaz, alt yap\u0131 \u00e7al\u0131\u015fmalar\u0131 tamamlanan mahallelerde y\u00fcr\u00fctt\u00fckleri \u00fcst yap\u0131 \u00e7al\u0131\u015fmalar\u0131n\u0131 takip ederek, hem\u015fehrileriyle bulu\u015fuyor.<\/p>\n<p>Kurdali Mahallesinde devam eden asfalt serim \u00e7al\u0131\u015fmalar\u0131n\u0131 Mahalle Muhtar\u0131 Abdullah \u0130nan ile birlikte inceleyen Ba\u015fkan Y\u0131lmaz, mahallede \u00e7ocuklar\u0131n sevgi g\u00f6sterileriyle kar\u015f\u0131la\u015ft\u0131. \u00c7ocuklarla tek tek sohbet eden Ba\u015fkan Y\u0131lmaz, onlara \u00f6zel haz\u0131rlatt\u0131\u011f\u0131 boyama kitaplar\u0131n\u0131 hediye etti.<\/p>\n<p>Toroslar Belediyesi Fen \u0130\u015fleri M\u00fcd\u00fcrl\u00fc\u011f\u00fc ekipleri; il\u00e7e genelinde su, elektrik, do\u011falgaz ve internet gibi alt yap\u0131 \u00e7al\u0131\u015fmalar\u0131 nedeniyle asfalt b\u00fct\u00fcnl\u00fc\u011f\u00fc bozulan ve tahrip olan yollarda asfaltlama \u00e7al\u0131\u015fmalar\u0131n\u0131 aral\u0131ks\u0131z s\u00fcrd\u00fcr\u00fcyor.<\/p>\n<p>\u00c7a\u011fda\u015fkent Mahallesi&#8217;nin ard\u0131ndan Yusuf K\u0131l\u0131\u00e7, \u00c7ukurova, Toroslar, Osmaniye, Mithat Toro\u011flu ve Kurdali Mahallelerinde ger\u00e7ekle\u015ftirilen asfalt serim \u00e7al\u0131\u015fmalar\u0131 ile yollar daha d\u00fczenli ve modern bir g\u00f6r\u00fcn\u00fcme kavu\u015furken, mahalle sakinleri de bu hizmetlerinden dolay\u0131 Ba\u015fkan Y\u0131lmaz&#8217;a te\u015fekk\u00fcr etti.<\/p>\n<p>Vatanda\u015flar\u0131n ula\u015f\u0131m konforunu art\u0131rmak i\u00e7in yap\u0131lan asfalt bak\u0131m \u00e7al\u0131\u015fmalar\u0131 belirlenen di\u011fer mahallelerde de devam edecek.<\/p>\n<p>&#8220;S\u00f6z Verdi\u011fimizden Daha Fazlas\u0131n\u0131 Yap\u0131yoruz&#8221;<\/p>\n<p>Kurdali Mahallesi&#8217;ndeki \u00e7al\u0131\u015fmalar\u0131 takip eden ve ekiplerden bilgiler alan Ba\u015fkan Y\u0131lmaz; &#8220;Hem\u015fehrilerimizin, ya\u015fam alanlar\u0131n\u0131 g\u00fczelle\u015ftirmek ad\u0131na \u00e7al\u0131\u015fmalar\u0131m\u0131za t\u00fcm h\u0131z\u0131yla devam edece\u011fiz. Toroslar halk\u0131 her \u015feyin en g\u00fczeline lay\u0131k&#8221; dedi.<\/p>\n<p>Ba\u015fkan Y\u0131lmaz; &#8220;Toroslar\u0131m\u0131z\u0131 hak etti\u011fi marka il\u00e7e konumuna getirebilmek i\u00e7in var g\u00fcc\u00fcm\u00fczle \u00e7al\u0131\u015f\u0131yoruz. Sa\u011fl\u0131k, e\u011fitim, k\u00fclt\u00fcr ve sosyal alanlarda y\u00fcr\u00fctt\u00fc\u011f\u00fcm\u00fcz projelerimizin yan\u0131 s\u0131ra alt yap\u0131 sorunlar\u0131 bitmi\u015f, \u00fcst yap\u0131 \u00e7al\u0131\u015fmalar\u0131 tamamlanm\u0131\u015f bir il\u00e7e hedefindeyiz. Hem\u015fehrilerimizle birlikte omuz omuza hizmete devam edece\u011fiz&#8221; diye konu\u015ftu.<\/p>\n","protected":false},"excerpt":{"rendered":"<p>Toroslar Belediye Ba\u015fkan\u0131 Ats\u0131z Af\u015f\u0131n Y\u0131lmaz, alt yap\u0131 \u00e7al\u0131\u015fmalar\u0131 tamamlanan mahallelerde y\u00fcr\u00fctt\u00fckleri \u00fcst yap\u0131 \u00e7al\u0131\u015fmalar\u0131n\u0131 takip ederek, hem\u015fehrileriyle bulu\u015fuyor. Kurdali Mahallesinde devam eden asfalt serim \u00e7al\u0131\u015fmalar\u0131n\u0131 Mahalle Muhtar\u0131 Abdullah \u0130nan &hellip; <a href=\"https:\/\/akdenizolaygazetesi.com\/?p=21396\" class=\"more-link\">Devam\u0131n\u0131 Oku&#8230;<\/a><\/p>\n","protected":false},"author":2,"featured_media":21397,"comment_status":"open","ping_status":"open","sticky":false,"template":"","format":"standard","meta":[],"categories":[1,2,3,5],"tags":[],"_links":{"self":[{"href":"https:\/\/akdenizolaygazetesi.com\/index.php?rest_route=\/wp\/v2\/posts\/21396"}],"collection":[{"href":"https:\/\/akdenizolaygazetesi.com\/index.php?rest_route=\/wp\/v2\/posts"}],"about":[{"href":"https:\/\/akdenizolaygazetesi.com\/index.php?rest_route=\/wp\/v2\/types\/post"}],"author":[{"embeddable":true,"href":"https:\/\/akdenizolaygazetesi.com\/index.php?rest_route=\/wp\/v2\/users\/2"}],"replies":[{"embeddable":true,"href":"https:\/\/akdenizolaygazetesi.com\/index.php?rest_route=%2Fwp%2Fv2%2Fcomments&post=21396"}],"version-history":[{"count":1,"href":"https:\/\/akdenizolaygazetesi.com\/index.php?rest_route=\/wp\/v2\/posts\/21396\/revisions"}],"predecessor-version":[{"id":21398,"href":"https:\/\/akdenizolaygazetesi.com\/index.php?rest_route=\/wp\/v2\/posts\/21396\/revisions\/21398"}],"wp:featuredmedia":[{"embeddable":true,"href":"https:\/\/akdenizolaygazetesi.com\/index.php?rest_route=\/wp\/v2\/media\/21397"}],"wp:attachment":[{"href":"https:\/\/akdenizolaygazetesi.com\/index.php?rest_route=%2Fwp%2Fv2%2Fmedia&parent=21396"}],"wp:term":[{"taxonomy":"category","embeddable":true,"href":"https:\/\/akdenizolaygazetesi.com\/index.php?rest_route=%2Fwp%2Fv2%2Fcategories&post=21396"},{"taxonomy":"post_tag","embeddable":true,"href":"https:\/\/akdenizolaygazetesi.com\/index.php?rest_route=%2Fwp%2Fv2%2Ftags&post=21396"}],"curies":[{"name":"wp","href":"https:\/\/api.w.org\/{rel}","templated":true}]}}