{"id":21399,"date":"2022-10-03T16:44:43","date_gmt":"2022-10-03T13:44:43","guid":{"rendered":"http:\/\/akdenizolaygazetesi.com\/?p=21399"},"modified":"2022-10-03T16:44:43","modified_gmt":"2022-10-03T13:44:43","slug":"ozgurluk-mahallesi-cocuklarinin-egitimini-engellediniz","status":"publish","type":"post","link":"https:\/\/akdenizolaygazetesi.com\/?p=21399","title":{"rendered":"\u201c\u00d6ZG\u00dcRL\u00dcK MAHALLES\u0130 \u00c7OCUKLARININ E\u011e\u0130T\u0130M\u0130N\u0130 ENGELLED\u0130N\u0130Z\u201d"},"content":{"rendered":"<p>Akdeniz Belediye Ba\u015fkan\u0131 M. Mustafa G\u00fcltak, \u00d6zg\u00fcrl\u00fck Mahallesi\u2019nde yap\u0131lmak istenen okulla ilgili Meclis karar\u0131na iptal davas\u0131 a\u00e7an HDP\u2019li \u00fcyelere sert s\u00f6zlerle tepki g\u00f6sterdi. Ba\u015fkan G\u00fcltak; \u201c\u00d6zg\u00fcrl\u00fck Mahallesi\u2019ne bir ortaokul yap\u0131lmas\u0131 i\u00e7in Bakanl\u0131\u011fa arsa tahsisi yapaca\u011f\u0131z. Fakat siz kalk\u0131p buna dava a\u00e7\u0131yorsunuz. Sizler e\u011fitime de mi kar\u015f\u0131s\u0131n\u0131z? \u00d6zg\u00fcrl\u00fck Mahallesi\u2019nin \u00e7ocuklar\u0131na yaz\u0131k\u201d dedi.<br \/>\n\u201cOrtaokul i\u00e7in yapt\u0131\u011f\u0131m\u0131z tahsise kar\u015f\u0131 neden dava a\u00e7t\u0131n\u0131z?\u201d<br \/>\nAkdeniz Belediye Meclisi\u2019nin Ekim ay\u0131 ilk toplant\u0131s\u0131n\u0131n temenni ve \u00f6neriler b\u00f6l\u00fcm\u00fcnde \u00e7e\u015fitli g\u00fcndem ve konular tart\u0131\u015f\u0131ld\u0131. HDP\u2019li Meclis \u00fcyelerinin; Belediye Meclisi\u2019nin 29 Temmuz 2022 tarihinde d\u00fczenlenen toplant\u0131s\u0131ndaki bor\u00e7lanma ve tahsis kararlar\u0131 ile ilgili mahkemeye sundu\u011fu \u2018iptal davas\u0131\u2019 dilek\u00e7elerini g\u00f6stererek Meclis\u2019e hitap eden Ba\u015fkan Mustafa G\u00fcltak; \u201cBor\u00e7lanma talebimize ve Y\u0131lmaz G\u00fcney Gen\u00e7lik Merkezi\u2019nin tahsisine kar\u015f\u0131 iptal davas\u0131 a\u00e7t\u0131n\u0131z; bunu anlar\u0131m. Eski TEDA\u015e binas\u0131n\u0131n tahsisi ile ilgili de dava a\u00e7t\u0131n\u0131z, onu da anlar\u0131m. Peki, Allah i\u00e7in, Muhammed i\u00e7in\u2026 Yahu bir okul yap\u0131lacak ya, bir araziye ortaokul yap\u0131lacak! Sizler e\u011fitime de mi kar\u015f\u0131s\u0131n\u0131z? T\u00fcm di\u011fer ret kararlar\u0131 hakk\u0131n\u0131z ama \u00d6zg\u00fcrl\u00fck Mahallesi\u2019ne bir ortaokul i\u00e7in arsa tahsisi yapaca\u011f\u0131z. Fakat siz kalk\u0131p buna da kar\u015f\u0131 dava a\u00e7\u0131yorsunuz\u201d s\u00f6zleriyle tepkisini dile getirdi.<br \/>\n\u201c\u00c7ocuklar\u0131n e\u011fitimini engellediniz!\u201d<br \/>\nBa\u015fkan G\u00fcltak, Meclis kararlar\u0131n\u0131n her bir maddesine ayr\u0131 ayr\u0131 dava a\u00e7mak gerekti\u011fine de dikkat \u00e7ekti\u011fi konu\u015fmas\u0131nda; \u201c\u0130stedi\u011finiz kadar dava a\u00e7t\u0131n\u0131z, peki e\u011fitime neden (dava) a\u00e7\u0131yorsunuz? Yani Milli E\u011fitim Bakanl\u0131\u011f\u0131\u2019na tahsis etti\u011fimiz yer; \u00d6zg\u00fcrl\u00fck Mahallesi\u2019ne bir ortaokul yap\u0131lacak. Siz buna da dava a\u00e7\u0131yorsunuz. Maddelere tek tek dava a\u00e7mak zorundas\u0131n\u0131z ama buna a\u00e7mayabilirdiniz. \u00d6zellikle e\u011fitimci ge\u00e7inenler ile Gazi Mustafa Kemal Atat\u00fcrk\u2019\u00fcn, Cumhuriyeti kuran partinin Meclis \u00fcyelerine \u00fcz\u00fcl\u00fcyorum. E\u011fer usulden hata olsa da burada bir okul yap\u0131lacak. Kimseye arazi vermiyor veya satm\u0131yoruz. Devletin mal\u0131n\u0131 yine devlete veriyoruz. \u00d6zg\u00fcrl\u00fck Mahallesi\u2019nin \u00e7ocuklar\u0131 e\u011fitim als\u0131n diye ortaokul yap\u0131yoruz ama buna da dava a\u00e7\u0131yorsunuz. Sizler, \u00d6zg\u00fcrl\u00fck Mahallesi\u2019nin \u00e7ocuklar\u0131n\u0131n e\u011fitimini engellediniz\u201d ifadelerini kulland\u0131.<\/p>\n","protected":false},"excerpt":{"rendered":"<p>Akdeniz Belediye Ba\u015fkan\u0131 M. Mustafa G\u00fcltak, \u00d6zg\u00fcrl\u00fck Mahallesi\u2019nde yap\u0131lmak istenen okulla ilgili Meclis karar\u0131na iptal davas\u0131 a\u00e7an HDP\u2019li \u00fcyelere sert s\u00f6zlerle tepki g\u00f6sterdi. Ba\u015fkan G\u00fcltak; \u201c\u00d6zg\u00fcrl\u00fck Mahallesi\u2019ne bir ortaokul yap\u0131lmas\u0131 &hellip; <a href=\"https:\/\/akdenizolaygazetesi.com\/?p=21399\" class=\"more-link\">Devam\u0131n\u0131 Oku&#8230;<\/a><\/p>\n","protected":false},"author":2,"featured_media":21400,"comment_status":"open","ping_status":"open","sticky":false,"template":"","format":"standard","meta":[],"categories":[2,3,5],"tags":[],"_links":{"self":[{"href":"https:\/\/akdenizolaygazetesi.com\/index.php?rest_route=\/wp\/v2\/posts\/21399"}],"collection":[{"href":"https:\/\/akdenizolaygazetesi.com\/index.php?rest_route=\/wp\/v2\/posts"}],"about":[{"href":"https:\/\/akdenizolaygazetesi.com\/index.php?rest_route=\/wp\/v2\/types\/post"}],"author":[{"embeddable":true,"href":"https:\/\/akdenizolaygazetesi.com\/index.php?rest_route=\/wp\/v2\/users\/2"}],"replies":[{"embeddable":true,"href":"https:\/\/akdenizolaygazetesi.com\/index.php?rest_route=%2Fwp%2Fv2%2Fcomments&post=21399"}],"version-history":[{"count":1,"href":"https:\/\/akdenizolaygazetesi.com\/index.php?rest_route=\/wp\/v2\/posts\/21399\/revisions"}],"predecessor-version":[{"id":21401,"href":"https:\/\/akdenizolaygazetesi.com\/index.php?rest_route=\/wp\/v2\/posts\/21399\/revisions\/21401"}],"wp:featuredmedia":[{"embeddable":true,"href":"https:\/\/akdenizolaygazetesi.com\/index.php?rest_route=\/wp\/v2\/media\/21400"}],"wp:attachment":[{"href":"https:\/\/akdenizolaygazetesi.com\/index.php?rest_route=%2Fwp%2Fv2%2Fmedia&parent=21399"}],"wp:term":[{"taxonomy":"category","embeddable":true,"href":"https:\/\/akdenizolaygazetesi.com\/index.php?rest_route=%2Fwp%2Fv2%2Fcategories&post=21399"},{"taxonomy":"post_tag","embeddable":true,"href":"https:\/\/akdenizolaygazetesi.com\/index.php?rest_route=%2Fwp%2Fv2%2Ftags&post=21399"}],"curies":[{"name":"wp","href":"https:\/\/api.w.org\/{rel}","templated":true}]}}