{"id":21402,"date":"2022-10-04T13:26:45","date_gmt":"2022-10-04T10:26:45","guid":{"rendered":"http:\/\/akdenizolaygazetesi.com\/?p=21402"},"modified":"2022-10-04T13:26:45","modified_gmt":"2022-10-04T10:26:45","slug":"tarsusta-defne-uretim-tatbikati-yapildi","status":"publish","type":"post","link":"https:\/\/akdenizolaygazetesi.com\/?p=21402","title":{"rendered":"Tarsus\u2019ta defne \u00fcretim tatbikat\u0131 yap\u0131ld\u0131"},"content":{"rendered":"<p>Defne kalitesini art\u0131rmak, verimi y\u00fckseltmek ve yanl\u0131\u015f uygulamalar\u0131n \u00f6n\u00fcne ge\u00e7mek amac\u0131yla Tarsus Emirler Mahallesinde \u00fcretime ba\u015flanacak defne sahas\u0131nda \u00fcretim tatbikat\u0131 yap\u0131ld\u0131.<br \/>\nTatbikata, Ekosistem Hizmetleri \u015eube M\u00fcd\u00fcr\u00fc Muhammet Aslanhan, Tarsus Orman \u0130\u015fletme M\u00fcd\u00fcr\u00fc Muhammet K\u00f6se, \u0130\u015fletme M\u00fcd\u00fcr Yard\u0131mc\u0131s\u0131 Hasan \u015eevk, Orman \u0130\u015fletme \u015eefleri, defne ihalesini alan m\u00fc\u015fteri ve \u00fcretimde \u00e7al\u0131\u015facak k\u00f6yl\u00fcler kat\u0131ld\u0131.<br \/>\nDefne \u00fcreticileri ile sahada \u00e7al\u0131\u015fan i\u015f\u00e7ilere, defne alanlar\u0131nda \u00fcretimin nas\u0131l yap\u0131laca\u011f\u0131, defnenin bol miktarda k\u00f6k ve k\u00fct\u00fck s\u00fcrg\u00fcn\u00fc verme \u00f6zelli\u011fi oldu\u011funu,  uygulanacak kesimlerde bitkinin s\u00fcrg\u00fcn verme kabiliyetinin k\u00f6reltilmemesi gerekti\u011fini, tekni\u011fine uygun \u00fcretim ile hem verimin hem de \u00fcr\u00fcn kalitesinin artaca\u011f\u0131 uygulamal\u0131 olarak anlat\u0131ld\u0131.<br \/>\nTarsus Orman \u0130\u015fletme M\u00fcd\u00fcrl\u00fc\u011f\u00fcnde Defne Faydalanma Plan\u0131 yap\u0131lan alan 3.740 ha olup y\u0131ll\u0131k ortalama 1.250 ha alanda \u00fcretim yap\u0131lmaktad\u0131r. Y\u0131ll\u0131k plan verisi ortalama 1.000 tondur.  2022 y\u0131l\u0131 348 ton defnenin ihalesi yap\u0131lm\u0131\u015f olup \u00fcretime ba\u015flan\u0131lm\u0131\u015ft\u0131r.<\/p>\n","protected":false},"excerpt":{"rendered":"<p>Defne kalitesini art\u0131rmak, verimi y\u00fckseltmek ve yanl\u0131\u015f uygulamalar\u0131n \u00f6n\u00fcne ge\u00e7mek amac\u0131yla Tarsus Emirler Mahallesinde \u00fcretime ba\u015flanacak defne sahas\u0131nda \u00fcretim tatbikat\u0131 yap\u0131ld\u0131. Tatbikata, Ekosistem Hizmetleri \u015eube M\u00fcd\u00fcr\u00fc Muhammet Aslanhan, Tarsus Orman &hellip; <a href=\"https:\/\/akdenizolaygazetesi.com\/?p=21402\" class=\"more-link\">Devam\u0131n\u0131 Oku&#8230;<\/a><\/p>\n","protected":false},"author":2,"featured_media":21403,"comment_status":"open","ping_status":"open","sticky":false,"template":"","format":"standard","meta":[],"categories":[34,3],"tags":[],"_links":{"self":[{"href":"https:\/\/akdenizolaygazetesi.com\/index.php?rest_route=\/wp\/v2\/posts\/21402"}],"collection":[{"href":"https:\/\/akdenizolaygazetesi.com\/index.php?rest_route=\/wp\/v2\/posts"}],"about":[{"href":"https:\/\/akdenizolaygazetesi.com\/index.php?rest_route=\/wp\/v2\/types\/post"}],"author":[{"embeddable":true,"href":"https:\/\/akdenizolaygazetesi.com\/index.php?rest_route=\/wp\/v2\/users\/2"}],"replies":[{"embeddable":true,"href":"https:\/\/akdenizolaygazetesi.com\/index.php?rest_route=%2Fwp%2Fv2%2Fcomments&post=21402"}],"version-history":[{"count":1,"href":"https:\/\/akdenizolaygazetesi.com\/index.php?rest_route=\/wp\/v2\/posts\/21402\/revisions"}],"predecessor-version":[{"id":21404,"href":"https:\/\/akdenizolaygazetesi.com\/index.php?rest_route=\/wp\/v2\/posts\/21402\/revisions\/21404"}],"wp:featuredmedia":[{"embeddable":true,"href":"https:\/\/akdenizolaygazetesi.com\/index.php?rest_route=\/wp\/v2\/media\/21403"}],"wp:attachment":[{"href":"https:\/\/akdenizolaygazetesi.com\/index.php?rest_route=%2Fwp%2Fv2%2Fmedia&parent=21402"}],"wp:term":[{"taxonomy":"category","embeddable":true,"href":"https:\/\/akdenizolaygazetesi.com\/index.php?rest_route=%2Fwp%2Fv2%2Fcategories&post=21402"},{"taxonomy":"post_tag","embeddable":true,"href":"https:\/\/akdenizolaygazetesi.com\/index.php?rest_route=%2Fwp%2Fv2%2Ftags&post=21402"}],"curies":[{"name":"wp","href":"https:\/\/api.w.org\/{rel}","templated":true}]}}