{"id":21405,"date":"2022-10-04T13:28:33","date_gmt":"2022-10-04T10:28:33","guid":{"rendered":"http:\/\/akdenizolaygazetesi.com\/?p=21405"},"modified":"2022-10-04T13:28:33","modified_gmt":"2022-10-04T10:28:33","slug":"14-uluslararasi-tarsus-yari-maratonu-23-ekimde-kosulacak","status":"publish","type":"post","link":"https:\/\/akdenizolaygazetesi.com\/?p=21405","title":{"rendered":"14. ULUSLARARASI TARSUS YARI MARATON&#8217;U 23 EK\u0130M&#8217;DE KO\u015eULACAK"},"content":{"rendered":"<p>Mersin B\u00fcy\u00fck\u015fehir Belediyesi Gen\u00e7lik ve Spor Hizmetleri Dairesi Ba\u015fkanl\u0131\u011f\u0131 taraf\u0131ndan d\u00fczenlenen ve bu y\u0131l 14.&#8217;s\u00fc ger\u00e7ekle\u015ftirilecek olan &#8216;Uluslararas\u0131 Tarsus Yar\u0131 Maratonu&#8217;nun haz\u0131rl\u0131klar\u0131 devam ediyor. Binlerce y\u0131ll\u0131k ge\u00e7mi\u015fiyle, Anadolu&#8217;nun en eski kentleri aras\u0131nda yer alan Tarsus&#8217;un tarih kokan yollar\u0131nda ko\u015fulacak maraton, 23 Ekim&#8217;de start alacak.<\/p>\n<p>&#8216;D\u00fcnden Yar\u0131nlara Ko\u015fuyoruz&#8217; slogan\u0131yla d\u00fczenlenen &#8217;14. Uluslararas\u0131 Tarsus Yar\u0131 Maratonu&#8217; kapsam\u0131nda, halk ko\u015fusu da yap\u0131lacak. Detayl\u0131 bilginin &#8216;spor.mersin.bel.tr&#8217; adresinden al\u0131nabildi\u011fi maratonla ilgili kay\u0131tlar ba\u015flad\u0131. Cumhuriyet Meydan\u0131&#8217;ndan start alacak olan 21 kilometrelik yar\u0131 maraton; eski Tarsus Evleri, Kleopatra Kap\u0131s\u0131, Makam Camii ve daha bir\u00e7ok tarihi alanlar\u0131n bulundu\u011fu g\u00fczergah \u00fczerinde ko\u015fulacak ve yine ba\u015flang\u0131\u00e7 noktas\u0131 olan Cumhuriyet Meydan\u0131&#8217;nda sonu\u00e7lanacak. Maratonla ilgili olarak, Tarsus&#8217;ta faaliyet y\u00fcr\u00fcten ilgili STK temsilcileriyle isti\u015fare toplant\u0131s\u0131 ger\u00e7ekle\u015ftirildi.<\/p>\n<p>Emrullah Ta\u015fk\u0131n: &#8220;Tarsus olarak bunu hepimizin sahiplenmesi gerekir&#8221;<\/p>\n<p>Tarsus Ticaret ve Sanayi Odas\u0131 Toplant\u0131 Salonu&#8217;nda ger\u00e7ekle\u015ftirilen toplant\u0131da konu\u015fan Gen\u00e7lik ve Spor Hizmetleri Dairesi Ba\u015fkan\u0131 Emrullah Ta\u015fk\u0131n, &#8220;\u015eu ana kadar yapt\u0131\u011f\u0131m\u0131z \u00e7al\u0131\u015fmalarla ilgili bilgilendirme yapmak i\u00e7in buraday\u0131z. Sizlerden alaca\u011f\u0131m\u0131z g\u00f6r\u00fc\u015fleri, fikirleri de de\u011ferlendirip, maratonu g\u00fczel bir \u015fekilde ger\u00e7ekle\u015ftirmeyi d\u00fc\u015f\u00fcn\u00fcyoruz. Hedefimiz bu. Odalar\u0131m\u0131z, borsalar\u0131m\u0131z, sivil toplum kurulu\u015flar\u0131m\u0131z, derneklerimiz, \u00fcniversitelerimiz ve \u015fu an akl\u0131ma gelmeyen di\u011fer sivil toplum kurulu\u015flar\u0131n\u0131n da bu i\u015fin i\u00e7erisinde olmas\u0131n\u0131 bekliyoruz. Sizlerden maddi de\u011fil ama, manevi destek istiyoruz. Bize destek olursan\u0131z mutlu oluruz ve Tarsus olarak bunu sahiplenirsek \u00e7ok da g\u00fczel olur&#8221; ifadelerini kulland\u0131.<\/p>\n<p>B\u00fcnyamin G\u00f6kayaz: &#8220;Amac\u0131m\u0131z Tarsus&#8217;un ad\u0131n\u0131 duyurmak&#8221;<\/p>\n<p>Gen\u00e7lik ve Spor Hizmetleri \u015eube M\u00fcd\u00fcr\u00fc B\u00fcnyamin G\u00f6kayaz, ama\u00e7lar\u0131n\u0131n Tarsus&#8217;u tan\u0131tmak oldu\u011funu belirterek, &#8220;Burada as\u0131l ama\u00e7 Tarsus&#8217;un ad\u0131n\u0131 duyurmak, Tarsus&#8217;u tan\u0131tmak. Kat\u0131l\u0131mc\u0131lara, yar\u0131\u015fmac\u0131lara, bas\u0131n yay\u0131n organlar\u0131 arac\u0131l\u0131\u011f\u0131yla Tarsus&#8217;un tarihi ve kadim bir kent oldu\u011funu g\u00f6stermek istiyoruz. Bu y\u0131l 14.&#8217;s\u00fcn\u00fc yapaca\u011f\u0131m\u0131z Tarsus Yar\u0131 Maratonu&#8217;nda parkurumuz \u015fehrin kalbinden, tarihinden, \u00e7ay\u0131ndan, \u015felalesinden ge\u00e7ecek&#8221; diye konu\u015ftu.<\/p>\n<p>Ali Cerraho\u011flu: &#8220;Bunun devam ediyor olmas\u0131 bizim r\u00fcyam\u0131zd\u0131&#8221;<\/p>\n<p>Ge\u00e7mi\u015f d\u00f6nem Tarsus Kent Konseyi Ba\u015fkan\u0131 Dr. Ali Cerraho\u011flu ise, pandemi nedeniyle ara verilen maratonun yeniden ko\u015fuluyor olmas\u0131ndan dolay\u0131 mutlu olduklar\u0131n\u0131 kaydederek, &#8220;Bunun devam ediyor olmas\u0131 hakikaten bizim r\u00fcyam\u0131zd\u0131. K\u0131sa bir ara verilmi\u015fti, \u015fimdi kald\u0131\u011f\u0131 yerden devam edecek. Bundan dolay\u0131 \u00e7ok mutluyuz. Eskisi gibi, hatta daha g\u00fczel, daha geni\u015f kat\u0131l\u0131ml\u0131, daha kaliteli, sporcular\u0131n ihtiya\u00e7lar\u0131n\u0131 kar\u015f\u0131layan, bol izlenen, T\u00fcrkiye&#8217;de ve hatta d\u00fcnyada ses getiren bir maraton olmas\u0131n\u0131 diliyorum&#8221; dedi.<\/p>\n","protected":false},"excerpt":{"rendered":"<p>Mersin B\u00fcy\u00fck\u015fehir Belediyesi Gen\u00e7lik ve Spor Hizmetleri Dairesi Ba\u015fkanl\u0131\u011f\u0131 taraf\u0131ndan d\u00fczenlenen ve bu y\u0131l 14.&#8217;s\u00fc ger\u00e7ekle\u015ftirilecek olan &#8216;Uluslararas\u0131 Tarsus Yar\u0131 Maratonu&#8217;nun haz\u0131rl\u0131klar\u0131 devam ediyor. Binlerce y\u0131ll\u0131k ge\u00e7mi\u015fiyle, Anadolu&#8217;nun en eski &hellip; <a href=\"https:\/\/akdenizolaygazetesi.com\/?p=21405\" class=\"more-link\">Devam\u0131n\u0131 Oku&#8230;<\/a><\/p>\n","protected":false},"author":2,"featured_media":21406,"comment_status":"open","ping_status":"open","sticky":false,"template":"","format":"standard","meta":[],"categories":[2,3,5,10],"tags":[],"_links":{"self":[{"href":"https:\/\/akdenizolaygazetesi.com\/index.php?rest_route=\/wp\/v2\/posts\/21405"}],"collection":[{"href":"https:\/\/akdenizolaygazetesi.com\/index.php?rest_route=\/wp\/v2\/posts"}],"about":[{"href":"https:\/\/akdenizolaygazetesi.com\/index.php?rest_route=\/wp\/v2\/types\/post"}],"author":[{"embeddable":true,"href":"https:\/\/akdenizolaygazetesi.com\/index.php?rest_route=\/wp\/v2\/users\/2"}],"replies":[{"embeddable":true,"href":"https:\/\/akdenizolaygazetesi.com\/index.php?rest_route=%2Fwp%2Fv2%2Fcomments&post=21405"}],"version-history":[{"count":1,"href":"https:\/\/akdenizolaygazetesi.com\/index.php?rest_route=\/wp\/v2\/posts\/21405\/revisions"}],"predecessor-version":[{"id":21407,"href":"https:\/\/akdenizolaygazetesi.com\/index.php?rest_route=\/wp\/v2\/posts\/21405\/revisions\/21407"}],"wp:featuredmedia":[{"embeddable":true,"href":"https:\/\/akdenizolaygazetesi.com\/index.php?rest_route=\/wp\/v2\/media\/21406"}],"wp:attachment":[{"href":"https:\/\/akdenizolaygazetesi.com\/index.php?rest_route=%2Fwp%2Fv2%2Fmedia&parent=21405"}],"wp:term":[{"taxonomy":"category","embeddable":true,"href":"https:\/\/akdenizolaygazetesi.com\/index.php?rest_route=%2Fwp%2Fv2%2Fcategories&post=21405"},{"taxonomy":"post_tag","embeddable":true,"href":"https:\/\/akdenizolaygazetesi.com\/index.php?rest_route=%2Fwp%2Fv2%2Ftags&post=21405"}],"curies":[{"name":"wp","href":"https:\/\/api.w.org\/{rel}","templated":true}]}}