{"id":21411,"date":"2022-10-04T13:31:32","date_gmt":"2022-10-04T10:31:32","guid":{"rendered":"http:\/\/akdenizolaygazetesi.com\/?p=21411"},"modified":"2022-10-04T13:31:32","modified_gmt":"2022-10-04T10:31:32","slug":"yuruyemez-denilen-rifat-amca-buyuksehirin-hizmetiyle-simdi-merdiven-cikiyor","status":"publish","type":"post","link":"https:\/\/akdenizolaygazetesi.com\/?p=21411","title":{"rendered":"&#8220;Y\u00dcR\u00dcYEMEZ&#8221; DEN\u0130LEN RIFAT AMCA, B\u00dcY\u00dcK\u015eEH\u0130R&#8217;\u0130N H\u0130ZMET\u0130YLE \u015e\u0130MD\u0130 MERD\u0130VEN \u00c7IKIYOR"},"content":{"rendered":"<p>Adana&#8217;da ikamet eden, ama yakaland\u0131\u011f\u0131 prostat kanseri nedeniyle tedavi i\u00e7in Mersin&#8217;e gelen 70 ya\u015f\u0131ndaki R\u0131fat D\u00f6nd\u00fc, ge\u00e7irdi\u011fi ameliyat\u0131n ard\u0131ndan hastal\u0131\u011f\u0131n omurili\u011fe s\u0131\u00e7ramas\u0131yla yata\u011fa ba\u011f\u0131ml\u0131 hale gelmi\u015fti. Kendisine bir daha y\u00fcr\u00fcmesinin imkans\u0131z oldu\u011funu s\u00f6ylediklerini belirten D\u00f6nd\u00fc&#8217;n\u00fcn tekrardan y\u00fcr\u00fcyebilme umudu, bundan 4 ay \u00f6nce Mersin B\u00fcy\u00fck\u015fehir Belediyesi&#8217;nin fizyoterapi tedavi hizmetinden haberdar olmas\u0131yla ye\u015ferdi.<br \/>\nR\u0131fat D\u00f6nd\u00fc&#8217;n\u00fcn e\u015fi Saliha Han\u0131m, hizmetten haberdar olduktan sonra B\u00fcy\u00fck\u015fehir Belediyesi ile ileti\u015fime ge\u00e7erek, tedavi i\u00e7in ba\u015fvuru yapt\u0131. Ba\u015fvurunun k\u0131sa s\u00fcrede yan\u0131tlanmas\u0131yla aile ile irtibata ge\u00e7en ekipler, R\u0131fat D\u00f6nd\u00fc&#8217;n\u00fcn tedavisine ba\u015flad\u0131. Fizyoterapist Zeynep Aslan, haftada 1 kez uygulad\u0131\u011f\u0131 tedaviyle, D\u00f6nd\u00fc&#8217;n\u00fcn y\u00fcr\u00fcmesine derman oldu. Kendisine &#8220;y\u00fcr\u00fcyemez&#8221; denilen D\u00f6nd\u00fc, \u015fimdi kendi ihtiya\u00e7lar\u0131n\u0131 kar\u015f\u0131layabiliyor, hatta merdiven dahi \u00e7\u0131kmaya ba\u015flad\u0131. Terapinin bitiminde D\u00f6nd\u00fc&#8217;n\u00fcn, destek almadan d\u0131\u015farda ba\u011f\u0131ms\u0131z bir \u015fekilde g\u00fcnl\u00fck ya\u015fant\u0131s\u0131n\u0131 s\u00fcrd\u00fcrebilece\u011fi a\u015famaya gelece\u011fi \u00f6ng\u00f6r\u00fcl\u00fcyor.<br \/>\nAslan: &#8220;\u015eu anda evin i\u00e7inde tam ba\u011f\u0131ms\u0131z bir \u015fekilde y\u00fcr\u00fcyebiliyor&#8221;<br \/>\nMersin B\u00fcy\u00fck\u015fehir Belediyesi Sa\u011fl\u0131k \u0130\u015fleri Dairesi&#8217;nde Fizyoterapist olarak g\u00f6rev yapan Zeynep Aslan, &#8220;R\u0131fat Bey&#8217;le yakla\u015f\u0131k 4 ay \u00f6nce tan\u0131\u015ft\u0131k. \u00d6nce belediyemize bir ba\u015fvuru ger\u00e7ekle\u015ftirdiler. Evlerine geldik, muayenesini yapt\u0131k. Hastam\u0131z kriterlerimize uygun oldu\u011fu i\u00e7in, fizik tedavi hizmetine ba\u015flad\u0131k. \u0130lk ba\u015flad\u0131\u011f\u0131m\u0131zda R\u0131fat Bey yata\u011fa ba\u011f\u0131ml\u0131 haldeydi. Prostat kanseri sonucu omurili\u011fe s\u0131\u00e7ram\u0131\u015ft\u0131 ve belden a\u015fa\u011f\u0131s\u0131 fel\u00e7 durumdayd\u0131. \u00d6nce yatak i\u00e7inde pasif yard\u0131ml\u0131 hareketlerle ba\u015flad\u0131\u011f\u0131m\u0131z tedavi s\u00fcreci, oturma dengesini kazanma ve yatak kenar\u0131nda aya\u011fa kalkmalara kadar s\u00fcrd\u00fc. Sonras\u0131nda da, yava\u015f yava\u015f ad\u0131m atmalar\u0131 \u00e7al\u0131\u015fmaya ba\u015flad\u0131k ve \u015fu anda evin i\u00e7inde tam ba\u011f\u0131ms\u0131z bir \u015fekilde y\u00fcr\u00fcyebiliyor. Tedavimiz halen devam ediyor. Ev i\u00e7inde tam ba\u011f\u0131ms\u0131z\u0131z, ama d\u0131\u015farda da tam ba\u011f\u0131ms\u0131z olmas\u0131 i\u00e7in, biraz daha s\u00fcreye ihtiyac\u0131m\u0131z var&#8221; diye konu\u015ftu.<br \/>\nR\u0131fat D\u00f6nd\u00fc: &#8220;Ya\u015fasa da yatalak kal\u0131r dediler, \u015fimdi y\u00fcr\u00fcyorum&#8221;<br \/>\nAdana&#8217;da ya\u015fad\u0131\u011f\u0131n\u0131, ama son 1 y\u0131ld\u0131r Mersin&#8217;de oldu\u011funu s\u00f6yleyen R\u0131fat D\u00f6nd\u00fc, tatile haz\u0131rland\u0131klar\u0131 zamanda hastal\u0131\u011f\u0131n\u0131n n\u00fcksetti\u011fini s\u00f6yledi. D\u00f6nd\u00fc, &#8220;Hastal\u0131\u011f\u0131m prostattan kansere \u00e7evirmi\u015f ve omurili\u011fe p\u0131ht\u0131 atm\u0131\u015f. Burada ameliyata ald\u0131lar. 5 aya yak\u0131n hastanede yatt\u0131ktan sonra, hastaneden umudumuzu kestik. O ara belediyeyi duyduk. Belediyeye s\u00f6yleyince, ekip yollad\u0131lar&#8221; dedi.<br \/>\nG\u00f6rd\u00fc\u011f\u00fc ilgi ve hizmetten son derece memnun oldu\u011funu ifade eden D\u00f6nd\u00fc, &#8220;Hastanede 5 ay yatt\u0131m, bir sonu\u00e7 alamad\u0131m. B\u00fcy\u00fck\u015fehir ekiplerinin sayesinde, \u015fu anda kendi ihtiya\u00e7lar\u0131m\u0131n \u00e7o\u011funu g\u00f6r\u00fcyorum. Baz\u0131 belediyelerde evlere temizlik gibi hizmetler var belki ama, sa\u011fl\u0131k hizmeti yok. Hastaneden &#8216;Kesin y\u00fcr\u00fcyemez&#8217; dediler, buna ra\u011fmen B\u00fcy\u00fck\u015fehir Belediyesi&#8217;nin fizik tedavisiyle, Allah&#8217;\u0131ma \u015f\u00fck\u00fcrler olsun \u015fu anda y\u00fcr\u00fcyorum. Hepsine te\u015fekk\u00fcr ediyorum. Hepsi benim evlad\u0131m. Hepsini ayr\u0131 ayr\u0131 seviyorum&#8221; ifadelerini kulland\u0131.<br \/>\nSaliha D\u00f6nd\u00fc: &#8220;4 ay \u00f6nceki s\u0131k\u0131nt\u0131lar\u0131m\u0131z\u0131n y\u00fczde 80&#8217;i gitti&#8221;<br \/>\nR\u0131fat D\u00f6nd\u00fc&#8217;n\u00fcn e\u015fi Saliha Han\u0131m da ya\u015fad\u0131klar\u0131 s\u00fcreci, &#8220;E\u015fim 4 ay \u00f6nce kalkam\u0131yordu. B\u00fcy\u00fck\u015fehir Belediyesi&#8217;nin ekiplerinin tedaviye ba\u015flamas\u0131yla, yava\u015f yava\u015f kalkmaya ba\u015flad\u0131. Ben de zorland\u0131m yerine g\u00f6re, ama azimli oldu\u011fu i\u00e7in y\u00fcr\u00fcyebildi. \u00c7ok \u015f\u00fck\u00fcr \u015fimdi iyi. B\u00fcy\u00fck\u015fehir Belediyesi \u00e7al\u0131\u015fanlar\u0131 \u00e7ok g\u00fczel yak\u0131nl\u0131k kurdular. Hepsi geldi. Temizlik\u00e7isi, fizik\u00e7isi, berberi hepsi. \u00c7ok g\u00fczel ilgilendiler. 4 ay \u00f6nceki s\u0131k\u0131nt\u0131lar\u0131m\u0131z\u0131n y\u00fczde 80&#8217;i gitti. \u015eimdi \u00e7ok rahat\u0131z. Her i\u015fini kendisi rahat\u00e7a g\u00f6rebiliyor&#8221; s\u00f6zleriyle anlatt\u0131.<\/p>\n","protected":false},"excerpt":{"rendered":"<p>Adana&#8217;da ikamet eden, ama yakaland\u0131\u011f\u0131 prostat kanseri nedeniyle tedavi i\u00e7in Mersin&#8217;e gelen 70 ya\u015f\u0131ndaki R\u0131fat D\u00f6nd\u00fc, ge\u00e7irdi\u011fi ameliyat\u0131n ard\u0131ndan hastal\u0131\u011f\u0131n omurili\u011fe s\u0131\u00e7ramas\u0131yla yata\u011fa ba\u011f\u0131ml\u0131 hale gelmi\u015fti. Kendisine bir daha y\u00fcr\u00fcmesinin &hellip; <a href=\"https:\/\/akdenizolaygazetesi.com\/?p=21411\" class=\"more-link\">Devam\u0131n\u0131 Oku&#8230;<\/a><\/p>\n","protected":false},"author":2,"featured_media":21412,"comment_status":"open","ping_status":"open","sticky":false,"template":"","format":"standard","meta":[],"categories":[2,3,5,9],"tags":[],"_links":{"self":[{"href":"https:\/\/akdenizolaygazetesi.com\/index.php?rest_route=\/wp\/v2\/posts\/21411"}],"collection":[{"href":"https:\/\/akdenizolaygazetesi.com\/index.php?rest_route=\/wp\/v2\/posts"}],"about":[{"href":"https:\/\/akdenizolaygazetesi.com\/index.php?rest_route=\/wp\/v2\/types\/post"}],"author":[{"embeddable":true,"href":"https:\/\/akdenizolaygazetesi.com\/index.php?rest_route=\/wp\/v2\/users\/2"}],"replies":[{"embeddable":true,"href":"https:\/\/akdenizolaygazetesi.com\/index.php?rest_route=%2Fwp%2Fv2%2Fcomments&post=21411"}],"version-history":[{"count":1,"href":"https:\/\/akdenizolaygazetesi.com\/index.php?rest_route=\/wp\/v2\/posts\/21411\/revisions"}],"predecessor-version":[{"id":21413,"href":"https:\/\/akdenizolaygazetesi.com\/index.php?rest_route=\/wp\/v2\/posts\/21411\/revisions\/21413"}],"wp:featuredmedia":[{"embeddable":true,"href":"https:\/\/akdenizolaygazetesi.com\/index.php?rest_route=\/wp\/v2\/media\/21412"}],"wp:attachment":[{"href":"https:\/\/akdenizolaygazetesi.com\/index.php?rest_route=%2Fwp%2Fv2%2Fmedia&parent=21411"}],"wp:term":[{"taxonomy":"category","embeddable":true,"href":"https:\/\/akdenizolaygazetesi.com\/index.php?rest_route=%2Fwp%2Fv2%2Fcategories&post=21411"},{"taxonomy":"post_tag","embeddable":true,"href":"https:\/\/akdenizolaygazetesi.com\/index.php?rest_route=%2Fwp%2Fv2%2Ftags&post=21411"}],"curies":[{"name":"wp","href":"https:\/\/api.w.org\/{rel}","templated":true}]}}