{"id":21417,"date":"2022-10-04T13:34:51","date_gmt":"2022-10-04T10:34:51","guid":{"rendered":"http:\/\/akdenizolaygazetesi.com\/?p=21417"},"modified":"2022-10-04T13:34:51","modified_gmt":"2022-10-04T10:34:51","slug":"baskan-yilmaz-ilce-esnafiyla-bulustu","status":"publish","type":"post","link":"https:\/\/akdenizolaygazetesi.com\/?p=21417","title":{"rendered":"BA\u015eKAN YILMAZ, \u0130L\u00c7E ESNAFIYLA BULU\u015eTU"},"content":{"rendered":"<p>Toroslar Belediye Ba\u015fkan\u0131 Ats\u0131z Af\u015f\u0131n Y\u0131lmaz, Toroslar Mahallesi&#8217;nde faaliyet g\u00f6steren esnafla bir araya gelerek, talep ve \u00f6nerilerini dinledi.<\/p>\n<p>Esnaf\u0131n yo\u011fun ilgisiyle kar\u015f\u0131lanan Ba\u015fkan Y\u0131lmaz, g\u00f6reve geldikleri g\u00fcnden bug\u00fcne kadar hayata ge\u00e7irdikleri ve planlad\u0131klar\u0131 projeler hakk\u0131nda bilgiler verdi.<\/p>\n<p>El birli\u011fiyle ve en \u00f6nemlisi g\u00f6n\u00fcl birli\u011fiyle il\u00e7eyi lay\u0131k oldu\u011fu d\u00fczeye ta\u015f\u0131mak i\u00e7in var g\u00fc\u00e7leriyle \u00e7al\u0131\u015fmaya devam ettiklerini belirten Ba\u015fkan Y\u0131lmaz; &#8220;Esnaf\u0131m\u0131z\u0131n huzuru bizim huzurumuzdur. Esnaf\u0131m\u0131za imkanlar\u0131m\u0131z \u00f6l\u00e7\u00fcs\u00fcnde destek vermeye devam edece\u011fiz&#8221; dedi.<\/p>\n<p>&#8220;Gelece\u011fin Toroslar&#8217;\u0131 ve Mersin&#8217;i i\u00e7in \u00fcreten, ter d\u00f6ken, de\u011fer katan herkese te\u015fekk\u00fcr ediyorum&#8221; diyen Ba\u015fkan Y\u0131lmaz; &#8220;G\u00fczel bir organizasyonda siz de\u011ferli esnaf\u0131m\u0131zla bir araya gelmenin mutlulu\u011funu ya\u015fad\u0131k. Allah, birli\u011fimizi ve beraberli\u011fimiz bozmas\u0131n. \u00dcretim ve \u00e7al\u0131\u015fma nerede varsa g\u00fc\u00e7 orada olur. \u0130\u015f dolay\u0131s\u0131yla kat\u0131ld\u0131\u011f\u0131m yurt d\u0131\u015f\u0131 programlar\u0131nda g\u00f6rd\u00fcm ki T\u00fcrkiye&#8217;deki dinamizm, birlik, beraberlik ve kararl\u0131l\u0131k hi\u00e7bir yerde yok. Ve b\u00f6ylece a\u015famayaca\u011f\u0131m\u0131z hi\u00e7bir g\u00fc\u00e7 yok Allah&#8217;\u0131n izniyle. Daha g\u00fczel ve daha da g\u00fc\u00e7l\u00fc bir T\u00fcrkiye i\u00e7in birlikte y\u00fcr\u00fcmeye devam edece\u011fiz. Buradaki en \u00f6nemli unsur sa\u011flam aile yap\u0131m\u0131z. Destek ve dualar\u0131n\u0131za y\u00fcrekten te\u015fekk\u00fcr ediyorum&#8221; \u015feklinde konu\u015ftu.<\/p>\n<p>Cihad Otomotiv sahibi Cihad Bayram da Ba\u015fkan Y\u0131lmaz&#8217;\u0131 i\u015fyerlerinde a\u011f\u0131rlamaktan b\u00fcy\u00fck \u015feref duyduklar\u0131n\u0131 belirterek, esnaf\u0131n her zaman yan\u0131nda olan Ba\u015fkan Y\u0131lmaz&#8217;a te\u015fekk\u00fcr etti.<\/p>\n","protected":false},"excerpt":{"rendered":"<p>Toroslar Belediye Ba\u015fkan\u0131 Ats\u0131z Af\u015f\u0131n Y\u0131lmaz, Toroslar Mahallesi&#8217;nde faaliyet g\u00f6steren esnafla bir araya gelerek, talep ve \u00f6nerilerini dinledi. Esnaf\u0131n yo\u011fun ilgisiyle kar\u015f\u0131lanan Ba\u015fkan Y\u0131lmaz, g\u00f6reve geldikleri g\u00fcnden bug\u00fcne kadar hayata &hellip; <a href=\"https:\/\/akdenizolaygazetesi.com\/?p=21417\" class=\"more-link\">Devam\u0131n\u0131 Oku&#8230;<\/a><\/p>\n","protected":false},"author":2,"featured_media":21418,"comment_status":"open","ping_status":"open","sticky":false,"template":"","format":"standard","meta":[],"categories":[2,3,5],"tags":[],"_links":{"self":[{"href":"https:\/\/akdenizolaygazetesi.com\/index.php?rest_route=\/wp\/v2\/posts\/21417"}],"collection":[{"href":"https:\/\/akdenizolaygazetesi.com\/index.php?rest_route=\/wp\/v2\/posts"}],"about":[{"href":"https:\/\/akdenizolaygazetesi.com\/index.php?rest_route=\/wp\/v2\/types\/post"}],"author":[{"embeddable":true,"href":"https:\/\/akdenizolaygazetesi.com\/index.php?rest_route=\/wp\/v2\/users\/2"}],"replies":[{"embeddable":true,"href":"https:\/\/akdenizolaygazetesi.com\/index.php?rest_route=%2Fwp%2Fv2%2Fcomments&post=21417"}],"version-history":[{"count":1,"href":"https:\/\/akdenizolaygazetesi.com\/index.php?rest_route=\/wp\/v2\/posts\/21417\/revisions"}],"predecessor-version":[{"id":21419,"href":"https:\/\/akdenizolaygazetesi.com\/index.php?rest_route=\/wp\/v2\/posts\/21417\/revisions\/21419"}],"wp:featuredmedia":[{"embeddable":true,"href":"https:\/\/akdenizolaygazetesi.com\/index.php?rest_route=\/wp\/v2\/media\/21418"}],"wp:attachment":[{"href":"https:\/\/akdenizolaygazetesi.com\/index.php?rest_route=%2Fwp%2Fv2%2Fmedia&parent=21417"}],"wp:term":[{"taxonomy":"category","embeddable":true,"href":"https:\/\/akdenizolaygazetesi.com\/index.php?rest_route=%2Fwp%2Fv2%2Fcategories&post=21417"},{"taxonomy":"post_tag","embeddable":true,"href":"https:\/\/akdenizolaygazetesi.com\/index.php?rest_route=%2Fwp%2Fv2%2Ftags&post=21417"}],"curies":[{"name":"wp","href":"https:\/\/api.w.org\/{rel}","templated":true}]}}