{"id":21420,"date":"2022-10-04T16:55:01","date_gmt":"2022-10-04T13:55:01","guid":{"rendered":"http:\/\/akdenizolaygazetesi.com\/?p=21420"},"modified":"2022-10-04T16:55:01","modified_gmt":"2022-10-04T13:55:01","slug":"secer-dogu-akdeniz-dunyadaki-guc-dengelerinin-ilgilendigi-bir-bolge","status":"publish","type":"post","link":"https:\/\/akdenizolaygazetesi.com\/?p=21420","title":{"rendered":"SE\u00c7ER: &#8220;DO\u011eU AKDEN\u0130Z, D\u00dcNYADAK\u0130 G\u00dc\u00c7 DENGELER\u0130N\u0130N \u0130LG\u0130LEND\u0130\u011e\u0130 B\u0130R B\u00d6LGE&#8221;"},"content":{"rendered":"<p>Mersin B\u00fcy\u00fck\u015fehir Belediye Ba\u015fkan\u0131 Vahap Se\u00e7er, Deniz Astsubay Meslek Y\u00fcksekokulu&#8217;nun 4-6 Ekim tarihleri aras\u0131nda Mersin Askeri Liman\u0131&#8217;n\u0131 ziyaretleri kapsam\u0131nda; E\u011fitim Filotillas\u0131 Komodoru Deniz Albay Volkan Salih Eser, \u00d6\u011frenci Kafile Komutan\u0131 Deniz Yarbay Ahmet Bayrak ve beraberindeki \u00f6\u011frencileri makam\u0131nda a\u011f\u0131rlad\u0131.<br \/>\nEser: &#8220;Buraya geldi\u011fimiz i\u00e7in \u00e7ok gurur doluyuz&#8221;<br \/>\nE\u011fitim Filotillas\u0131 Komodoru Deniz Albay Volkan Salih Eser ziyaret hakk\u0131nda Ba\u015fkan Se\u00e7er&#8217;i bilgilendirirken, &#8220;505 Astsubay Meslek Y\u00fcksekokulu \u00f6\u011frencimiz var. 2 gemi halinde TCG Cezayirli Gazi Hasanpa\u015fa ve TCG Osmangazi gemileriyle, bu a\u00e7\u0131k deniz e\u011fitimi seyirlerini icra ediyoruz. T\u00fcm \u00f6\u011frencileri temsilen, 3 temsilci arkada\u015f\u0131m\u0131z\u0131 getirdik. Buraya geldi\u011fimizden dolay\u0131 \u00e7ok gurur doluyuz. Mersin g\u00fczide bir \u015fehrimiz. Burada hem y\u00fcr\u00fcy\u00fc\u015flerimizi yapt\u0131k, hem de k\u00fclt\u00fcrel faaliyetleri yapacak arkada\u015flar&#8221; dedi.<br \/>\n\u00d6\u011frenci Kafile Komutan\u0131 Deniz Yarbay Ahmet Bayrak da &#8220;Do\u011fu Akdeniz&#8217;deki yo\u011fun faaliyetlerimizden dolay\u0131, Mersin son zamanlarda bizim i\u00e7in \u00f6nemli bir \u015fehir. Akdeniz B\u00f6lge Komutanl\u0131\u011f\u0131m\u0131z\u0131n liman\u0131 da yenilenmi\u015f. Oray\u0131 \u00f6\u011frencilerimize g\u00f6stermek, oradaki gemileri tan\u0131tmak, yine Mersin \u015fehrini, k\u00fclt\u00fcrel yerleri gezdirmek maksad\u0131yla b\u00f6yle bir planlama yapt\u0131k&#8221; diye konu\u015ftu.<br \/>\nBa\u015fkan Se\u00e7er: &#8220;\u00dclkemiz i\u00e7in Deniz Kuvvetlerimiz \u00f6nemli&#8221;<br \/>\nBa\u015fkan Se\u00e7er ziyaret dolay\u0131s\u0131yla duydu\u011fu mutlulu\u011fu ifade ederken, &#8220;\u00dclkemiz i\u00e7in Deniz Kuvvetlerimiz \u00f6nemli. 3 taraf\u0131 denizlerle \u00e7evrili bir \u00fclkeyiz. S\u0131n\u0131rlar\u0131m\u0131z\u0131n uzunluk olarak 3&#8217;te 2&#8217;si deniz. B\u00f6lgenin durumu ve \u00fclkenin stratejik konumu g\u00f6z \u00f6n\u00fcne al\u0131nd\u0131\u011f\u0131nda, bir yar\u0131mada \u015feklinde olan \u00fclkemiz a\u00e7\u0131s\u0131ndan \u00e7ok \u00f6nemli. Do\u011fu Akdeniz&#8217;den Karadeniz&#8217;e, bo\u011fazlardan Ege&#8217;ye kadar, d\u00fcnyan\u0131n takip etti\u011fi hadiselerin s\u0131k\u00e7a ya\u015fand\u0131\u011f\u0131 bir yer. Neticede Karadeniz&#8217;deki, bo\u011fazlardaki bir geli\u015fme ya da Do\u011fu Akdeniz&#8217;deki bir geli\u015fme, bir\u00e7ok co\u011frafyay\u0131 ya da bir\u00e7ok \u00fclkeyi etkiliyor. D\u00fcnyadaki baz\u0131 g\u00fc\u00e7 dengelerinin de ilgilendi\u011fi bir b\u00f6lge buras\u0131. O a\u00e7\u0131dan da \u00f6nemsiyoruz ve gen\u00e7lerimize, gen\u00e7 komutanlar\u0131m\u0131za, askerlerimize, denizcilerimize ba\u015far\u0131lar diliyoruz. Siz de\u011ferli komutanlar\u0131m\u0131za da, \u00e7ocuklar\u0131m\u0131za sa\u011flad\u0131\u011f\u0131n\u0131z katk\u0131lardan dolay\u0131 ayr\u0131ca te\u015fekk\u00fcr ediyorum&#8221; dedi.<br \/>\nBa\u015fkan Se\u00e7er&#8217;in &#8220;Mersin&#8217;i nas\u0131l buldunuz?&#8221; sorusu \u00fczerine konu\u015fan E\u011fitim Filotillas\u0131 Komodoru Deniz Albay Volkan Salih Eser, &#8220;Mersin \u00e7ok g\u00fczel. Zaten biz de esas\u0131nda buraya liman yapmay\u0131 \u00e7ok istiyoruz, ama faaliyetler nedeniyle ve ge\u00e7en sene de pandemi nedeniyle gemiden \u00e7\u0131k\u0131\u015f\u0131m\u0131z yasakt\u0131. \u00d6\u011frencilerimizi Mersin Liman\u0131&#8217;n\u0131n \u00f6n\u00fcnden ge\u00e7irerek, tekrar ana ba\u011flama liman\u0131m\u0131za gittik. O zaman da demi\u015ftik ki; &#8216;in\u015fallah seneye geliriz.&#8217; Bu sene nasip oldu Ba\u015fkan\u0131m. \u00c7ok g\u00fczel bir \u015fehir&#8221; ifadelerini kulland\u0131.<br \/>\nBa\u015fkan Se\u00e7er ayr\u0131ca \u015fehri gezmelerini \u00f6nerirken, &#8220;F\u0131rsat\u0131n\u0131z olur mu bilemem, ama Tarsus&#8217;u da g\u00f6rmenizde yarar var. Neden? Mersin, liman ile b\u00fcy\u00fcm\u00fc\u015f bir kent. 200 ya\u015f\u0131nda.  Fakat Tarsus, mesela 8 bin ya\u015f\u0131nda. As\u0131l liman oras\u0131&#8221; dedi.<\/p>\n","protected":false},"excerpt":{"rendered":"<p>Mersin B\u00fcy\u00fck\u015fehir Belediye Ba\u015fkan\u0131 Vahap Se\u00e7er, Deniz Astsubay Meslek Y\u00fcksekokulu&#8217;nun 4-6 Ekim tarihleri aras\u0131nda Mersin Askeri Liman\u0131&#8217;n\u0131 ziyaretleri kapsam\u0131nda; E\u011fitim Filotillas\u0131 Komodoru Deniz Albay Volkan Salih Eser, \u00d6\u011frenci Kafile Komutan\u0131 &hellip; <a href=\"https:\/\/akdenizolaygazetesi.com\/?p=21420\" class=\"more-link\">Devam\u0131n\u0131 Oku&#8230;<\/a><\/p>\n","protected":false},"author":2,"featured_media":21421,"comment_status":"open","ping_status":"open","sticky":false,"template":"","format":"standard","meta":[],"categories":[2,3,5],"tags":[],"_links":{"self":[{"href":"https:\/\/akdenizolaygazetesi.com\/index.php?rest_route=\/wp\/v2\/posts\/21420"}],"collection":[{"href":"https:\/\/akdenizolaygazetesi.com\/index.php?rest_route=\/wp\/v2\/posts"}],"about":[{"href":"https:\/\/akdenizolaygazetesi.com\/index.php?rest_route=\/wp\/v2\/types\/post"}],"author":[{"embeddable":true,"href":"https:\/\/akdenizolaygazetesi.com\/index.php?rest_route=\/wp\/v2\/users\/2"}],"replies":[{"embeddable":true,"href":"https:\/\/akdenizolaygazetesi.com\/index.php?rest_route=%2Fwp%2Fv2%2Fcomments&post=21420"}],"version-history":[{"count":1,"href":"https:\/\/akdenizolaygazetesi.com\/index.php?rest_route=\/wp\/v2\/posts\/21420\/revisions"}],"predecessor-version":[{"id":21422,"href":"https:\/\/akdenizolaygazetesi.com\/index.php?rest_route=\/wp\/v2\/posts\/21420\/revisions\/21422"}],"wp:featuredmedia":[{"embeddable":true,"href":"https:\/\/akdenizolaygazetesi.com\/index.php?rest_route=\/wp\/v2\/media\/21421"}],"wp:attachment":[{"href":"https:\/\/akdenizolaygazetesi.com\/index.php?rest_route=%2Fwp%2Fv2%2Fmedia&parent=21420"}],"wp:term":[{"taxonomy":"category","embeddable":true,"href":"https:\/\/akdenizolaygazetesi.com\/index.php?rest_route=%2Fwp%2Fv2%2Fcategories&post=21420"},{"taxonomy":"post_tag","embeddable":true,"href":"https:\/\/akdenizolaygazetesi.com\/index.php?rest_route=%2Fwp%2Fv2%2Ftags&post=21420"}],"curies":[{"name":"wp","href":"https:\/\/api.w.org\/{rel}","templated":true}]}}