{"id":21423,"date":"2022-10-04T16:57:11","date_gmt":"2022-10-04T13:57:11","guid":{"rendered":"http:\/\/akdenizolaygazetesi.com\/?p=21423"},"modified":"2022-10-04T16:57:11","modified_gmt":"2022-10-04T13:57:11","slug":"hedef-gelecek-yil-icinde-de-en-az-2-bin-bebege-ve-aileye-daha-ulasmak","status":"publish","type":"post","link":"https:\/\/akdenizolaygazetesi.com\/?p=21423","title":{"rendered":"Hedef, gelecek y\u0131l i\u00e7inde de en az 2 bin bebe\u011fe ve aileye daha ula\u015fmak"},"content":{"rendered":"<p>Akdeniz Belediyesi\u2019nin, 2020 y\u0131l\u0131n\u0131n ilk g\u00fcn\u00fcnde ba\u015flatt\u0131\u011f\u0131 ses getiren hizmetlerden biri olan \u201cHo\u015f Geldin Bebek Projesi\u201d sayesinde Akdeniz\u2019de ula\u015f\u0131lan bebeklerin say\u0131s\u0131 5 bine ula\u015ft\u0131. \u00dc\u00e7\u00fcz k\u0131z bebekleri do\u011fan aileyi ziyaret eden Ba\u015fkan G\u00fcltak, gelecek y\u0131l i\u00e7inde de en az 2 bin bebe\u011fe daha ula\u015fmay\u0131 hedeflediklerini belirtti.<br \/>\n\u201cDo\u011fdu\u011funda ziyaret etti\u011fimiz bebeklerimiz 3 ya\u015f\u0131n\u0131 doldurmak \u00fczere\u201d<br \/>\nAkdeniz Belediye Ba\u015fkan\u0131 M. Mustafa G\u00fcltak, \u00fc\u00e7\u00fcz k\u0131z bebek sahibi olan Fidan ve Mehmet \u00e7iftini, Karaduvar Mahallesi\u2019nde bulunan evlerinde ziyaret etti, ho\u015f geldin bebek \u00e7antas\u0131 hediye etti.  \u0130lk kez \u00e7ocuk sahibi olan ailenin, d\u00fcnyaya gelen 3\u2019\u00fcz k\u0131z bebekleri ile b\u00fcy\u00fck s\u00fcrpriz ya\u015fad\u0131\u011f\u0131n\u0131 ifade eden Ba\u015fkan G\u00fcltak; \u201cTabi ilk kez \u00e7ocuk sahibi olacak ailemizin akl\u0131na tek \u00e7ocuklar\u0131 olaca\u011f\u0131 geliyor. Ancak \u015fu anda ma\u015fallah nur topu gibi 3 k\u0131z\u0131m\u0131z var be\u015fiklerinde. \u0130simleri de Eyl\u00fcl, Masal ve Leyla. \u00dc\u00e7\u00fcz bebekleri d\u00fcnyaya gelen ailemizi tebrik ediyorum. Allah onlar\u0131, sa\u011fl\u0131kl\u0131 ve afiyet i\u00e7inde b\u00fcy\u00fcts\u00fcn. Anne-babalar\u0131na, \u00fclkemize ve milletimize hay\u0131rl\u0131 birer evlat olarak yeti\u015fmelerini temenni ediyorum\u201d dedi.<br \/>\n2023 y\u0131l\u0131 i\u00e7inde de en az 2 bin bebe\u011fe ula\u015f\u0131lmas\u0131 planlan\u0131yor<br \/>\nS\u00f6zlerini; \u201cMersin\u2019de bu g\u00fczel ve \u00f6rnek projeyi ba\u015flatan ilk belediye olmaktan dolay\u0131 gururlu ve sevin\u00e7liyiz\u201d \u015feklinde s\u00fcrd\u00fcren Ba\u015fkan G\u00fcltak; \u201cSe\u00e7ildi\u011fimizden bug\u00fcne dek ailelerimizin yan\u0131nday\u0131z, onlara \u00e7e\u015fitli hediyeler getiriyoruz. Annelerimize destek ve yard\u0131mc\u0131 olmaya \u00e7al\u0131\u015f\u0131yoruz. Sa\u011fl\u0131k veya farkl\u0131 konularda deste\u011fe ihtiya\u00e7lar\u0131 varsa yine yerine getiriyoruz. Bu g\u00fczel g\u00fcnlerinde anne ve babalar\u0131n sevincini payla\u015f\u0131p en mutlu g\u00fcnlerinde yanlar\u0131nda olmay\u0131 s\u00fcrd\u00fcrece\u011fiz. Gelecek y\u0131l i\u00e7inde en az 2 bin bebe\u011fimize daha ula\u015fmay\u0131 hedefliyoruz. B\u00f6ylelikle 4 y\u0131lda Akdeniz\u2019de ula\u015ft\u0131\u011f\u0131m\u0131z bebek ve aile say\u0131s\u0131 7 bine ula\u015facak\u201d diye konu\u015ftu.<br \/>\nBa\u015fkan G\u00fcltak, 1\u2019inci ya\u015f g\u00fcn\u00fcnde de bebekleri unutmad\u0131<br \/>\n\u00d6te yandan Akdeniz Belediye Ba\u015fkan\u0131 Mustafa G\u00fcltak, do\u011fduktan k\u0131sa bir s\u00fcre sonra ger\u00e7ekle\u015ftirdi\u011fi ho\u015f geldin bebek ziyareti ile tan\u0131\u015ft\u0131\u011f\u0131 ve bug\u00fcn 1\u2019inci ya\u015flar\u0131n\u0131 geride b\u0131rakan Utku bebek ile Mustafa Poyraz bebe\u011fi, do\u011fum g\u00fcnlerinde ziyaret etti. Bebeklerin anne ve babas\u0131yla sohbet eden, ailenin di\u011fer \u00e7ocuklar\u0131n\u0131 da hediyelerle sevindiren Ba\u015fkan G\u00fcltak; ailelere ve bebeklerine sa\u011fl\u0131k ve mutluluk dolu bir ya\u015fam diledi. Ziyaretten duyduklar\u0131 memnuniyeti dile getiren aileler de, Akdeniz\u2019de ho\u015f geldin bebek projesini ba\u015flatarak di\u011fer t\u00fcm yerel y\u00f6netimlere \u00f6rnek olan Ba\u015fkan G\u00fcltak\u2019a te\u015fekk\u00fcr ettiler. <\/p>\n","protected":false},"excerpt":{"rendered":"<p>Akdeniz Belediyesi\u2019nin, 2020 y\u0131l\u0131n\u0131n ilk g\u00fcn\u00fcnde ba\u015flatt\u0131\u011f\u0131 ses getiren hizmetlerden biri olan \u201cHo\u015f Geldin Bebek Projesi\u201d sayesinde Akdeniz\u2019de ula\u015f\u0131lan bebeklerin say\u0131s\u0131 5 bine ula\u015ft\u0131. \u00dc\u00e7\u00fcz k\u0131z bebekleri do\u011fan aileyi ziyaret &hellip; <a href=\"https:\/\/akdenizolaygazetesi.com\/?p=21423\" class=\"more-link\">Devam\u0131n\u0131 Oku&#8230;<\/a><\/p>\n","protected":false},"author":2,"featured_media":21424,"comment_status":"open","ping_status":"open","sticky":false,"template":"","format":"standard","meta":[],"categories":[3],"tags":[],"_links":{"self":[{"href":"https:\/\/akdenizolaygazetesi.com\/index.php?rest_route=\/wp\/v2\/posts\/21423"}],"collection":[{"href":"https:\/\/akdenizolaygazetesi.com\/index.php?rest_route=\/wp\/v2\/posts"}],"about":[{"href":"https:\/\/akdenizolaygazetesi.com\/index.php?rest_route=\/wp\/v2\/types\/post"}],"author":[{"embeddable":true,"href":"https:\/\/akdenizolaygazetesi.com\/index.php?rest_route=\/wp\/v2\/users\/2"}],"replies":[{"embeddable":true,"href":"https:\/\/akdenizolaygazetesi.com\/index.php?rest_route=%2Fwp%2Fv2%2Fcomments&post=21423"}],"version-history":[{"count":1,"href":"https:\/\/akdenizolaygazetesi.com\/index.php?rest_route=\/wp\/v2\/posts\/21423\/revisions"}],"predecessor-version":[{"id":21425,"href":"https:\/\/akdenizolaygazetesi.com\/index.php?rest_route=\/wp\/v2\/posts\/21423\/revisions\/21425"}],"wp:featuredmedia":[{"embeddable":true,"href":"https:\/\/akdenizolaygazetesi.com\/index.php?rest_route=\/wp\/v2\/media\/21424"}],"wp:attachment":[{"href":"https:\/\/akdenizolaygazetesi.com\/index.php?rest_route=%2Fwp%2Fv2%2Fmedia&parent=21423"}],"wp:term":[{"taxonomy":"category","embeddable":true,"href":"https:\/\/akdenizolaygazetesi.com\/index.php?rest_route=%2Fwp%2Fv2%2Fcategories&post=21423"},{"taxonomy":"post_tag","embeddable":true,"href":"https:\/\/akdenizolaygazetesi.com\/index.php?rest_route=%2Fwp%2Fv2%2Ftags&post=21423"}],"curies":[{"name":"wp","href":"https:\/\/api.w.org\/{rel}","templated":true}]}}