{"id":21432,"date":"2022-10-05T12:23:01","date_gmt":"2022-10-05T09:23:01","guid":{"rendered":"http:\/\/akdenizolaygazetesi.com\/?p=21432"},"modified":"2022-10-05T12:23:01","modified_gmt":"2022-10-05T09:23:01","slug":"mersin-sehir-tiyatrosu-maltepe-yolcusu","status":"publish","type":"post","link":"https:\/\/akdenizolaygazetesi.com\/?p=21432","title":{"rendered":"MERS\u0130N \u015eEH\u0130R T\u0130YATROSU MALTEPE YOLCUSU"},"content":{"rendered":"<p>Mersin B\u00fcy\u00fck\u015fehir Belediyesi K\u00fclt\u00fcr ve Sosyal \u0130\u015fler Dairesi b\u00fcnyesinde faaliyet g\u00f6steren Mersin \u015eehir Tiyatrosu, bu y\u0131l 4.&#8217;s\u00fc d\u00fczenlenecek olan Uluslararas\u0131 Maltepe Tiyatro Festivali&#8217;ne kat\u0131lacak. Yasmina Reza&#8217;n\u0131n &#8216;Vah\u015fet Tanr\u0131s\u0131&#8217; oyunu ile seyirci kar\u015f\u0131s\u0131na \u00e7\u0131kacak olan \u015eehir Tiyatrosu oyuncular\u0131, performanslar\u0131 ile d\u00fcnyan\u0131n \u00e7ok \u00f6nemli tiyatro insanlar\u0131ndan olu\u015fan j\u00fcrinin be\u011fenisini almaya \u00e7al\u0131\u015facaklar.<br \/>\nFestival hakk\u0131nda bilgi veren Mersin \u015eehir Tiyatrosu Genel Sanat Y\u00f6netmeni Murat Atak, &#8220;Festivale, Mersin \u015eehir Tiyatrosu da davet edildi. Bu, yar\u0131\u015fmal\u0131 bir festival. Bug\u00fcne kadar kat\u0131ld\u0131\u011f\u0131m\u0131z festivalde oyunlar oynuyor ve d\u00f6n\u00fcyorduk, ancak bunun uluslararas\u0131 bir j\u00fcrisi var. Zannediyorum 12 ki\u015fiden olu\u015fan bir j\u00fcri. D\u00fcnyan\u0131n \u00e7ok \u00f6nemli tiyatro insanlar\u0131 j\u00fcride bulunacaklar&#8221; dedi.<br \/>\nAtak: &#8220;B\u00f6yle bir festivalde \u00fclkemizi temsil ediyor olmak, bizim i\u00e7in onur verici&#8221;<br \/>\nFestivale yurtd\u0131\u015f\u0131ndan Portekiz, Kuzey K\u0131br\u0131s T\u00fcrk Cumhuriyeti, S\u0131rbistan, Kosova, K\u0131rg\u0131zistan, G\u00fcney K\u0131br\u0131s Rum Y\u00f6netimi, \u00d6zbekistan, Azerbaycan, \u0130spanya ve Kazakistan&#8217;dan tiyatro gruplar\u0131n\u0131n da kat\u0131laca\u011f\u0131n\u0131 belirten Atak, &#8220;B\u00f6yle bir festivalde \u00fclkemizi temsil ediyor olmak, bizim i\u00e7in onur verici. Uluslararas\u0131 bir festival olmas\u0131 bizim i\u00e7in \u00e7ok k\u0131ymetli&#8221; diye konu\u015ftu.<br \/>\nMersin \u015eehir Tiyatrosu&#8217;nun yeniden yap\u0131land\u0131ktan sonra, \u00fcst \u00fcste ba\u015far\u0131lar kazand\u0131\u011f\u0131na dikkat \u00e7eken Atak, &#8220;Mersin \u015eehir Tiyatrosu yeniden yap\u0131land\u0131ktan sonra, T\u00fcrkiye&#8217;ye \u00fcst \u00fcste damga vurmaya ba\u015flad\u0131. Ge\u00e7en sezon yapt\u0131\u011f\u0131m\u0131z oyunlarla ilgili bir\u00e7ok \u00f6d\u00fcl ald\u0131 tiyatromuz. Hem y\u00f6netmen, hem oyuncu baz\u0131nda. Evet \u00e7ok emek veriyoruz, ama seyircimizde bunun kar\u015f\u0131l\u0131\u011f\u0131n\u0131 veriyor. \u0130stanbul&#8217;dan d\u00f6ner d\u00f6nmez, Haldun Taner&#8217;in yazd\u0131\u011f\u0131 ve benim sahneye koydu\u011fum, Cem \u0130diz&#8217;in \u015fahane besteleriyle ve Serb\u00fclent Bi\u00e7er&#8217;in koreografisiyle &#8216;G\u00f6zlerimi Kapar\u0131m Vazifemi Yapar\u0131m&#8217; oyununun pr\u00f6miyerini yapaca\u011f\u0131z. Hemen ard\u0131ndan ise, Adana B\u00fcy\u00fck\u015fehir Belediyesi&#8217;nin her y\u0131l d\u00fczenledi\u011fi \u015eehir Tiyatrolar\u0131 Festivali&#8217;ne kat\u0131laca\u011f\u0131z&#8221; \u015feklinde konu\u015ftu.<br \/>\n&#8220;Mersin&#8217;in her k\u00f6\u015fesine oyunlar\u0131m\u0131z\u0131 g\u00f6t\u00fcrece\u011fiz&#8221;<br \/>\nMersin \u015eehir Tiyatrosu olarak ulusal ve uluslararas\u0131 festivallere kat\u0131lman\u0131n yan\u0131 s\u0131ra, kendileri i\u00e7in \u00f6nemli olan\u0131n Mersinli sanatseverler oldu\u011funu da s\u00f6zlerine ekleyen Atak, &#8220;Merkez il\u00e7elerinden sonra, hemen di\u011fer il\u00e7elere gidiyoruz. S\u00fcrekli turneler yapmaktay\u0131z. \u00c7ocuk ve b\u00fcy\u00fck oyunlar\u0131m\u0131z\u0131 oralara g\u00f6t\u00fcrmekteyiz. Seyircimizle bu y\u0131l ilk defa Maltepe Uluslararas\u0131 Tiyatro Festivali&#8217;nde bulu\u015fmu\u015f olaca\u011f\u0131z. Gelir gelmez de hemen Mersinli seyircimizle kucakla\u015faca\u011f\u0131z. \u00d6ncelik Mersin seyircisi ve il\u00e7eleri olmak \u00fczere, elimizden geldi\u011fince b\u00fct\u00fcn T\u00fcrkiye&#8217;yi ayd\u0131nlatma \u00e7abas\u0131yla, Mersin&#8217;den oralara me\u015fale ta\u015f\u0131mak i\u00e7in \u00e7ok hevesli, niyetli ve haz\u0131r\u0131z&#8221; ifadelerini kulland\u0131.<\/p>\n","protected":false},"excerpt":{"rendered":"<p>Mersin B\u00fcy\u00fck\u015fehir Belediyesi K\u00fclt\u00fcr ve Sosyal \u0130\u015fler Dairesi b\u00fcnyesinde faaliyet g\u00f6steren Mersin \u015eehir Tiyatrosu, bu y\u0131l 4.&#8217;s\u00fc d\u00fczenlenecek olan Uluslararas\u0131 Maltepe Tiyatro Festivali&#8217;ne kat\u0131lacak. Yasmina Reza&#8217;n\u0131n &#8216;Vah\u015fet Tanr\u0131s\u0131&#8217; oyunu ile &hellip; <a href=\"https:\/\/akdenizolaygazetesi.com\/?p=21432\" class=\"more-link\">Devam\u0131n\u0131 Oku&#8230;<\/a><\/p>\n","protected":false},"author":2,"featured_media":21433,"comment_status":"open","ping_status":"open","sticky":false,"template":"","format":"standard","meta":[],"categories":[2,3,5],"tags":[],"_links":{"self":[{"href":"https:\/\/akdenizolaygazetesi.com\/index.php?rest_route=\/wp\/v2\/posts\/21432"}],"collection":[{"href":"https:\/\/akdenizolaygazetesi.com\/index.php?rest_route=\/wp\/v2\/posts"}],"about":[{"href":"https:\/\/akdenizolaygazetesi.com\/index.php?rest_route=\/wp\/v2\/types\/post"}],"author":[{"embeddable":true,"href":"https:\/\/akdenizolaygazetesi.com\/index.php?rest_route=\/wp\/v2\/users\/2"}],"replies":[{"embeddable":true,"href":"https:\/\/akdenizolaygazetesi.com\/index.php?rest_route=%2Fwp%2Fv2%2Fcomments&post=21432"}],"version-history":[{"count":1,"href":"https:\/\/akdenizolaygazetesi.com\/index.php?rest_route=\/wp\/v2\/posts\/21432\/revisions"}],"predecessor-version":[{"id":21434,"href":"https:\/\/akdenizolaygazetesi.com\/index.php?rest_route=\/wp\/v2\/posts\/21432\/revisions\/21434"}],"wp:featuredmedia":[{"embeddable":true,"href":"https:\/\/akdenizolaygazetesi.com\/index.php?rest_route=\/wp\/v2\/media\/21433"}],"wp:attachment":[{"href":"https:\/\/akdenizolaygazetesi.com\/index.php?rest_route=%2Fwp%2Fv2%2Fmedia&parent=21432"}],"wp:term":[{"taxonomy":"category","embeddable":true,"href":"https:\/\/akdenizolaygazetesi.com\/index.php?rest_route=%2Fwp%2Fv2%2Fcategories&post=21432"},{"taxonomy":"post_tag","embeddable":true,"href":"https:\/\/akdenizolaygazetesi.com\/index.php?rest_route=%2Fwp%2Fv2%2Ftags&post=21432"}],"curies":[{"name":"wp","href":"https:\/\/api.w.org\/{rel}","templated":true}]}}