{"id":21438,"date":"2022-10-05T12:27:01","date_gmt":"2022-10-05T09:27:01","guid":{"rendered":"http:\/\/akdenizolaygazetesi.com\/?p=21438"},"modified":"2022-10-05T12:27:01","modified_gmt":"2022-10-05T09:27:01","slug":"toroslar-belediyesinden-lgs-ve-yks-sinavlarina-girecek-ogrencilere-buyuk-destek","status":"publish","type":"post","link":"https:\/\/akdenizolaygazetesi.com\/?p=21438","title":{"rendered":"TOROSLAR BELED\u0130YES\u0130NDEN LGS VE YKS SINAVLARINA G\u0130RECEK \u00d6\u011eRENC\u0130LERE B\u00dcY\u00dcK DESTEK"},"content":{"rendered":"<p>Toroslar Belediyesi, Toroslar Akademi Projesi kapsam\u0131nda Liselere Ge\u00e7i\u015f Sistemi (LGS) ile Y\u00fcksek\u00f6\u011fretim Kurumlar\u0131 S\u0131nav\u0131&#8217;na (YKS) haz\u0131rlanacak 8. ve 12. s\u0131n\u0131f \u00f6\u011frencileri i\u00e7in \u00fccretsiz d\u00fczenleyece\u011fi Destekleme Kurslar\u0131n\u0131 hayata ge\u00e7iriyor.<\/p>\n<p>Toroslar Belediye Meclisi&#8217;nin Ekim Ay\u0131 Toplant\u0131s\u0131nda; m\u00fclkiyeti Toroslar Belediyesine ait olan Sa\u011fl\u0131k Mahallesi&#8217;ndeki binan\u0131n &#8216;Toroslar Akademi&#8217; olarak hizmete a\u00e7\u0131lmas\u0131 oy birli\u011fiyle kabul edildi.<\/p>\n<p>Toroslar Belediye Ba\u015fkan\u0131 Ats\u0131z Af\u015f\u0131n Y\u0131lmaz, il\u00e7e s\u0131n\u0131rlar\u0131 i\u00e7erisinde ikamet eden 8. ve 12. s\u0131n\u0131f \u00f6\u011frencilerine e\u011fitim deste\u011fi sunacaklar\u0131n\u0131 belirterek, Toroslar Akademi&#8217;nin hay\u0131rl\u0131 olmas\u0131n\u0131 diledi.<\/p>\n<p>LGS ve YKS destekleme kurslar\u0131na kat\u0131lmak isteyen \u00f6\u011frenciler, Toroslar Belediyesinin www.toroslarakademi.com sitesinden 10 Ekim 2022 Pazartesi g\u00fcn\u00fcne kadar \u00f6n kay\u0131tlar\u0131n\u0131 yapt\u0131rabilecek.<\/p>\n<p>&#8220;Polisevi&#8217;ni Kahramanca Korudular&#8221;<\/p>\n<p>Toroslar Belediye Meclisi&#8217;nin Ekim Ay\u0131 Toplant\u0131s\u0131, Belediye Ba\u015fkan\u0131 Ats\u0131z Af\u015f\u0131n Y\u0131lmaz&#8217;\u0131n ba\u015fkanl\u0131\u011f\u0131nda yap\u0131ld\u0131.<\/p>\n<p>Sayg\u0131 duru\u015fu ve \u0130stiklal Mar\u015f\u0131&#8217;n\u0131n okunmas\u0131n\u0131n ard\u0131ndan ba\u015flayan toplant\u0131n\u0131n a\u00e7\u0131l\u0131\u015f konu\u015fmas\u0131n\u0131 yapan Ba\u015fkan Y\u0131lmaz, ge\u00e7ti\u011fimiz hafta Tece Polisevi&#8217;ne d\u00fczenlenen hain ter\u00f6r sald\u0131r\u0131s\u0131n\u0131 Toroslar Belediye Meclisi olarak bir kez daha \u015fiddetle k\u0131nad\u0131klar\u0131n\u0131 s\u00f6yledi.<\/p>\n<p>Ba\u015fkan Y\u0131lmaz; &#8220;Bu sald\u0131r\u0131da polis memurumuz Sedat Gezer, kahramanca \u00e7arp\u0131\u015f\u0131p \u015fehit oldu. \u015eehidimize Allah&#8217;tan rahmet diliyorum. Ailesine taziyelerimizi ilettik. Bu meclisten de ailesine ve Emniyet Te\u015fkilat\u0131m\u0131za bir kez daha ba\u015fsa\u011fl\u0131\u011f\u0131 diliyoruz. Sald\u0131r\u0131da yaralanan polis memurumuz Abdulkadir \u00d6zt\u00fcrk&#8217;e de acil \u015fifalar temenni ediyorum&#8221; dedi.<\/p>\n<p>Toplant\u0131da, Toroslar Belediyesinin 2023 mali y\u0131l\u0131 performans program\u0131 tasla\u011f\u0131 ve 2023 mali y\u0131l\u0131 b\u00fct\u00e7e tasla\u011f\u0131 ile 2024-2025 y\u0131llar\u0131 tahmini b\u00fct\u00e7esi g\u00f6r\u00fc\u015f\u00fclerek, Plan ve B\u00fct\u00e7e Komisyonu&#8217;na havalesi oy birli\u011fiyle kabul edildi.<\/p>\n<p>Arpa\u00e7sakarlar Mahallesi, 153 ada, 19 ve 20 nolu parseller i\u00e7in haz\u0131rlanan plan de\u011fi\u015fikli\u011fi teklifi de g\u00f6r\u00fc\u015f\u00fclerek,  oy birli\u011fiyle \u0130mar ve Bay\u0131nd\u0131rl\u0131k ile \u00c7evre ve Sa\u011fl\u0131k Komisyonlar\u0131na havale edildi.<\/p>\n<p>Ba\u015fkan Y\u0131lmaz: &#8220;\u00d6\u011frencilerimizin Yan\u0131nday\u0131z&#8221;<\/p>\n<p>Meclis toplant\u0131s\u0131nda; Toroslar Belediyesine ait Sa\u011fl\u0131k Mahallesi,  86024 Sokak,  No: 28-32 adresinde yer alan binada, 5393 say\u0131l\u0131 Belediye Kanununun 18\/n maddesi h\u00fckm\u00fc do\u011frultusunda &#8216;TOROSLAR AKADEM\u0130&#8217; isminin verilerek e\u011fitim, et\u00fct, kurs, k\u00fct\u00fcphane,  kafeterya vb. hizmetlerin ger\u00e7ekle\u015ftirilmesine ili\u015fkin teklif g\u00f6r\u00fc\u015f\u00fclerek oy birli\u011fiyle kabul edildi.<\/p>\n<p>Kurslarla ilgili meclis \u00fcyelerini bilgilendiren Ba\u015fkan Y\u0131lmaz, birinci dereceden \u015fehit ve gazi yak\u0131nlar\u0131n\u0131n hi\u00e7bir ko\u015ful aranmadan kurslardan yararlanabilece\u011fini s\u00f6yledi.<\/p>\n<p>\u00d6\u011frencilerin not ortalamas\u0131, seviye belirleme s\u0131nav\u0131ndaki ba\u015far\u0131 d\u00fczeyi ve sosyoekonomik yap\u0131s\u0131 g\u00f6zetilerek kay\u0131tlar\u0131n yap\u0131laca\u011f\u0131n\u0131 kaydeden Ba\u015fkan Y\u0131lmaz, \u00f6\u011frencilerin Toroslar Akademi&#8217;nin 0850 533 33 30 numaral\u0131 telefonunu arayarak konuyla ilgili bilgi ve destek alabileceklerini de s\u00f6zlerine ekledi.<\/p>\n<p>Daha sonra g\u00fcndemin di\u011fer maddelerine ge\u00e7ildi. Toroslar Belediyesi s\u0131n\u0131rlar\u0131 i\u00e7erisinde faaliyet g\u00f6sterecek olan at\u0131k toplay\u0131c\u0131lar\u0131n\u0131n \u00e7al\u0131\u015fma usul ve esaslar\u0131n\u0131n belirlenece\u011fi &#8220;Toroslar Belediyesi Ba\u011f\u0131ms\u0131z S\u0131f\u0131r At\u0131k Toplay\u0131c\u0131lar\u0131 Y\u00f6netmeli\u011fi&#8221; g\u00f6r\u00fc\u015f\u00fclerek, oy birli\u011fiyle kabul edildi.<\/p>\n<p>Ekim\/2022 ay\u0131nda ger\u00e7ekle\u015ftirilecek olan &#8220;\u0130\u00e7el Sanat Kul\u00fcb\u00fc 27. Mersin Arkeoloji G\u00fcnleri&#8221; program\u0131 i\u00e7in Toroslar Belediyesi b\u00fct\u00e7esinden KDV dahil 20 bin TL maddi destek sa\u011flanmas\u0131na ili\u015fkin Plan ve B\u00fct\u00e7e Komisyonu ile E\u011fitim, K\u00fclt\u00fcr, Sanat ve Sosyal \u0130\u015fler Komisyonu&#8217;nun ortak raporlar\u0131 da g\u00f6r\u00fc\u015f\u00fclerek oy birli\u011fiyle kabul edildi.<\/p>\n<p>Toplant\u0131, dilek ve temenniler ile son buldu. Toroslar Belediye Meclisi, Ekim Ay\u0131 Toplant\u0131s\u0131&#8217;n\u0131n ikinci birle\u015fimini 18 Ekim Sal\u0131 g\u00fcn\u00fc saat 14.00&#8217;da yapacak. Kas\u0131m Ay\u0131 Toplant\u0131s\u0131 ise 1 Kas\u0131m Sal\u0131 g\u00fcn\u00fc saat 14.00&#8217;da ger\u00e7ekle\u015ftirilecek.<\/p>\n","protected":false},"excerpt":{"rendered":"<p>Toroslar Belediyesi, Toroslar Akademi Projesi kapsam\u0131nda Liselere Ge\u00e7i\u015f Sistemi (LGS) ile Y\u00fcksek\u00f6\u011fretim Kurumlar\u0131 S\u0131nav\u0131&#8217;na (YKS) haz\u0131rlanacak 8. ve 12. s\u0131n\u0131f \u00f6\u011frencileri i\u00e7in \u00fccretsiz d\u00fczenleyece\u011fi Destekleme Kurslar\u0131n\u0131 hayata ge\u00e7iriyor. Toroslar Belediye &hellip; <a href=\"https:\/\/akdenizolaygazetesi.com\/?p=21438\" class=\"more-link\">Devam\u0131n\u0131 Oku&#8230;<\/a><\/p>\n","protected":false},"author":2,"featured_media":21439,"comment_status":"open","ping_status":"open","sticky":false,"template":"","format":"standard","meta":[],"categories":[1,2,3,5],"tags":[],"_links":{"self":[{"href":"https:\/\/akdenizolaygazetesi.com\/index.php?rest_route=\/wp\/v2\/posts\/21438"}],"collection":[{"href":"https:\/\/akdenizolaygazetesi.com\/index.php?rest_route=\/wp\/v2\/posts"}],"about":[{"href":"https:\/\/akdenizolaygazetesi.com\/index.php?rest_route=\/wp\/v2\/types\/post"}],"author":[{"embeddable":true,"href":"https:\/\/akdenizolaygazetesi.com\/index.php?rest_route=\/wp\/v2\/users\/2"}],"replies":[{"embeddable":true,"href":"https:\/\/akdenizolaygazetesi.com\/index.php?rest_route=%2Fwp%2Fv2%2Fcomments&post=21438"}],"version-history":[{"count":1,"href":"https:\/\/akdenizolaygazetesi.com\/index.php?rest_route=\/wp\/v2\/posts\/21438\/revisions"}],"predecessor-version":[{"id":21440,"href":"https:\/\/akdenizolaygazetesi.com\/index.php?rest_route=\/wp\/v2\/posts\/21438\/revisions\/21440"}],"wp:featuredmedia":[{"embeddable":true,"href":"https:\/\/akdenizolaygazetesi.com\/index.php?rest_route=\/wp\/v2\/media\/21439"}],"wp:attachment":[{"href":"https:\/\/akdenizolaygazetesi.com\/index.php?rest_route=%2Fwp%2Fv2%2Fmedia&parent=21438"}],"wp:term":[{"taxonomy":"category","embeddable":true,"href":"https:\/\/akdenizolaygazetesi.com\/index.php?rest_route=%2Fwp%2Fv2%2Fcategories&post=21438"},{"taxonomy":"post_tag","embeddable":true,"href":"https:\/\/akdenizolaygazetesi.com\/index.php?rest_route=%2Fwp%2Fv2%2Ftags&post=21438"}],"curies":[{"name":"wp","href":"https:\/\/api.w.org\/{rel}","templated":true}]}}