{"id":2144,"date":"2020-11-04T18:22:38","date_gmt":"2020-11-04T15:22:38","guid":{"rendered":"http:\/\/mersinekonomipolitikagazetesi.com\/?p=2144"},"modified":"2020-11-04T18:22:38","modified_gmt":"2020-11-04T15:22:38","slug":"12-bin-kadin-oy-kullanamadi","status":"publish","type":"post","link":"https:\/\/akdenizolaygazetesi.com\/?p=2144","title":{"rendered":"12 B\u0130N KADIN OY KULLANAMADI"},"content":{"rendered":"<p>T\u00fcrkiye\u2019de 137 kad\u0131n s\u0131\u011f\u0131nma evinde kalan ve \u015fiddetten ka\u00e7an yakla\u015f\u0131k 12 bin kad\u0131n, 24 Haziran 2018 genel se\u00e7imlerinde g\u00fcvenlik sa\u011flanamad\u0131\u011f\u0131 gerek\u00e7esi ile oy kullanamad\u0131.<\/p>\n<p><span style=\"line-height: 1.6em;\">Kad\u0131na y\u00f6nelik \u015fiddetin \u00f6n\u00fcne ge\u00e7ilemeyerek g\u00fcn ge\u00e7tik\u00e7e daha da artmas\u0131n\u0131n, toplumuzda utan\u00e7 verici bir tablo oldu\u011funu ifade eden Mersin Barosu Ba\u015fkan\u0131 Av. Bilgin Ye\u015filbo\u011faz, \u201c\u015eiddete u\u011frayan kad\u0131nlar\u0131n g\u00fcvenli\u011finin sa\u011flanamad\u0131\u011f\u0131 gerek\u00e7esiyle, Anayasa ile kedisine verilmi\u015f olan se\u00e7me hakk\u0131n\u0131 kullanamamas\u0131, daha da utan\u00e7 verici bir tablodur. Bu y\u0131l uygulamaya konulan seyyar sand\u0131k uygulamas\u0131, \u015fiddet ma\u011fduru kad\u0131nlar\u0131m\u0131z i\u00e7in de rahatl\u0131kla kullan\u0131labilirdi. E\u015fit vatanda\u015fl\u0131k ilkesine ayk\u0131r\u0131d\u0131r. Bu ay\u0131p bize yeter. 24 Haziran\u2019da yap\u0131lan cumhurba\u015fkanl\u0131\u011f\u0131 ve milletvekili se\u00e7imi demokratik de\u011fildir\u201d dedi.<\/span><\/p>\n<p>Baro Ba\u015fkan\u0131 Av. Bilgin Ye\u015filbo\u011faz, \u201cAnayasa\u2019n\u0131n 10. \u00a0maddesi; herkes, dil, \u0131rk, renk, cinsiyet, siyasi d\u00fc\u015f\u00fcnce, felsefi inan\u00e7, din, mezhep ve benzeri sebeplerle ay\u0131r\u0131m g\u00f6zetilmeksizin kanun \u00f6n\u00fcnde e\u015fittir. Kad\u0131nlar ve erkekler e\u015fit haklara sahiptir. Devlet, bu e\u015fitli\u011fin ya\u015fama ge\u00e7mesini sa\u011flamakla y\u00fck\u00fcml\u00fcd\u00fcr. Bu maksatla al\u0131nacak tedbirler e\u015fitlik ilkesine ayk\u0131r\u0131 olarak yorumlanamaz\u201d demi\u015ftir.<\/p>\n<p>Anayasan\u0131n 67. maddesinde ise; vatanda\u015flar, kanunda g\u00f6sterilen \u015fartlara uygun olarak, se\u00e7me, se\u00e7ilme ve ba\u011f\u0131ms\u0131z olarak veya bir siyas\u00ee parti i\u00e7inde siyas\u00ee faaliyette bulunma ve halkoylamas\u0131na kat\u0131lma hakk\u0131na sahiptir. On sekiz ya\u015f\u0131n\u0131 dolduran her T\u00fcrk vatanda\u015f\u0131 se\u00e7me ve halkoylamas\u0131na kat\u0131lma haklar\u0131na sahiptir\u201d h\u00fckm\u00fc yer almaktad\u0131r\u201d \u015feklinde konu\u015ftu.<\/p>\n<p>\u00a0\u201cE\u015e\u0130T VATANDA\u015eLIK \u0130LKES\u0130NE AYKIRIDIR\u201d<\/p>\n<p>6284 say\u0131l\u0131 kanuna g\u00f6re, \u015fiddet ma\u011fduru kad\u0131n\u0131n kimlik bilgilerinin de\u011fi\u015ftirilmesini ya da gizlenmesini talep edebilece\u011fini belirten Baro B\u015fk. Bilgin Ye\u015filbo\u011faz, \u201cS\u0131\u011f\u0131nma evleri, Ailenin Korumas\u0131 ve Kad\u0131na Kar\u015f\u0131 \u015eiddetin \u00d6nlenmesine Dair Kanun ile \u015eiddet \u00d6nleme ve \u0130zleme Merkezleri\u2019ne (\u015e\u00d6N\u0130M) ba\u011fl\u0131d\u0131r. Bu merkezler de Aile ve Sosyal Politikalar Bakanl\u0131\u011f\u0131\u2019na ba\u011fl\u0131. Burada kalan kad\u0131nlar\u0131n adresleri \u015e\u00d6N\u0130M olarak g\u00f6sterilebilir ve oy kullanabilirler. Ya da; engelli ve ya\u015fl\u0131 vatanda\u015flar\u0131n oylar\u0131n\u0131 kullanabilmeleri i\u00e7in YSK taraf\u0131ndan bu y\u0131l uygulamaya konulan seyyar sand\u0131k hizmeti, \u015fiddet ma\u011fduru kad\u0131nlar i\u00e7in de rahatl\u0131kla kullan\u0131labilirdi. \u00a0YSK, yerel y\u00f6netimler, bakanl\u0131k, s\u0131\u011f\u0131nma evleri birlikte hareket ederek bu soruna \u00e7\u00f6z\u00fcm \u00fcretebilir, \u015fiddet ma\u011fduru kad\u0131nlar\u0131n oy kullanma haklar\u0131n\u0131 sa\u011flayabilirlerdi.<\/p>\n<p>Avrupa\u2019da bunun \u00f6rneklerini g\u00f6rebilmek m\u00fcmk\u00fcn. Avrupa\u2019da \u015fiddet ma\u011fduru kad\u0131nlar i\u00e7in s\u0131\u011f\u0131nma evleri adres olarak g\u00f6sterilmi\u015f, ya da kimlik bilgileri verilmeden topluca oy kullanma merkezlerine g\u00f6t\u00fcr\u00fclerek oy kullanmaktad\u0131rlar. \u015eiddet ma\u011fduru kad\u0131n\u0131n Anayasal haklar\u0131 elinden al\u0131namaz, ayr\u0131\u015ft\u0131r\u0131lamaz. Bu uygulama Anayasa\u2019n\u0131n e\u015fit vatanda\u015fl\u0131k ilkesine ayk\u0131r\u0131d\u0131r. Devlet \u015fiddet ma\u011fduru kad\u0131nlar\u0131 korumakla y\u00fck\u00fcml\u00fcd\u00fcr. Bu ay\u0131p bize yeter\u201d \u015feklinde konu\u015ftu.\u00a0<\/p>\n","protected":false},"excerpt":{"rendered":"<p>T\u00fcrkiye\u2019de 137 kad\u0131n s\u0131\u011f\u0131nma evinde kalan ve \u015fiddetten ka\u00e7an yakla\u015f\u0131k 12 bin kad\u0131n, 24 Haziran 2018 genel se\u00e7imlerinde g\u00fcvenlik sa\u011flanamad\u0131\u011f\u0131 gerek\u00e7esi ile oy kullanamad\u0131. Kad\u0131na y\u00f6nelik \u015fiddetin \u00f6n\u00fcne ge\u00e7ilemeyerek g\u00fcn &hellip; <a href=\"https:\/\/akdenizolaygazetesi.com\/?p=2144\" class=\"more-link\">Devam\u0131n\u0131 Oku&#8230;<\/a><\/p>\n","protected":false},"author":1,"featured_media":0,"comment_status":"open","ping_status":"open","sticky":false,"template":"","format":"standard","meta":[],"categories":[],"tags":[],"_links":{"self":[{"href":"https:\/\/akdenizolaygazetesi.com\/index.php?rest_route=\/wp\/v2\/posts\/2144"}],"collection":[{"href":"https:\/\/akdenizolaygazetesi.com\/index.php?rest_route=\/wp\/v2\/posts"}],"about":[{"href":"https:\/\/akdenizolaygazetesi.com\/index.php?rest_route=\/wp\/v2\/types\/post"}],"author":[{"embeddable":true,"href":"https:\/\/akdenizolaygazetesi.com\/index.php?rest_route=\/wp\/v2\/users\/1"}],"replies":[{"embeddable":true,"href":"https:\/\/akdenizolaygazetesi.com\/index.php?rest_route=%2Fwp%2Fv2%2Fcomments&post=2144"}],"version-history":[{"count":0,"href":"https:\/\/akdenizolaygazetesi.com\/index.php?rest_route=\/wp\/v2\/posts\/2144\/revisions"}],"wp:attachment":[{"href":"https:\/\/akdenizolaygazetesi.com\/index.php?rest_route=%2Fwp%2Fv2%2Fmedia&parent=2144"}],"wp:term":[{"taxonomy":"category","embeddable":true,"href":"https:\/\/akdenizolaygazetesi.com\/index.php?rest_route=%2Fwp%2Fv2%2Fcategories&post=2144"},{"taxonomy":"post_tag","embeddable":true,"href":"https:\/\/akdenizolaygazetesi.com\/index.php?rest_route=%2Fwp%2Fv2%2Ftags&post=2144"}],"curies":[{"name":"wp","href":"https:\/\/api.w.org\/{rel}","templated":true}]}}