{"id":21441,"date":"2022-10-05T12:28:55","date_gmt":"2022-10-05T09:28:55","guid":{"rendered":"http:\/\/akdenizolaygazetesi.com\/?p=21441"},"modified":"2022-10-05T12:28:55","modified_gmt":"2022-10-05T09:28:55","slug":"mersin-degirmencay-barajinda-tarihi-gun-govde-dolgusu-basladi","status":"publish","type":"post","link":"https:\/\/akdenizolaygazetesi.com\/?p=21441","title":{"rendered":"MERS\u0130N DE\u011e\u0130RMEN\u00c7AY BARAJI&#8217;NDA TAR\u0130H\u0130 G\u00dcN:  &#8220;G\u00d6VDE DOLGUSU BA\u015eLADI&#8221;"},"content":{"rendered":"<p>Tar\u0131m ve Orman Bakanl\u0131\u011f\u0131 Devlet Su \u0130\u015fleri (DS\u0130) Genel M\u00fcd\u00fcrl\u00fc\u011f\u00fc, tar\u0131mda modern sulamay\u0131 yayg\u0131nla\u015ft\u0131rmak, toplula\u015ft\u0131rma \u00e7al\u0131\u015fmalar\u0131yla tar\u0131m arazilerinden en y\u00fcksek fayday\u0131 sa\u011flamak, musluklara sa\u011fl\u0131kl\u0131 ve i\u00e7ilebilir su ula\u015ft\u0131rmak ve yerle\u015fim yerleri ile tar\u0131m arazilerini ta\u015fk\u0131n risklerine kar\u015f\u0131 korumak i\u00e7in t\u00fcm g\u00fcc\u00fcyle \u00e7al\u0131\u015f\u0131rken, s\u00fcrd\u00fcr\u00fclebilir su y\u00f6netimi anlay\u0131\u015f\u0131yla da suyun her damlas\u0131na sahip \u00e7\u0131k\u0131yor.<br \/>\nMersin ve il\u00e7elerinde son d\u00f6nemde yap\u0131lan su yap\u0131lar\u0131n\u0131n artmas\u0131 b\u00f6lgedeki tar\u0131msal faaliyetlerin geli\u015fmesinde de \u00f6nemli rol oynuyor. \u00d6zellikle birbiri ard\u0131na in\u015fa edilen g\u00f6letler ve barajlar \u015fehrin tar\u0131msal gelece\u011fine b\u00fcy\u00fck katk\u0131 sunuyor.<br \/>\nMersinli \u00e7ift\u00e7ilerin yak\u0131ndan takip etti\u011fi, y\u00f6renin son y\u0131llardaki en \u00f6nemli yat\u0131r\u0131mlar\u0131 aras\u0131nda g\u00f6sterilen De\u011firmen\u00e7ay Baraj\u0131&#8217;nda, \u00e7al\u0131\u015fmalar\u0131n devam etti\u011fini a\u00e7\u0131klayan DS\u0130 Genel M\u00fcd\u00fcr\u00fc Prof. Dr. L\u00fctfi AKCA, \u201cSulama maksad\u0131yla in\u015fa edilen De\u011firmen\u00e7ay Baraj\u0131 tamamland\u0131\u011f\u0131nda; Mezitli ve Yeni\u015fehir il\u00e7elerindeki 12 mahallede, toplamda 31 bin 310 dekar zirai arazi sulama suyuna kavu\u015facak, tar\u0131msal \u00fcretim i\u00e7in \u00e7ok uygun arazilerin yer ald\u0131\u011f\u0131 y\u00f6rede, \u00e7ift\u00e7ilerimiz hasretle bekledikleri sulama suyuna kavu\u015facaklard\u0131r.\u201d dedi.<br \/>\nTarihi Bir G\u00fcne \u015eahitlik Ediyoruz<br \/>\nBaraj\u0131n en \u00f6nemli a\u015famalar\u0131ndan birisine ba\u015flan\u0131ld\u0131\u011f\u0131n\u0131 m\u00fcjdeleyen Genel M\u00fcd\u00fcr AKCA; \u201cDe\u011firmen\u00e7ay Baraj\u0131&#8217;nda g\u00f6vde s\u0131y\u0131rma kaz\u0131lar\u0131 tamamlanm\u0131\u015f ve 3 Ekim 2022 tarihinde g\u00f6vde dolgusuna ba\u015flanm\u0131\u015ft\u0131r. Temelden 110,50 metre g\u00f6vde y\u00fcksekli\u011finde in\u015fa edilmekte olan Baraj&#8217;da toplamda 4 milyon 350 bin m3 g\u00f6vde dolgusu yap\u0131lacak ve kret uzunlu\u011fu yakla\u015f\u0131k 533 m olacakt\u0131r. Baraj\u2019\u0131n tamamlanmas\u0131 ile 37,5 milyon m3 su, israf edilmeden depolanarak \u00e7ift\u00e7ilerimizin hizmetine sunulacakt\u0131r\u201d ifadelerini kulland\u0131.<br \/>\nGenel M\u00fcd\u00fcr AKCA; \u201cBir tar\u0131m kenti olan Mersin\u2019de in\u015fa etmekte oldu\u011fumuz De\u011firmen\u00e7ay Baraj\u0131\u2019nda bug\u00fcn itibariyle %33 fiziki ger\u00e7ekle\u015fme sa\u011fland\u0131. Baraj\u0131n t\u00fcm a\u015famalar\u0131 ile tamamlanmas\u0131yla b\u00f6lgede yap\u0131lacak sulu tar\u0131m sayesinde hem tarlalardaki verim hem de \u00fcr\u00fcn \u00e7e\u015fitlili\u011fi artacak. Bununla birlikte istihdama ve milli ekonomiye katk\u0131 sa\u011flanacak. Hedefimiz \u00e7al\u0131\u015fmalar\u0131n bir an \u00f6nce tamamlanmas\u0131 ve Mersinli \u00e7ift\u00e7ilerimizin hizmetine sunulmas\u0131d\u0131r.\u201d dedi.<\/p>\n","protected":false},"excerpt":{"rendered":"<p>Tar\u0131m ve Orman Bakanl\u0131\u011f\u0131 Devlet Su \u0130\u015fleri (DS\u0130) Genel M\u00fcd\u00fcrl\u00fc\u011f\u00fc, tar\u0131mda modern sulamay\u0131 yayg\u0131nla\u015ft\u0131rmak, toplula\u015ft\u0131rma \u00e7al\u0131\u015fmalar\u0131yla tar\u0131m arazilerinden en y\u00fcksek fayday\u0131 sa\u011flamak, musluklara sa\u011fl\u0131kl\u0131 ve i\u00e7ilebilir su ula\u015ft\u0131rmak ve yerle\u015fim &hellip; <a href=\"https:\/\/akdenizolaygazetesi.com\/?p=21441\" class=\"more-link\">Devam\u0131n\u0131 Oku&#8230;<\/a><\/p>\n","protected":false},"author":2,"featured_media":21442,"comment_status":"open","ping_status":"open","sticky":false,"template":"","format":"standard","meta":[],"categories":[1,2,3,5],"tags":[],"_links":{"self":[{"href":"https:\/\/akdenizolaygazetesi.com\/index.php?rest_route=\/wp\/v2\/posts\/21441"}],"collection":[{"href":"https:\/\/akdenizolaygazetesi.com\/index.php?rest_route=\/wp\/v2\/posts"}],"about":[{"href":"https:\/\/akdenizolaygazetesi.com\/index.php?rest_route=\/wp\/v2\/types\/post"}],"author":[{"embeddable":true,"href":"https:\/\/akdenizolaygazetesi.com\/index.php?rest_route=\/wp\/v2\/users\/2"}],"replies":[{"embeddable":true,"href":"https:\/\/akdenizolaygazetesi.com\/index.php?rest_route=%2Fwp%2Fv2%2Fcomments&post=21441"}],"version-history":[{"count":1,"href":"https:\/\/akdenizolaygazetesi.com\/index.php?rest_route=\/wp\/v2\/posts\/21441\/revisions"}],"predecessor-version":[{"id":21443,"href":"https:\/\/akdenizolaygazetesi.com\/index.php?rest_route=\/wp\/v2\/posts\/21441\/revisions\/21443"}],"wp:featuredmedia":[{"embeddable":true,"href":"https:\/\/akdenizolaygazetesi.com\/index.php?rest_route=\/wp\/v2\/media\/21442"}],"wp:attachment":[{"href":"https:\/\/akdenizolaygazetesi.com\/index.php?rest_route=%2Fwp%2Fv2%2Fmedia&parent=21441"}],"wp:term":[{"taxonomy":"category","embeddable":true,"href":"https:\/\/akdenizolaygazetesi.com\/index.php?rest_route=%2Fwp%2Fv2%2Fcategories&post=21441"},{"taxonomy":"post_tag","embeddable":true,"href":"https:\/\/akdenizolaygazetesi.com\/index.php?rest_route=%2Fwp%2Fv2%2Ftags&post=21441"}],"curies":[{"name":"wp","href":"https:\/\/api.w.org\/{rel}","templated":true}]}}