{"id":21447,"date":"2022-10-05T12:31:59","date_gmt":"2022-10-05T09:31:59","guid":{"rendered":"http:\/\/akdenizolaygazetesi.com\/?p=21447"},"modified":"2022-10-05T12:31:59","modified_gmt":"2022-10-05T09:31:59","slug":"doyasiya-eglenmek-sizin-hakkiniz","status":"publish","type":"post","link":"https:\/\/akdenizolaygazetesi.com\/?p=21447","title":{"rendered":"DOYASIYA E\u011eLENMEK S\u0130Z\u0130N HAKKINIZ"},"content":{"rendered":"<p>Mersin B\u00fcy\u00fck\u015fehir Belediyesi, &#8216;1 Ekim D\u00fcnya Ya\u015fl\u0131lar G\u00fcn\u00fc&#8217;nde Mersin Emekli Evi&#8217;ne \u00fcye ya\u015f alm\u0131\u015f vatanda\u015flar\u0131 B\u00fcy\u00fck\u015fehir Belediyesi Konservatuvar\u0131 T\u00fcrk Sanat M\u00fczi\u011fi Toplulu\u011fu&#8217;nun konserinde bulu\u015fturdu. Ya\u015f alm\u0131\u015f vatanda\u015flar, ikramlar\u0131n yap\u0131ld\u0131\u011f\u0131 etkinlikte \u015fark\u0131lar e\u015fli\u011finde dans ederek doyas\u0131ya e\u011flendi.<br \/>\nYa\u015f alm\u0131\u015f vatanda\u015flar i\u00e7in Mersin&#8217;de g\u00f6zde bir mekan haline gelen Emekli Evi&#8217;nde d\u00fczenlenen konserde birbirinden g\u00fczel \u015fark\u0131lar s\u00f6ylendi, vatanda\u015flar keyifli vakit ge\u00e7irdi. Etkinli\u011fe Mersin B\u00fcy\u00fck\u015fehir Belediyesi Sosyal Hizmetler Dairesi Ba\u015fkan\u0131 Engin Y\u0131ld\u0131r\u0131m da kat\u0131ld\u0131.<br \/>\nY\u0131ld\u0131r\u0131m: &#8220;Sizlerle bir arada olmaktan \u00e7ok mutluyuz&#8221;<br \/>\nEtkinlik \u00f6ncesinde k\u0131sa bir a\u00e7\u0131l\u0131\u015f konu\u015fmas\u0131 yapan Sosyal Hizmetler Dairesi Ba\u015fkan\u0131 Engin Y\u0131ld\u0131r\u0131m, ya\u015f alm\u0131\u015f vatanda\u015flar\u0131n g\u00fcn\u00fcn\u00fc kutlayarak, &#8220;Kentimizin haf\u0131zas\u0131n\u0131, de\u011ferlerini olu\u015fturan k\u0131ymetli \u00fcyelerimiz, sizlerle bir arada olmaktan \u00e7ok mutluyuz. Ba\u015fkan\u0131m\u0131z &#8216;1 Ekim D\u00fcnya Ya\u015fl\u0131lar G\u00fcn\u00fc&#8217; dolay\u0131s\u0131yla d\u00fczenlenen bu etkinlikte, selamlar\u0131n\u0131 iletmemi istedi. Buraya bak\u0131\u015f a\u00e7\u0131m \u015fu; kendim buran\u0131n \u00fcyesi oldu\u011fum zaman, gerek buran\u0131n i\u00e7 d\u00fczenlemesinde gerekse burada yap\u0131lacak etkinliklerde nas\u0131l mutlu olacaksam, nas\u0131l keyifli vakit ge\u00e7ireceksem, nas\u0131l bu kentin de\u011ferlerinin ger\u00e7ek de\u011ferini bulaca\u011f\u0131 konuma getireceksem \u00f6yle \u00e7al\u0131\u015fmal\u0131y\u0131z diye d\u00fc\u015f\u00fcn\u00fcyorum. Bu kapsamda kafam\u0131zda, i\u00e7imizde, hayalimizde bir\u00e7ok etkinlik var. Bug\u00fcn sizleri burada bir arada g\u00f6rmek, sizlerle birlikte olmak beni \u00e7ok \u00e7ok mutlu etti. \u0130yi ki vars\u0131n\u0131z, iyi ki buradas\u0131n\u0131z&#8221; dedi.<br \/>\nArslan: &#8220;Bu etkinlikler sizlerle anlaml\u0131, sizlerle var&#8221;<br \/>\nYa\u015f alm\u0131\u015f vatanda\u015flar\u0131n g\u00f6n\u00fcl birli\u011fi yapt\u0131\u011f\u0131 Mersin Emekli Evi&#8217;nin Sorumlusu G\u00fcl\u015fah Arslan da, &#8220;Ya\u015f alm\u0131\u015flar g\u00fcn\u00fc vesilesiyle, sizlerle g\u00fczel bir m\u00fczik ziyafeti \u00e7ekelim dedik.  Sizlerle birlikte aktif ya\u015fam\u0131n gerektirdi\u011fi gibi, ya\u015fam\u0131m\u0131za bir nebze olsun kaliteli zaman eklemek i\u00e7in burada g\u00fczel bir aile olduk. Bu g\u00fczel aileyle birlikte daha nice etkinlikler yapaca\u011f\u0131z. Ama her zaman s\u00f6yledi\u011fim gibi, bu etkinlikler sizlerle anlaml\u0131, sizlerle var. Destekleriniz ve varl\u0131\u011f\u0131n\u0131z, bizler i\u00e7in \u00e7ok k\u0131ymetli. O y\u00fczden her birinize ayr\u0131 ayr\u0131 te\u015fekk\u00fcr ediyorum&#8221; diye konu\u015ftu.<br \/>\nYa\u015f alm\u0131\u015f vatanda\u015flar keyif dolu anlar\u0131 anlatt\u0131<br \/>\nEtkinlikte doyas\u0131ya e\u011flenen ya\u015f alm\u0131\u015f vatanda\u015flar da duygular\u0131n\u0131 ifade etti. Emekli \u00d6\u011fretmen T\u00fcrkan Ceylan, &#8220;Buradaki etkinliklere geldim, \u00fcye oldum, kat\u0131l\u0131yorum ve \u00e7ok mutluyum. Bu etkinliklerin devam\u0131n\u0131n olmas\u0131 \u00e7ok g\u00fczel. Toplumsal hayatta, sosyal hayatta insanlar\u0131n ihtiya\u00e7 duydu\u011fu \u00e7ok g\u00fczel bir etkinlik. B\u00fct\u00fcn illerde, il\u00e7elerde yap\u0131lmas\u0131n\u0131 umuyorum. \u0130nsanl\u0131k ad\u0131na da ayr\u0131ca \u00e7ok onur verici bir davran\u0131\u015f&#8221; dedi.<br \/>\nMersin Emekli Evi&#8217;nin 1&#8217;inci \u00fcyesi \u0130brahim Tekin de keyifli konserde arkada\u015flar\u0131yla bir aradayd\u0131. Tekin, &#8220;Emekli Evi&#8217;nin a\u00e7\u0131l\u0131\u015f\u0131ndan bu yana memnunuz. \u00d6nceleri \u00e7e\u015fitli etkinliklerimiz vard\u0131. Silifke&#8217;ye do\u011fru deniz a\u015f\u0131r\u0131 giderdik, yaylalara giderdik. Pandemi dolay\u0131s\u0131yla azald\u0131, ama etkinlikler yine de devam ediyor. Pastalar veriliyor, \u00e7aylar, kahveler i\u00e7iliyor, sohbetler ediyoruz, bulmaca \u00e7\u00f6z\u00fcyoruz. Ben bu ya\u015ftan sonra burada \u0130ngilizceyi de \u00f6\u011frendim. Bu gibi etkinliklerin devam\u0131n\u0131 isteriz&#8221; dedi.<br \/>\n\u00c7ok g\u00fczel vakit ge\u00e7irdiklerini s\u00f6yleyen Aliye Ekmek\u00e7i ise, &#8220;\u00c7ok g\u00fczel ge\u00e7iyor her \u015fey. H\u00fcz\u00fcn de var, ne\u015fe de var, hepsi \u00e7ok g\u00fczel. B\u00f6yle bir yere gelebiliyoruz. Olmasa nereye gidece\u011fiz? M\u00fczik her yerde dinlenir, ama b\u00f6yle bir yerde daha bir g\u00fczel oluyor. Her \u015feyden \u00f6nce bizim d\u00fc\u015f\u00fcn\u00fclmemiz g\u00fczel oluyor&#8221; s\u00f6zleriyle duygular\u0131n\u0131 dile getirdi.<\/p>\n","protected":false},"excerpt":{"rendered":"<p>Mersin B\u00fcy\u00fck\u015fehir Belediyesi, &#8216;1 Ekim D\u00fcnya Ya\u015fl\u0131lar G\u00fcn\u00fc&#8217;nde Mersin Emekli Evi&#8217;ne \u00fcye ya\u015f alm\u0131\u015f vatanda\u015flar\u0131 B\u00fcy\u00fck\u015fehir Belediyesi Konservatuvar\u0131 T\u00fcrk Sanat M\u00fczi\u011fi Toplulu\u011fu&#8217;nun konserinde bulu\u015fturdu. Ya\u015f alm\u0131\u015f vatanda\u015flar, ikramlar\u0131n yap\u0131ld\u0131\u011f\u0131 etkinlikte &hellip; <a href=\"https:\/\/akdenizolaygazetesi.com\/?p=21447\" class=\"more-link\">Devam\u0131n\u0131 Oku&#8230;<\/a><\/p>\n","protected":false},"author":2,"featured_media":21448,"comment_status":"open","ping_status":"open","sticky":false,"template":"","format":"standard","meta":[],"categories":[1,2,3,5],"tags":[],"_links":{"self":[{"href":"https:\/\/akdenizolaygazetesi.com\/index.php?rest_route=\/wp\/v2\/posts\/21447"}],"collection":[{"href":"https:\/\/akdenizolaygazetesi.com\/index.php?rest_route=\/wp\/v2\/posts"}],"about":[{"href":"https:\/\/akdenizolaygazetesi.com\/index.php?rest_route=\/wp\/v2\/types\/post"}],"author":[{"embeddable":true,"href":"https:\/\/akdenizolaygazetesi.com\/index.php?rest_route=\/wp\/v2\/users\/2"}],"replies":[{"embeddable":true,"href":"https:\/\/akdenizolaygazetesi.com\/index.php?rest_route=%2Fwp%2Fv2%2Fcomments&post=21447"}],"version-history":[{"count":1,"href":"https:\/\/akdenizolaygazetesi.com\/index.php?rest_route=\/wp\/v2\/posts\/21447\/revisions"}],"predecessor-version":[{"id":21449,"href":"https:\/\/akdenizolaygazetesi.com\/index.php?rest_route=\/wp\/v2\/posts\/21447\/revisions\/21449"}],"wp:featuredmedia":[{"embeddable":true,"href":"https:\/\/akdenizolaygazetesi.com\/index.php?rest_route=\/wp\/v2\/media\/21448"}],"wp:attachment":[{"href":"https:\/\/akdenizolaygazetesi.com\/index.php?rest_route=%2Fwp%2Fv2%2Fmedia&parent=21447"}],"wp:term":[{"taxonomy":"category","embeddable":true,"href":"https:\/\/akdenizolaygazetesi.com\/index.php?rest_route=%2Fwp%2Fv2%2Fcategories&post=21447"},{"taxonomy":"post_tag","embeddable":true,"href":"https:\/\/akdenizolaygazetesi.com\/index.php?rest_route=%2Fwp%2Fv2%2Ftags&post=21447"}],"curies":[{"name":"wp","href":"https:\/\/api.w.org\/{rel}","templated":true}]}}