{"id":2145,"date":"2020-11-04T18:22:40","date_gmt":"2020-11-04T15:22:40","guid":{"rendered":"http:\/\/mersinekonomipolitikagazetesi.com\/?p=2145"},"modified":"2020-11-04T18:22:40","modified_gmt":"2020-11-04T15:22:40","slug":"tekli-simdi-uretimi-hizlandirma-zamani","status":"publish","type":"post","link":"https:\/\/akdenizolaygazetesi.com\/?p=2145","title":{"rendered":"Tekli: \u015eimdi \u00fcretimi h\u0131zland\u0131rma zaman\u0131"},"content":{"rendered":"<p>24 Haziran Cumhurba\u015fkanl\u0131\u011f\u0131 ve 27. D\u00f6nem Milletvekilli\u011fi Genel Se\u00e7imleri sonras\u0131nda bir a\u00e7\u0131klama yapan Mersin Tarsus Organize Sanayi B\u00f6lgesi Ba\u015fkan\u0131 Sabri Tekli, \u2018\u015eimdi \u00fcretim zaman\u0131\u2019 dedi.<\/p>\n<p><span style=\"line-height: 1.6em;\">\u2018Se\u00e7imler demokrasinin vazge\u00e7ilmez unsurlar\u0131d\u0131r\u2019 diyerek s\u00f6zlerine ba\u015flayan Ba\u015fkan Tekli, \u2018Demokratik bir ortamda ger\u00e7ekle\u015ftirilen se\u00e7imler sonu\u00e7lanm\u0131\u015ft\u0131r. T\u00fcrkiye karar\u0131n\u0131 vermi\u015ftir. Bundan sonra h\u0131zl\u0131 bir \u015fekilde se\u00e7im atmosferinden \u00e7\u0131karak \u00fcretim odakl\u0131 bir g\u00fcndeme d\u00f6nmemiz gerekiyor. T\u00fcrkiye ekonomisinin y\u00fckselmesinin yegane yolu \u00fcretim ekonomisidir. \u00dclkemiz bunun fark\u0131ndad\u0131r. Devletimizin sanayicilerimize verdi\u011fi te\u015fvik ve destekler bunun a\u00e7\u0131k g\u00f6stergesidir. Biz MTOSB Y\u00f6netim Kurulu olarak sorumlulu\u011fumuzun bilincindeyiz; \u00fczerimize d\u00fc\u015fen en b\u00fcy\u00fck g\u00f6rev kentimize yeni sanayi yat\u0131r\u0131mlar\u0131 kazand\u0131rmakt\u0131r\u2019 dedi.<\/span><\/p>\n<p>Ba\u015fkan Tekli, \u2018Bizler \u00fclkemize g\u00fcvenmeye, yat\u0131r\u0131m yaratmaya devam edece\u011fiz. Se\u00e7im sonu\u00e7lar\u0131n\u0131n \u00fclkemize ve milletimize hay\u0131rlar getirmesini temenni ederken, kentimiz ad\u0131na da olumlu geli\u015fmelere sahne olmas\u0131n\u0131 diliyorum\u2019 dedi.<\/p>\n<p>L\u00dcTF\u0130 ELVAN SEV\u0130NC\u0130<\/p>\n<p>Eski Kalk\u0131nma Bakan\u0131 L\u00fctfi Elvan\u2019\u0131n tekrar Mersin\u2019den milletvekili se\u00e7ilmesinin kent ad\u0131na b\u00fcy\u00fck \u00f6nem ta\u015f\u0131d\u0131\u011f\u0131n\u0131n da alt\u0131n\u0131 \u00e7izen Ba\u015fkan Tekli, \u2018Say\u0131n bakan\u0131m\u0131z\u0131n tekrar Mersin\u2019den milletvekili se\u00e7ilmesi kentimiz ad\u0131na \u00f6nemli bir geli\u015fme. Kentimizde devam eden bir\u00e7ok projenin kendisiyle yapaca\u011f\u0131m\u0131z i\u015f birli\u011fi ile sonu\u00e7 kazanaca\u011f\u0131na eminim. A\u00e7\u0131k\u00e7as\u0131 Say\u0131n Elvan\u2019\u0131n Mersin milletvekili olarak g\u00f6revine devam ediyor olmas\u0131n\u0131 kentimiz ad\u0131na b\u00fcy\u00fck bir kazan\u00e7 olarak g\u00f6r\u00fcyorum\u2019 dedi.<\/p>\n","protected":false},"excerpt":{"rendered":"<p>24 Haziran Cumhurba\u015fkanl\u0131\u011f\u0131 ve 27. D\u00f6nem Milletvekilli\u011fi Genel Se\u00e7imleri sonras\u0131nda bir a\u00e7\u0131klama yapan Mersin Tarsus Organize Sanayi B\u00f6lgesi Ba\u015fkan\u0131 Sabri Tekli, \u2018\u015eimdi \u00fcretim zaman\u0131\u2019 dedi. \u2018Se\u00e7imler demokrasinin vazge\u00e7ilmez unsurlar\u0131d\u0131r\u2019 diyerek &hellip; <a href=\"https:\/\/akdenizolaygazetesi.com\/?p=2145\" class=\"more-link\">Devam\u0131n\u0131 Oku&#8230;<\/a><\/p>\n","protected":false},"author":1,"featured_media":0,"comment_status":"open","ping_status":"open","sticky":false,"template":"","format":"standard","meta":[],"categories":[],"tags":[],"_links":{"self":[{"href":"https:\/\/akdenizolaygazetesi.com\/index.php?rest_route=\/wp\/v2\/posts\/2145"}],"collection":[{"href":"https:\/\/akdenizolaygazetesi.com\/index.php?rest_route=\/wp\/v2\/posts"}],"about":[{"href":"https:\/\/akdenizolaygazetesi.com\/index.php?rest_route=\/wp\/v2\/types\/post"}],"author":[{"embeddable":true,"href":"https:\/\/akdenizolaygazetesi.com\/index.php?rest_route=\/wp\/v2\/users\/1"}],"replies":[{"embeddable":true,"href":"https:\/\/akdenizolaygazetesi.com\/index.php?rest_route=%2Fwp%2Fv2%2Fcomments&post=2145"}],"version-history":[{"count":0,"href":"https:\/\/akdenizolaygazetesi.com\/index.php?rest_route=\/wp\/v2\/posts\/2145\/revisions"}],"wp:attachment":[{"href":"https:\/\/akdenizolaygazetesi.com\/index.php?rest_route=%2Fwp%2Fv2%2Fmedia&parent=2145"}],"wp:term":[{"taxonomy":"category","embeddable":true,"href":"https:\/\/akdenizolaygazetesi.com\/index.php?rest_route=%2Fwp%2Fv2%2Fcategories&post=2145"},{"taxonomy":"post_tag","embeddable":true,"href":"https:\/\/akdenizolaygazetesi.com\/index.php?rest_route=%2Fwp%2Fv2%2Ftags&post=2145"}],"curies":[{"name":"wp","href":"https:\/\/api.w.org\/{rel}","templated":true}]}}