{"id":21450,"date":"2022-10-05T16:45:56","date_gmt":"2022-10-05T13:45:56","guid":{"rendered":"http:\/\/akdenizolaygazetesi.com\/?p=21450"},"modified":"2022-10-05T16:45:56","modified_gmt":"2022-10-05T13:45:56","slug":"akdeniz-belediyesinden-huzurevi-sakinlerine-kuafor-ve-kisisel-bakim-hizmeti","status":"publish","type":"post","link":"https:\/\/akdenizolaygazetesi.com\/?p=21450","title":{"rendered":"AKDEN\u0130Z BELED\u0130YES\u0130\u2019NDEN HUZUREV\u0130 SAK\u0130NLER\u0130NE KUAF\u00d6R VE K\u0130\u015e\u0130SEL BAKIM H\u0130ZMET\u0130"},"content":{"rendered":"<p>Akdeniz Belediyesi, \u201c1 Ekim D\u00fcnya Ya\u015fl\u0131lar G\u00fcn\u00fc\u201d kapsam\u0131nda, Yard\u0131m ve \u0130yilik Vakf\u0131 \u00d6zel Huzurevi ve Ya\u015fl\u0131 Bak\u0131m Merkezi\u2019nde hizmet alan ya\u015f alm\u0131\u015f vatanda\u015flara kuaf\u00f6rl\u00fck ve bak\u0131m hizmeti sundu. <\/p>\n<p>Akdeniz Belediyesi Kad\u0131n ve Aile Hizmetleri M\u00fcd\u00fcrl\u00fc\u011f\u00fc ekipleri, Yard\u0131m ve \u0130yilik Vakf\u0131 \u00d6zel Huzurevi ve Ya\u015fl\u0131 Bak\u0131m Merkezi\u2019nde hizmet alan ya\u015fl\u0131 ve kimsesiz vatanda\u015flarla bir araya geldi. Bulu\u015fmada m\u00fcd\u00fcrl\u00fc\u011fe ba\u011fl\u0131 personel, huzur evi sakinlerine kuaf\u00f6rl\u00fck ve bak\u0131m hizmeti sundu. Hem ziyaretten hem de kendilerine sunulan ki\u015fisel bak\u0131m hizmetinden duyduklar\u0131 sevin\u00e7 ve mutlulu\u011fu dile getiren huzur evi sakinleri, ekiplere ve kendilerini unutmayan Akdeniz Belediye Ba\u015fkan\u0131 Mustafa G\u00fcltak\u2019a te\u015fekk\u00fcr ettiler. <\/p>\n<p>\u201cHuzurevi sakinlerimiz i\u00e7in \u00e7ok anlaml\u0131 bir g\u00fcn oldu\u201d<\/p>\n<p>Yard\u0131m ve \u0130yilik Vakf\u0131 Huzurevi M\u00fcd\u00fcr\u00fc Canan Kubat da yapt\u0131\u011f\u0131 a\u00e7\u0131klamada, yakla\u015f\u0131k 40 y\u0131ld\u0131r hizmet veren k\u00f6kl\u00fc bir kurum olan 90 kapasiteli huzurevinde 46 vatanda\u015f\u0131n hizmet ald\u0131\u011f\u0131n\u0131 ifade etti. Kubat; \u201cAkdeniz Belediye Ba\u015fkan\u0131m\u0131z Say\u0131n Mustafa G\u00fcltak\u2019a, 1 Ekim D\u00fcnya Ya\u015fl\u0131lar G\u00fcn\u00fc nedeniyle huzurevi sakinlerimize sa\u011flad\u0131\u011f\u0131 hizmet ve nazik davran\u0131\u015f\u0131ndan dolay\u0131 \u00e7ok te\u015fekk\u00fcr ediyorum. Misafirimiz i\u00e7in \u00e7ok anlaml\u0131 bir g\u00fcn ve g\u00fczel bir de\u011fi\u015fiklik oldu. Katk\u0131 sunan herkese tekrar te\u015fekk\u00fcr ediyorum\u201d diye konu\u015ftu.<\/p>\n<p>\u00d6te yandan Akdeniz Belediye Ba\u015fkan\u0131 Mustafa G\u00fcltak da \u201c1 Ekim D\u00fcnya Ya\u015fl\u0131lar G\u00fcn\u00fc\u201d dolay\u0131s\u0131yla, Karaduvar Mahallesi\u2019nde bulunan \u00d6zel Akdeniz Nadire \u0130lkin Ya\u015fl\u0131 ve Engelli Bak\u0131m Merkezi\u2019ni birka\u00e7 g\u00fcn \u00f6nce ziyaret ger\u00e7ekle\u015ftirmi\u015f ve burada hizmet alan ya\u015f alm\u0131\u015f vatanda\u015flarla sohbet ederek onlarla birlikte pasta kesmi\u015fti. <\/p>\n","protected":false},"excerpt":{"rendered":"<p>Akdeniz Belediyesi, \u201c1 Ekim D\u00fcnya Ya\u015fl\u0131lar G\u00fcn\u00fc\u201d kapsam\u0131nda, Yard\u0131m ve \u0130yilik Vakf\u0131 \u00d6zel Huzurevi ve Ya\u015fl\u0131 Bak\u0131m Merkezi\u2019nde hizmet alan ya\u015f alm\u0131\u015f vatanda\u015flara kuaf\u00f6rl\u00fck ve bak\u0131m hizmeti sundu. Akdeniz Belediyesi &hellip; <a href=\"https:\/\/akdenizolaygazetesi.com\/?p=21450\" class=\"more-link\">Devam\u0131n\u0131 Oku&#8230;<\/a><\/p>\n","protected":false},"author":2,"featured_media":21451,"comment_status":"open","ping_status":"open","sticky":false,"template":"","format":"standard","meta":[],"categories":[3,5,9],"tags":[],"_links":{"self":[{"href":"https:\/\/akdenizolaygazetesi.com\/index.php?rest_route=\/wp\/v2\/posts\/21450"}],"collection":[{"href":"https:\/\/akdenizolaygazetesi.com\/index.php?rest_route=\/wp\/v2\/posts"}],"about":[{"href":"https:\/\/akdenizolaygazetesi.com\/index.php?rest_route=\/wp\/v2\/types\/post"}],"author":[{"embeddable":true,"href":"https:\/\/akdenizolaygazetesi.com\/index.php?rest_route=\/wp\/v2\/users\/2"}],"replies":[{"embeddable":true,"href":"https:\/\/akdenizolaygazetesi.com\/index.php?rest_route=%2Fwp%2Fv2%2Fcomments&post=21450"}],"version-history":[{"count":1,"href":"https:\/\/akdenizolaygazetesi.com\/index.php?rest_route=\/wp\/v2\/posts\/21450\/revisions"}],"predecessor-version":[{"id":21452,"href":"https:\/\/akdenizolaygazetesi.com\/index.php?rest_route=\/wp\/v2\/posts\/21450\/revisions\/21452"}],"wp:featuredmedia":[{"embeddable":true,"href":"https:\/\/akdenizolaygazetesi.com\/index.php?rest_route=\/wp\/v2\/media\/21451"}],"wp:attachment":[{"href":"https:\/\/akdenizolaygazetesi.com\/index.php?rest_route=%2Fwp%2Fv2%2Fmedia&parent=21450"}],"wp:term":[{"taxonomy":"category","embeddable":true,"href":"https:\/\/akdenizolaygazetesi.com\/index.php?rest_route=%2Fwp%2Fv2%2Fcategories&post=21450"},{"taxonomy":"post_tag","embeddable":true,"href":"https:\/\/akdenizolaygazetesi.com\/index.php?rest_route=%2Fwp%2Fv2%2Ftags&post=21450"}],"curies":[{"name":"wp","href":"https:\/\/api.w.org\/{rel}","templated":true}]}}