{"id":21453,"date":"2022-10-05T16:47:14","date_gmt":"2022-10-05T13:47:14","guid":{"rendered":"http:\/\/akdenizolaygazetesi.com\/?p=21453"},"modified":"2022-10-05T16:47:14","modified_gmt":"2022-10-05T13:47:14","slug":"baskan-secer-meryad-uyeleri-ile-bulustu","status":"publish","type":"post","link":"https:\/\/akdenizolaygazetesi.com\/?p=21453","title":{"rendered":"BA\u015eKAN SE\u00c7ER, MERYAD \u00dcYELER\u0130 \u0130LE BULU\u015eTU"},"content":{"rendered":"<p>Mersin B\u00fcy\u00fck\u015fehir Belediye Ba\u015fkan\u0131 Vahap Se\u00e7er, Mersin B\u00fcy\u00fck\u015fehir Belediyesi&#8217;nin \u00fc\u00e7 y\u0131l gibi bir s\u00fcrede mali disiplini sa\u011flayan, \u00f6rnek bir belediye haline geldi\u011fini s\u00f6yledi.<br \/>\nBa\u015fkan Se\u00e7er, k\u0131sa ad\u0131 MERYAD olan Mersin Yat\u0131r\u0131mc\u0131 ve \u0130\u015f \u0130nsanlar\u0131 Derne\u011fi&#8217;nin, ilkini ger\u00e7ekle\u015ftirdi\u011fi &#8220;MERYAD Sohbetleri&#8221;nin konu\u011fu oldu. MERYAD ve MERYAD Bilim Kurulu \u00fcyelerinin de kat\u0131ld\u0131\u011f\u0131 gecede Ba\u015fkan Se\u00e7er \u00f6nemli mesajlar verdi.<br \/>\nSe\u00e7er: &#8220;Mali Disiplin Sa\u011fland\u0131&#8221;<br \/>\nMersin B\u00fcy\u00fck\u015fehir Belediyesi&#8217;nin mali bilan\u00e7olar\u0131 hakk\u0131nda bilgiler veren Ba\u015fkan Se\u00e7er, MESK\u0130 ve B\u00fcy\u00fck\u015fehir Belediyesi&#8217;nin, devrald\u0131klar\u0131 d\u00f6neme g\u00f6re \u00e7ok daha iyi bir durumda oldu\u011funu s\u00f6yledi. Belediyede mali disiplinin sa\u011fland\u0131\u011f\u0131n\u0131 vurgulayan Se\u00e7er, &#8220;Belediyeyi devrald\u0131\u011f\u0131m\u0131zda her iki kurum i\u00e7in s\u00f6yl\u00fcyorum, yakla\u015f\u0131k 3 milyar lira b\u00fct\u00e7emiz vard\u0131 ve bor\u00e7 da yakla\u015f\u0131k olarak 3 milyar lirayd\u0131. O g\u00fcnlerde dolar 5.7 lirayd\u0131. \u015eu anda, dolar kuru 19 lira ve 8.3 milyar lira b\u00fct\u00e7emiz, 2.2 milyar lira bor\u00e7 y\u00fck\u00fcm\u00fcz var. Do\u011fru bir mukayese i\u00e7in dolar baz\u0131nda yapaca\u011f\u0131n\u0131z de\u011ferlendirme, bu tablonun ger\u00e7ekli\u011fini daha net ortaya koyacakt\u0131r. Biz nas\u0131l y\u00fcr\u00fcd\u00fc\u011f\u00fcm\u00fcz\u00fc biliyoruz. Bir taraftan bor\u00e7lar\u0131 eritiyor, bir taraftan da yat\u0131r\u0131mlar\u0131m\u0131za ara vermeden devam ediyoruz&#8221; diye konu\u015ftu.<br \/>\n&#8220;Saya Park AVM \u00e7evresindeki katl\u0131 kav\u015fak in\u015fas\u0131 ba\u015fl\u0131yor&#8221;<br \/>\nMersin&#8217;de \u015fehir i\u00e7inde ve belediyenin yetki ve sorumluluk alan\u0131ndaki grup yollar\u0131 hakk\u0131nda da konu\u015fan Ba\u015fkan Se\u00e7er, &#8220;Dikenli Yol&#8221;  olarak bilinen 18. Cadde&#8217;nin 2. \u00c7evreyolu ile kesi\u015fti\u011fi noktada, Sevgi Katl\u0131 Kav\u015fa\u011f\u0131 ile Demokrasi Kav\u015fa\u011f\u0131&#8217;ndaki trafik y\u00fck\u00fcn\u00fc azaltacak altge\u00e7it \u00e7al\u0131\u015fmalar\u0131n\u0131n s\u00fcrd\u00fc\u011f\u00fcn\u00fc hat\u0131rlatt\u0131. Bu projenin, 2. \u00c7evreyolu \u00fczerinde G\u00fcney-Kuzey aks\u0131ndaki ilk ge\u00e7it oldu\u011funa dikkat \u00e7eken Ba\u015fkan Se\u00e7er, s\u00f6z konusu projenin bu ay\u0131n sonunda tamamlanaca\u011f\u0131n\u0131 s\u00f6yledi.<br \/>\nBu ge\u00e7idin hizmete al\u0131nmas\u0131n\u0131n ard\u0131ndan, Okan Merzeci Bulvar\u0131 ile 34. Cadde kesi\u015fiminde yer alan Saya Park AVM \u00e7evresindeki katl\u0131 kav\u015fak in\u015faat\u0131n\u0131n ba\u015flayaca\u011f\u0131n\u0131 belirten Ba\u015fkan Se\u00e7er, &#8220;Bu kav\u015fak, zeminle birlikte 3 katl\u0131 bir kav\u015fak olacak ve bu \u00f6zelli\u011fiyle de Mersin&#8217;de bir ilk olacak&#8221; a\u00e7\u0131klamas\u0131nda bulundu. Ba\u015fkan Se\u00e7er, &#8220;Biz yapt\u0131\u011f\u0131m\u0131z i\u015fi kaliteli yap\u0131yoruz. Anamur&#8217;da, Tarsus&#8217;ta yapt\u0131\u011f\u0131m\u0131z yol \u00e7al\u0131\u015fmam\u0131z\u0131, 3. \u00c7evre Yolu&#8217;nu, 4. \u00c7evre Yolu&#8217;nu, k\u00f6y yollar\u0131n\u0131 bir inceleyin ve hakk\u0131n\u0131 teslim edin&#8221; dedi.<br \/>\n&#8220;Metro \u0130n\u015fas\u0131 \u00d6z Kaynaklarla S\u00fcr\u00fcyor&#8221;<br \/>\nMersin&#8217;e 3 etapta toplam 35 km&#8217;lik rayl\u0131 sistemi kazand\u0131rmak i\u00e7in yapt\u0131klar\u0131 \u00e7al\u0131\u015fmalar\u0131 da anlatan Ba\u015fkan Se\u00e7er, Mersin Metrosu&#8217;nun yap\u0131m \u00e7al\u0131\u015fmalar\u0131n\u0131n tamamen \u00f6z kaynaklarla ilerledi\u011fini ifade etti. Se\u00e7er, &#8220;Bug\u00fcne kadar \u00f6z kaynaklardan yakla\u015f\u0131k 200 milyon TL&#8217;lik bir hak edi\u015fin oldu\u011fu metro in\u015fas\u0131 ilerliyor, ilerleyecek. \u00c7\u00fcnk\u00fc vatanda\u015f\u0131m\u0131za s\u00f6z verdik. Daha h\u0131zl\u0131 olamaz m\u0131? Olur. Cumhurba\u015fkanl\u0131\u011f\u0131 Yat\u0131r\u0131m Program\u0131&#8217;na da al\u0131nan metro, Hazine ve Maliye Bakanl\u0131\u011f\u0131&#8217;ndaki bir imzay\u0131 bekliyor. Mersinliler ad\u0131na \u00fcz\u00fcl\u00fcyorum, \u00e7\u00fcnk\u00fc Cumhurba\u015fkanl\u0131\u011f\u0131n\u0131n yat\u0131r\u0131m program\u0131na al\u0131nm\u0131\u015f bir konu, bug\u00fcn bir imzada bekliyorsa bunun ad\u0131 engellemedir&#8221; diye konu\u015ftu.<br \/>\n&#8216;Meclisi \u0130zleyin&#8217; \u00e7a\u011fr\u0131s\u0131<br \/>\n\u0130\u015f insanlar\u0131na, Meclis toplant\u0131lar\u0131n\u0131 izleme \u00e7a\u011fr\u0131s\u0131nda da bulunan Ba\u015fkan Se\u00e7er, &#8220;Ben, ald\u0131\u011f\u0131m her kuru\u015fun hesab\u0131n\u0131 veriyorum. Sizler de, Meclis toplant\u0131lar\u0131m\u0131zda yapt\u0131\u011f\u0131m sunumlar\u0131 izleyin; toplant\u0131lar\u0131m\u0131z\u0131 takip edin. Orada da bir bir anlat\u0131yorum. Ald\u0131\u011f\u0131m her kuru\u015fu, ak\u0131lc\u0131 bir \u015fekilde harc\u0131yorum. \u0130sraf etmiyorum, \u00e7alm\u0131yorum, \u00e7ald\u0131rm\u0131yorum. Yapt\u0131\u011f\u0131m\u0131z t\u00fcm projeler, belediyede mali disiplinin sa\u011flanmas\u0131 i\u015fte bunun eseridir. Biz t\u00fcm projelerimizi, yapt\u0131\u011f\u0131m\u0131z plan ve programlar \u00e7er\u00e7evesinde ger\u00e7ekle\u015ftiriyoruz. Bunlar\u0131n hi\u00e7birisi se\u00e7ime y\u00f6nelik yat\u0131r\u0131mlar de\u011fil&#8221; diye konu\u015ftu.<\/p>\n","protected":false},"excerpt":{"rendered":"<p>Mersin B\u00fcy\u00fck\u015fehir Belediye Ba\u015fkan\u0131 Vahap Se\u00e7er, Mersin B\u00fcy\u00fck\u015fehir Belediyesi&#8217;nin \u00fc\u00e7 y\u0131l gibi bir s\u00fcrede mali disiplini sa\u011flayan, \u00f6rnek bir belediye haline geldi\u011fini s\u00f6yledi. Ba\u015fkan Se\u00e7er, k\u0131sa ad\u0131 MERYAD olan Mersin &hellip; <a href=\"https:\/\/akdenizolaygazetesi.com\/?p=21453\" class=\"more-link\">Devam\u0131n\u0131 Oku&#8230;<\/a><\/p>\n","protected":false},"author":2,"featured_media":21454,"comment_status":"open","ping_status":"open","sticky":false,"template":"","format":"standard","meta":[],"categories":[8,2,3,5],"tags":[],"_links":{"self":[{"href":"https:\/\/akdenizolaygazetesi.com\/index.php?rest_route=\/wp\/v2\/posts\/21453"}],"collection":[{"href":"https:\/\/akdenizolaygazetesi.com\/index.php?rest_route=\/wp\/v2\/posts"}],"about":[{"href":"https:\/\/akdenizolaygazetesi.com\/index.php?rest_route=\/wp\/v2\/types\/post"}],"author":[{"embeddable":true,"href":"https:\/\/akdenizolaygazetesi.com\/index.php?rest_route=\/wp\/v2\/users\/2"}],"replies":[{"embeddable":true,"href":"https:\/\/akdenizolaygazetesi.com\/index.php?rest_route=%2Fwp%2Fv2%2Fcomments&post=21453"}],"version-history":[{"count":1,"href":"https:\/\/akdenizolaygazetesi.com\/index.php?rest_route=\/wp\/v2\/posts\/21453\/revisions"}],"predecessor-version":[{"id":21455,"href":"https:\/\/akdenizolaygazetesi.com\/index.php?rest_route=\/wp\/v2\/posts\/21453\/revisions\/21455"}],"wp:featuredmedia":[{"embeddable":true,"href":"https:\/\/akdenizolaygazetesi.com\/index.php?rest_route=\/wp\/v2\/media\/21454"}],"wp:attachment":[{"href":"https:\/\/akdenizolaygazetesi.com\/index.php?rest_route=%2Fwp%2Fv2%2Fmedia&parent=21453"}],"wp:term":[{"taxonomy":"category","embeddable":true,"href":"https:\/\/akdenizolaygazetesi.com\/index.php?rest_route=%2Fwp%2Fv2%2Fcategories&post=21453"},{"taxonomy":"post_tag","embeddable":true,"href":"https:\/\/akdenizolaygazetesi.com\/index.php?rest_route=%2Fwp%2Fv2%2Ftags&post=21453"}],"curies":[{"name":"wp","href":"https:\/\/api.w.org\/{rel}","templated":true}]}}