{"id":21459,"date":"2022-10-06T13:16:40","date_gmt":"2022-10-06T10:16:40","guid":{"rendered":"http:\/\/akdenizolaygazetesi.com\/?p=21459"},"modified":"2022-10-06T13:16:40","modified_gmt":"2022-10-06T10:16:40","slug":"mersin-patifest-2022de-bulusalim","status":"publish","type":"post","link":"https:\/\/akdenizolaygazetesi.com\/?p=21459","title":{"rendered":"MERS\u0130N PAT\u0130FEST 2022&#8217;DE BULU\u015eALIM"},"content":{"rendered":"<p>Mersin B\u00fcy\u00fck\u015fehir Belediyesi taraf\u0131ndan, \u00e7ocuklara hayvan sevgisini a\u015f\u0131lamak amac\u0131 ile d\u00fczenlenen Mersin PatiFest&#8217;in 3.&#8217;s\u00fc, 9 Ekim 2022 Pazar g\u00fcn\u00fc Fenerbah\u00e7e Meydan\u0131&#8217;nda ger\u00e7ekle\u015fecek. Hem \u00e7ocuklar, hem b\u00fcy\u00fckler i\u00e7in dolu dolu programlar\u0131n yer alaca\u011f\u0131 festivalde, can dostlar i\u00e7in de \u00f6zel oyun alanlar\u0131 kurulacak. Festivalde ayr\u0131ca Dj performans\u0131 ve Kent Orkestras\u0131 Konseri de ger\u00e7ekle\u015fecek.<\/p>\n<p>Y\u0131k\u0131lmaz: &#8220;Festivalde, \u00f6zellikle \u00e7ocuklar\u0131m\u0131za y\u00f6nelik etkinliklerimiz olacak&#8221;<\/p>\n<p>Festival hakk\u0131nda bilgi veren Tar\u0131msal Hizmetler Dairesi Evcil ve Sahipsiz Hayvanlar \u015eube M\u00fcd\u00fcr\u00fc H\u00fcnkar Y\u0131k\u0131lmaz, festivalin Mersin B\u00fcy\u00fck\u015fehir Belediye Ba\u015fkan\u0131 Vahap Se\u00e7er&#8217;in de kat\u0131l\u0131m\u0131 ile ger\u00e7ekle\u015fecek kortej y\u00fcr\u00fcy\u00fc\u015f\u00fc ile ba\u015flayaca\u011f\u0131n\u0131 s\u00f6yledi. Y\u0131k\u0131lmaz, &#8220;Etkinlik kapsam\u0131nda, \u00e7ocuklara y\u00f6nelik aktivitelerimiz olacak. Bunlar i\u00e7in olu\u015fturaca\u011f\u0131m\u0131z workshop i\u00e7erisinde; mama kab\u0131 boyama, y\u00fcz boyama, t\u0131rnak boyama gibi aktiviteler ger\u00e7ekle\u015fecek. Boyam\u0131\u015f olduklar\u0131 mama kaplar\u0131, i\u00e7erisinde mamayla beraber \u00e7ocuklara verilecek. Bununla birlikte, \u00e7ocuklar\u0131m\u0131za birer oyuncak hediye etmeyi planl\u0131yoruz. Burada kendi \u00fcretmi\u015f olduklar\u0131 mama kaplar\u0131yla da, sokaktaki kedi ve k\u00f6pekleri besleyeceklerine inan\u0131yoruz&#8221; dedi.<\/p>\n<p>Workshoplar\u0131n yan\u0131 s\u0131ra, hayvanseverlerin bilgi sahibi olmalar\u0131n\u0131 sa\u011flamak \u00fczere, Mersin Barosu Hayvan Haklar\u0131 Komisyonu ile Sivil Toplum Kurulu\u015flar\u0131&#8217;ndaki konu\u015fmac\u0131lar\u0131n da kat\u0131laca\u011f\u0131 hayvan haklar\u0131 konusunda s\u00f6yle\u015fi programlar\u0131n\u0131n olaca\u011f\u0131n\u0131 belirten Y\u0131k\u0131lmaz, &#8220;Ayr\u0131ca hayvanlar\u0131n bak\u0131m\u0131, beslenmesi, hayvan hastal\u0131klar\u0131 konusunda gerek bar\u0131nak veterinerimiz, gerekse de Mersin Veteriner Hekimler Odas\u0131&#8217;n\u0131n g\u00f6revlendirdi\u011fi veteriner hekimlerin bulundu\u011fu ikinci bir at\u00f6lyemizde de, yine s\u00f6yle\u015fi tarz\u0131nda bilgilendirme yap\u0131lacak&#8221; diye konu\u015ftu.<\/p>\n<p>&#8220;K\u00f6pek e\u011fitimiyle alakal\u0131 2 g\u00f6sterimiz olacak&#8221;<\/p>\n<p>Festival kapsam\u0131nda sahipli hayvanlar i\u00e7in bir oyun alan\u0131 olu\u015fturulaca\u011f\u0131n\u0131 ve festival alan\u0131na gelmek isteyen hayvan sahiplerinin, k\u00f6peklerini kendi kontrollerinde bu alan i\u00e7erisinde oynatabileceklerini s\u00f6yleyen Y\u0131k\u0131lmaz, &#8220;Ayn\u0131 alan i\u00e7erisinde, k\u00f6pek e\u011fitimiyle alakal\u0131 2 g\u00f6sterimiz olacak. Bunlar\u0131n yan\u0131 s\u0131ra bu sene farkl\u0131 olarak, bar\u0131nakta e\u011fitilmi\u015f olan k\u00f6peklerin sahiplendirilmesine y\u00f6nelik ayr\u0131 bir b\u00f6l\u00fcm\u00fcm\u00fcz olacak. K\u00f6pek sahiplenmek isteyen ki\u015filer bizzat bu alana girerek, k\u00f6peklerle adaptasyon s\u00fcrecini beraber ge\u00e7irecek. B\u00f6ylece sahiplenme olay\u0131n\u0131n bu s\u00fcre\u00e7te yap\u0131lmas\u0131n\u0131 ama\u00e7l\u0131yoruz&#8221; ifadelerini kulland\u0131.<\/p>\n<p>Kat\u0131l\u0131m\u0131n \u00f6nceki y\u0131llarda oldu\u011fu gibi y\u00fcksek olmas\u0131n\u0131n beklendi\u011fi Mersin PatiFest 2022&#8217;de ayr\u0131ca; DJ Performans\u0131, Kent Orkestras\u0131 Konseri ile Ertan R\u00fcstem ve Orkestras\u0131 Konseri ger\u00e7ekle\u015ftirilecek.<\/p>\n","protected":false},"excerpt":{"rendered":"<p>Mersin B\u00fcy\u00fck\u015fehir Belediyesi taraf\u0131ndan, \u00e7ocuklara hayvan sevgisini a\u015f\u0131lamak amac\u0131 ile d\u00fczenlenen Mersin PatiFest&#8217;in 3.&#8217;s\u00fc, 9 Ekim 2022 Pazar g\u00fcn\u00fc Fenerbah\u00e7e Meydan\u0131&#8217;nda ger\u00e7ekle\u015fecek. Hem \u00e7ocuklar, hem b\u00fcy\u00fckler i\u00e7in dolu dolu programlar\u0131n &hellip; <a href=\"https:\/\/akdenizolaygazetesi.com\/?p=21459\" class=\"more-link\">Devam\u0131n\u0131 Oku&#8230;<\/a><\/p>\n","protected":false},"author":2,"featured_media":21460,"comment_status":"open","ping_status":"open","sticky":false,"template":"","format":"standard","meta":[],"categories":[1,2,3,5],"tags":[],"_links":{"self":[{"href":"https:\/\/akdenizolaygazetesi.com\/index.php?rest_route=\/wp\/v2\/posts\/21459"}],"collection":[{"href":"https:\/\/akdenizolaygazetesi.com\/index.php?rest_route=\/wp\/v2\/posts"}],"about":[{"href":"https:\/\/akdenizolaygazetesi.com\/index.php?rest_route=\/wp\/v2\/types\/post"}],"author":[{"embeddable":true,"href":"https:\/\/akdenizolaygazetesi.com\/index.php?rest_route=\/wp\/v2\/users\/2"}],"replies":[{"embeddable":true,"href":"https:\/\/akdenizolaygazetesi.com\/index.php?rest_route=%2Fwp%2Fv2%2Fcomments&post=21459"}],"version-history":[{"count":1,"href":"https:\/\/akdenizolaygazetesi.com\/index.php?rest_route=\/wp\/v2\/posts\/21459\/revisions"}],"predecessor-version":[{"id":21461,"href":"https:\/\/akdenizolaygazetesi.com\/index.php?rest_route=\/wp\/v2\/posts\/21459\/revisions\/21461"}],"wp:featuredmedia":[{"embeddable":true,"href":"https:\/\/akdenizolaygazetesi.com\/index.php?rest_route=\/wp\/v2\/media\/21460"}],"wp:attachment":[{"href":"https:\/\/akdenizolaygazetesi.com\/index.php?rest_route=%2Fwp%2Fv2%2Fmedia&parent=21459"}],"wp:term":[{"taxonomy":"category","embeddable":true,"href":"https:\/\/akdenizolaygazetesi.com\/index.php?rest_route=%2Fwp%2Fv2%2Fcategories&post=21459"},{"taxonomy":"post_tag","embeddable":true,"href":"https:\/\/akdenizolaygazetesi.com\/index.php?rest_route=%2Fwp%2Fv2%2Ftags&post=21459"}],"curies":[{"name":"wp","href":"https:\/\/api.w.org\/{rel}","templated":true}]}}