{"id":21462,"date":"2022-10-06T13:18:03","date_gmt":"2022-10-06T10:18:03","guid":{"rendered":"http:\/\/akdenizolaygazetesi.com\/?p=21462"},"modified":"2022-10-06T13:18:03","modified_gmt":"2022-10-06T10:18:03","slug":"buyuksehirden-6-ekim-dunya-serebral-palsi-gunu-etkinligi","status":"publish","type":"post","link":"https:\/\/akdenizolaygazetesi.com\/?p=21462","title":{"rendered":"B\u00dcY\u00dcK\u015eEH\u0130R&#8217;DEN &#8220;6 EK\u0130M D\u00dcNYA SEREBRAL PALS\u0130 G\u00dcN\u00dc&#8221; ETK\u0130NL\u0130\u011e\u0130"},"content":{"rendered":"<p>Mersin B\u00fcy\u00fck\u015fehir Belediyesi Sa\u011fl\u0131k \u0130\u015fleri Dairesi Ba\u015fkanl\u0131\u011f\u0131 Engelliler \u015eube M\u00fcd\u00fcrl\u00fc\u011f\u00fc b\u00fcnyesinde faaliyetlerini s\u00fcrd\u00fcren Mola Evleri&#8217;nin imkanlar\u0131ndan faydalanan &#8216;serebral palsi&#8217; tan\u0131l\u0131 \u00f6zel bireylere y\u00f6nelik olarak, Tarsus \u015eelalesi&#8217;nde kahvalt\u0131 etkinli\u011fi d\u00fczenlendi.<\/p>\n<p>Y\u0131ld\u0131r\u0131m: &#8220;Onlarla birlikte \u00e7ok g\u00fczel bir kahvalt\u0131 organize ettik&#8221;<\/p>\n<p>Serebral Palsi&#8217;nin, beynin zedelenmesi ya da beynin geli\u015fiminde meydana gelen bir anormallik sonucunda, do\u011fu\u015ftan ya da ya\u015fam\u0131n ilk y\u0131llar\u0131nda meydana gelen duru\u015f, hareket, denge bozuklu\u011fu ve kas yetersizli\u011fi anlam\u0131na geldi\u011fini belirten B\u00fcy\u00fck\u015fehir Belediyesi Engelliler \u015eube M\u00fcd\u00fcrl\u00fc\u011f\u00fc fizyoterapistlerinden Bilge Y\u0131ld\u0131r\u0131m, &#8220;6 Ekim Serebral Palsi Fark\u0131ndal\u0131k G\u00fcn\u00fc i\u00e7in, kahvalt\u0131da \u00f6\u011frencilerimizle birlikte topland\u0131k. Serebral Palsi hayat boyu devam eden, ikincil problemleri olan bir fiziksel engel grubudur. Ve \u00e7ocuklar\u0131m\u0131z bir bedensel engeli oldu\u011fu i\u00e7in, sosyalle\u015fme konusunda \u00e7ok fazla zorluk ya\u015famaktalar. O y\u00fczden, biz de onlarla birlikte \u00e7ok g\u00fczel bir kahvalt\u0131 organize ettik. T\u00fcm \u00e7ocuklar\u0131m\u0131z\u0131 dahil ederek, burada keyifli bir g\u00fcn ge\u00e7irmelerini hedefledik&#8221; dedi.<\/p>\n<p>Kankul: &#8220;Fark\u0131ndal\u0131k olu\u015fturarak \u00e7ocuklar\u0131 hayata katmam\u0131z laz\u0131m&#8221;<\/p>\n<p>Fizyoterapist olan ve ayn\u0131 zamanda serebral palsi tan\u0131l\u0131 birey olan Selcen Kankul, &#8220;Hem serebral parsili olup, hem de hayatta ba\u011f\u0131ms\u0131z olmay\u0131, b\u00fct\u00fcn \u00e7ocuklara \u00f6\u011fretiyorum. Kendi ya\u015fad\u0131\u011f\u0131m deneyimlerle \u00e7ocuklara \u00f6rnek oluyorum. Her yerde serebral palsi bir hastal\u0131k olarak ge\u00e7iyor, ama serebral palsi bir hastal\u0131k de\u011fildir. Her insan\u0131n oldu\u011fu gibi ya\u015famaya, hayata ba\u011flanmaya ihtiyac\u0131m\u0131z var. O y\u00fczden elimizden geldi\u011fince fark\u0131ndal\u0131k olu\u015fturarak, \u00e7ocuklar\u0131 hayata katmam\u0131z laz\u0131m&#8221; \u015feklinde kendini ifade etti.<\/p>\n<p>Atat\u00fcrk&#8217;e sevgisini \u015fiir okuyarak g\u00f6steri<\/p>\n<p>Tarsus Mola Evi&#8217;nden faydalanan serebral palsi tan\u0131l\u0131 \u00f6zel bireylerden 8 ya\u015f\u0131ndaki Nesli Nisa Tor da, Atat\u00fcrk&#8217;e olan sevgisini \u015fiir okuyarak g\u00f6sterdi.<br \/>\nK\u00fc\u00e7\u00fck Nisa, etkinli\u011fe kat\u0131ld\u0131\u011f\u0131 i\u00e7in olduk\u00e7a heyecanland\u0131\u011f\u0131n\u0131 dile getirerek, &#8220;Sabah uyand\u0131m, \u00e7ok heyecanl\u0131yd\u0131m. Kalbim g\u00fcm g\u00fcm at\u0131yordu&#8221; dedi.<\/p>\n<p>&#8220;Hem etkinlikler, hem de yapt\u0131klar\u0131 \u015feyler \u00e7ok ho\u015fuma gitti&#8221;<\/p>\n<p>Nesli Nisa&#8217;n\u0131n annesi Sabira Tor ise, &#8220;\u00c7ok g\u00fczel bir etkinlik. Ben k\u0131sa bir s\u00fcre \u00f6nce Mola Evi&#8217;yle tan\u0131\u015ft\u0131m. G\u00f6r\u00fcyordum, duyuyordum ama cesaret edemiyordum. Hem etkinlikleri, hem de yapt\u0131klar\u0131 \u015feyler \u00e7ok ho\u015fuma gitti. En az\u0131ndan ben de kendime vakit ay\u0131rabiliyorum. Kafam \u00e7ok rahat bir \u015fekilde gidiyorum, k\u0131z\u0131m\u0131 b\u0131rak\u0131yorum oraya. Geldi\u011fim zaman, k\u0131z\u0131m\u0131n y\u00fcz\u00fc g\u00fcl\u00fcyor. Yani g\u00fcler y\u00fczle, &#8216;anne ben bunu yapt\u0131m, anne ben \u015funu yapt\u0131m&#8217; diyor. Bu y\u00fczden Vahap Se\u00e7er&#8217;e, Mersin B\u00fcy\u00fck\u015fehir Belediyesi&#8217;ne \u00e7ok \u00e7ok te\u015fekk\u00fcr ediyorum&#8221; ifadelerini kulland\u0131.<\/p>\n","protected":false},"excerpt":{"rendered":"<p>Mersin B\u00fcy\u00fck\u015fehir Belediyesi Sa\u011fl\u0131k \u0130\u015fleri Dairesi Ba\u015fkanl\u0131\u011f\u0131 Engelliler \u015eube M\u00fcd\u00fcrl\u00fc\u011f\u00fc b\u00fcnyesinde faaliyetlerini s\u00fcrd\u00fcren Mola Evleri&#8217;nin imkanlar\u0131ndan faydalanan &#8216;serebral palsi&#8217; tan\u0131l\u0131 \u00f6zel bireylere y\u00f6nelik olarak, Tarsus \u015eelalesi&#8217;nde kahvalt\u0131 etkinli\u011fi d\u00fczenlendi. Y\u0131ld\u0131r\u0131m: &hellip; <a href=\"https:\/\/akdenizolaygazetesi.com\/?p=21462\" class=\"more-link\">Devam\u0131n\u0131 Oku&#8230;<\/a><\/p>\n","protected":false},"author":2,"featured_media":21463,"comment_status":"open","ping_status":"open","sticky":false,"template":"","format":"standard","meta":[],"categories":[2,3,5],"tags":[],"_links":{"self":[{"href":"https:\/\/akdenizolaygazetesi.com\/index.php?rest_route=\/wp\/v2\/posts\/21462"}],"collection":[{"href":"https:\/\/akdenizolaygazetesi.com\/index.php?rest_route=\/wp\/v2\/posts"}],"about":[{"href":"https:\/\/akdenizolaygazetesi.com\/index.php?rest_route=\/wp\/v2\/types\/post"}],"author":[{"embeddable":true,"href":"https:\/\/akdenizolaygazetesi.com\/index.php?rest_route=\/wp\/v2\/users\/2"}],"replies":[{"embeddable":true,"href":"https:\/\/akdenizolaygazetesi.com\/index.php?rest_route=%2Fwp%2Fv2%2Fcomments&post=21462"}],"version-history":[{"count":1,"href":"https:\/\/akdenizolaygazetesi.com\/index.php?rest_route=\/wp\/v2\/posts\/21462\/revisions"}],"predecessor-version":[{"id":21464,"href":"https:\/\/akdenizolaygazetesi.com\/index.php?rest_route=\/wp\/v2\/posts\/21462\/revisions\/21464"}],"wp:featuredmedia":[{"embeddable":true,"href":"https:\/\/akdenizolaygazetesi.com\/index.php?rest_route=\/wp\/v2\/media\/21463"}],"wp:attachment":[{"href":"https:\/\/akdenizolaygazetesi.com\/index.php?rest_route=%2Fwp%2Fv2%2Fmedia&parent=21462"}],"wp:term":[{"taxonomy":"category","embeddable":true,"href":"https:\/\/akdenizolaygazetesi.com\/index.php?rest_route=%2Fwp%2Fv2%2Fcategories&post=21462"},{"taxonomy":"post_tag","embeddable":true,"href":"https:\/\/akdenizolaygazetesi.com\/index.php?rest_route=%2Fwp%2Fv2%2Ftags&post=21462"}],"curies":[{"name":"wp","href":"https:\/\/api.w.org\/{rel}","templated":true}]}}