{"id":21471,"date":"2022-10-06T13:25:53","date_gmt":"2022-10-06T10:25:53","guid":{"rendered":"http:\/\/akdenizolaygazetesi.com\/?p=21471"},"modified":"2022-10-06T13:25:53","modified_gmt":"2022-10-06T10:25:53","slug":"provokasyonlara-tezgahlara-saldirilara-karsi-uyanik-olacagiz-gaflet-ve-delalet-icerisinde-olmayacagiz","status":"publish","type":"post","link":"https:\/\/akdenizolaygazetesi.com\/?p=21471","title":{"rendered":"&#8220;PROVOKASYONLARA, TEZGAHLARA, SALDIRILARA KAR\u015eI UYANIK OLACA\u011eIZ; GAFLET VE DELALET \u0130\u00c7ER\u0130S\u0130NDE OLMAYACA\u011eIZ&#8221;"},"content":{"rendered":"<p>Mersin B\u00fcy\u00fck\u015fehir Belediye Ba\u015fkan\u0131 Vahap Se\u00e7er, ROTABusiness Dergisi taraf\u0131ndan d\u00fczenlenen &#8216;3. RotaBusiness Mersin \u0130\u015f ve Ekonomi \u00d6d\u00fclleri&#8217; gecesine kat\u0131ld\u0131. Se\u00e7er konu\u015fmas\u0131nda i\u015f insanlar\u0131na seslenirken, &#8220;Mersin B\u00fcy\u00fck\u015fehir Belediyesi olarak, i\u015f insanlar\u0131m\u0131z\u0131n belediye b\u00fcrokrasisi ile ilgili hangi talebi olursa olsun; e\u011fer bir engelleme, bir geciktirme olay\u0131yla kar\u015f\u0131la\u015f\u0131rsan\u0131z, Ba\u015fkan\u0131n\u0131z Ta\u015f Bina&#8217;dad\u0131r. Bizim size g\u00f6nl\u00fcm\u00fcz de a\u00e7\u0131k, kap\u0131m\u0131z da a\u00e7\u0131k&#8221; dedi.<br \/>\nSiyasi platformlarda gerekli yerlere gerekli mesajlar\u0131 verecek y\u00fcrekte ve birikimde olduklar\u0131n\u0131 kaydeden Ba\u015fkan Se\u00e7er, &#8220;Kentimiz maalesef, merkezi b\u00fct\u00e7eden hak etti\u011fi kadar yararlanam\u0131yor. Mersin d\u0131\u015f\u0131ndan gelip, siyasi makam elde edenlerin de\u011fil; bu b\u00f6lgeyi bilen ve sizin i\u00e7inizden \u00e7\u0131kan temsilcilerin Ankara&#8217;da hakk\u0131m\u0131z\u0131 savunmas\u0131 laz\u0131m&#8221; diyerek; provokasyonlara, tezgahlara ve sald\u0131r\u0131lara kar\u015f\u0131 uyan\u0131k olacaklar\u0131n\u0131 da ifade etti.<br \/>\nGecenin a\u00e7\u0131l\u0131\u015f konu\u015fmas\u0131n\u0131 RotaBusiness Dergisi Genel Yay\u0131n Y\u00f6netmeni Esat Durak yapt\u0131. Durak konu\u015fmas\u0131nda, gecenin yava\u015f yava\u015f geleneksel hale geldi\u011finden s\u00f6z ederek, organizasyonda eme\u011fi ge\u00e7enlere, destek veren sponsorlara ve se\u00e7ici kurula te\u015fekk\u00fcrlerini iletti.<br \/>\nSe\u00e7er: &#8220;Siyasi platformlarda gerekli yerlere gerekli mesajlar\u0131 verecek y\u00fcrekte ve birikimdeyiz&#8221;<br \/>\nBa\u015fkan Se\u00e7er, Mersin ekonomisine y\u00f6n veren de\u011ferli i\u015f insanlar\u0131na \u00f6d\u00fcller takdim edeceklerinden s\u00f6z ederek, &#8220;Bizim i\u00e7in \u00f6nemli olan Mersin&#8217;e ekonomi, sanat, k\u00fclt\u00fcr d\u00fcnyas\u0131ndan de\u011fer katan insan say\u0131s\u0131n\u0131 art\u0131rmak. Bu durum bana daha fazla mutluluk, daha fazla \u015fevk ve daha fazla azim veriyor. \u00c7\u00fcnk\u00fc ben bu kentin belediye ba\u015fkan\u0131y\u0131m. Herkesin g\u00fcvencesiyim, abisiyim, karde\u015fiyim ve herkese hizmet g\u00f6t\u00fcrmekle m\u00fckellefim&#8221; dedi.<br \/>\nBa\u015fkan Se\u00e7er, siyaseti siyasi platformlarda zaten konu\u015ftuklar\u0131n\u0131 ifade ederken, Mersin ekonomisine ili\u015fkin yapt\u0131\u011f\u0131 de\u011ferlendirmelerde; &#8220;Ho\u015fg\u00f6r\u00fc, sevgi, birlik, beraberlik; bunlar retorikte kula\u011fa \u00e7ok ho\u015f gelen \u015feyler, ama hayat\u0131n ger\u00e7e\u011finde farkl\u0131 \u015feyler oluyor. Biz kenti idare edenler; b\u00fct\u00fcn \u00e7irkinliklerle, g\u00fczelliklerle, mutluluklarla, ac\u0131larla bo\u011fu\u015fup, olumsuzluklar\u0131 olumluya \u00e7evirme gayreti i\u00e7erisindeyiz. Siyasi platformlarda zaten gerekli yerlere gerekli mesajlar\u0131 verecek y\u00fcrekte ve birikimdeyiz. Vatan\u0131n\u0131, milletini seven, Atat\u00fcrk&#8217;\u00fcn kurdu\u011fu Cumhuriyet Halk Partisi&#8217;nin \u00f6nemli bir neferidir Mersin B\u00fcy\u00fck\u015fehir Belediye Ba\u015fkan\u0131&#8221; diye konu\u015ftu.<br \/>\n&#8220;Mersin, gerek kent gerekse de \u00fclke ekonomisine \u00e7ok b\u00fcy\u00fck katk\u0131s\u0131 olan bir \u015fehir&#8221;<br \/>\nBa\u015fkan Se\u00e7er, Mersin&#8217;in de\u011ferli bir ekonomisi oldu\u011fundan s\u00f6z ederken, &#8220;Mersin Belediyesi&#8217;nin durumu \u00e7ok iyi. \u00c7\u00fcnk\u00fc \u00e7al\u0131\u015f\u0131yorsunuz. \u00dcr\u00fcn geliyor, d\u00fcnyan\u0131n her taraf\u0131ndan ithalat yap\u0131l\u0131yor, G\u00fcmr\u00fck Vergisi \u00f6deniyor. Yurt d\u0131\u015f\u0131na ihra\u00e7 mallar\u0131 gidiyor, G\u00fcmr\u00fc\u011fe tabiyse G\u00fcmr\u00fck Vergisi \u00f6deniyor. 1. s\u0131rada G\u00fcmr\u00fck Vergileri geliyor.   \u0130\u015fletmelerimizin, sanayinin, ticaretin kentimize sa\u011flad\u0131\u011f\u0131 katk\u0131 da \u00e7ok \u00f6nemli bir yer tutuyor. Bu s\u00f6ylediklerim, Mersin&#8217;in ekonomik konjonkt\u00fcr\u00fcn\u00fcn asl\u0131nda bir tespiti.   Buras\u0131 ticaret kentidir. Mersin limanla kurulmu\u015f bir kent, limanla b\u00fcy\u00fcm\u00fc\u015f bir kent. Bu liman herkesin. 2005&#8217;te \u00f6zelle\u015ftirilmi\u015f, ama halk\u0131n liman\u0131. Demek ki biz d\u00fcnyan\u0131n her taraf\u0131na giden ya da gelen vergilerden \u00f6nemli bir kaynak sa\u011fl\u0131yorsak, mutlaka ana konteyner liman\u0131n\u0131 tabi, tahliye, ihra\u00e7, ithal, transit, b\u00fct\u00fcn d\u00f6kme konteyner y\u00fcklerin Mersin&#8217;den i\u015flem g\u00f6rmesi i\u00e7in, bu yat\u0131r\u0131m\u0131n ger\u00e7ekle\u015fmesi i\u00e7in avaz\u0131m\u0131z\u0131n \u00e7\u0131kt\u0131\u011f\u0131 kadar ba\u011f\u0131rma zorunlulu\u011fumuz vard\u0131r. Bunu siyaset\u00e7ilerden de isteme zorunlulu\u011fumuz var&#8221; ifadelerini kulland\u0131.<br \/>\n&#8220;Kentimiz maalesef, merkezi b\u00fct\u00e7eden hak etti\u011fi kadar yararlanam\u0131yor&#8221;<br \/>\nSiyaset ve yat\u0131r\u0131m\u0131n Ankara&#8217;dan \u015fekillendi\u011fini vurgulayan Ba\u015fkan Se\u00e7er, &#8220;Mersin \u00e7ok vergi \u00f6d\u00fcyor, ama yat\u0131r\u0131m konusunda 23. s\u0131rada, 24. s\u0131rada yer al\u0131yor. Mersin&#8217;in yat\u0131r\u0131m konusunda daha yukar\u0131lara \u00e7\u0131kmas\u0131 i\u00e7in 13 milletvekili var. Onlar Ankara&#8217;da, yerel siyaset\u00e7iler ise burada vazifesini yapmak zorundad\u0131r. Gaziantep, Kayseri, Konya, Malatya gibi \u015fehirler, parlamentoda b\u00fct\u00fcn siyasi partileri temsil eden milletvekillerinin i\u015fbirli\u011fi yapmas\u0131 sonucu b\u00fcy\u00fcd\u00fc.  Mersin&#8217;de Karayollar\u0131&#8217;na ait ka\u00e7 tane k\u00f6pr\u00fcl\u00fc kav\u015fak g\u00f6r\u00fcyorsunuz? 1 tane Akbelen Mezarl\u0131\u011f\u0131&#8217;n\u0131n \u00fcst\u00fcnde var. Onun d\u0131\u015f\u0131ndakiler, B\u00fcy\u00fck\u015fehir Belediyesi&#8217;nin yapt\u0131\u011f\u0131 k\u00f6pr\u00fcl\u00fc kav\u015faklar. L\u00fctfen bir Gaziantep&#8217;e, bir Konya&#8217;ya, bir Kayseri&#8217;ye gidin ve bak\u0131n. Hep Ula\u015ft\u0131rma Bakanl\u0131\u011f\u0131, Karayollar\u0131 gibi merkezi b\u00fct\u00e7eye sahip kurumlar buralarda yat\u0131r\u0131m yapm\u0131\u015f. Sen neredesin Mersin? Ortada yoksun&#8221; serzeni\u015finde bulundu.<br \/>\n&#8220;Mersin d\u0131\u015f\u0131ndan gelip siyasi makam elde edenlerin de\u011fil; bu b\u00f6lgeyi bilen ve sizin i\u00e7inizden \u00e7\u0131kan temsilcilerin Ankara&#8217;da hakk\u0131m\u0131z\u0131 savunmas\u0131 laz\u0131m&#8221;<br \/>\nHalk\u0131n i\u00e7inden \u00e7\u0131kan temsilcilerin Ankara&#8217;da halk\u0131n hakk\u0131n\u0131 savunmas\u0131 gerekti\u011fine de\u011finen Ba\u015fkan Se\u00e7er, &#8220;Buraya Mersin d\u0131\u015f\u0131ndan gelip siyasi makam elde edenlerin de\u011fil; bu b\u00f6lgeyi bilen, bu b\u00f6lgeyi tan\u0131yan, sizin i\u00e7inizden \u00e7\u0131kan, halk\u0131n i\u00e7inden \u00e7\u0131kan temsilcilerin Ankara&#8217;da bizim hakk\u0131m\u0131z\u0131 savunmas\u0131 laz\u0131m. Mersin B\u00fcy\u00fck\u015fehir Belediyesi, mali disiplini sa\u011flam\u0131\u015f ve gelecek y\u0131l \u00fczerine %60, %70 daha koymay\u0131 hedefleyen bir belediye. Mersin her g\u00fcn daha \u00e7ok b\u00fcy\u00fcyecek. Her g\u00fcn yeni bulvarlar a\u00e7\u0131lacak, yeni yollar yap\u0131lacak, yeni yat\u0131r\u0131mlar ger\u00e7ekle\u015ftirece\u011fiz. Bundan endi\u015feniz olmas\u0131n. Mersin ne kadar g\u00fc\u00e7lenirse, i\u015fleriniz o kadar b\u00fcy\u00fcyecektir. Mersin zamanla b\u00fcy\u00fcd\u00fc ve b\u00fcy\u00fcd\u00fck\u00e7e de vergi s\u0131ralamas\u0131nda y\u00fckseldi. K\u0131sacas\u0131 refah varsa huzur var, karde\u015flik var, k\u00fclt\u00fcr var, sanat var, e\u011fitim var, her \u015feyin en g\u00fczeli var. E\u011fer refah yoksa, \u015fu anda Mersin&#8217;de, Adana&#8217;da oldu\u011fu gibi gelir da\u011f\u0131l\u0131m\u0131nda adaletsizlik varsa; kimsenin mal\u0131n\u0131, m\u00fclk\u00fcn\u00fc g\u00fcn gelir kimse koruyamaz&#8221; diye konu\u015ftu.<br \/>\n&#8220;Provokasyonlara, tezgahlara ve sald\u0131r\u0131lara kar\u015f\u0131 uyan\u0131k olaca\u011f\u0131z&#8221;<br \/>\n\u00d6d\u00fcl alacak ki\u015fileri de kutlayan Ba\u015fkan Se\u00e7er, &#8220;Mersin ekonomisine katk\u0131 sunan t\u00fcm i\u015f insanlar\u0131m\u0131za kolayl\u0131klar diliyorum. Mersin B\u00fcy\u00fck\u015fehir Belediyesi olarak i\u015f insanlar\u0131m\u0131z\u0131n Belediye b\u00fcrokrasisi ile ilgili hangi talebi olursa olsun; yeter ki makul, kamu ve Mersin yarar\u0131na olsun; e\u011fer bir engelleme, bir geciktirme olay\u0131yla kar\u015f\u0131la\u015f\u0131rsan\u0131z, Ba\u015fkan\u0131n\u0131z Ta\u015f Bina&#8217;dad\u0131r. Ne kadar Belediye ve Belediye Ba\u015fkan\u0131&#8217;yla ileti\u015fim; o kadar kentimize, soka\u011f\u0131m\u0131za, caddemize katk\u0131 oldu\u011funu bilmenizi istiyorum. Bizim size g\u00f6nl\u00fcm\u00fcz de a\u00e7\u0131k, kap\u0131m\u0131z da a\u00e7\u0131k. Yeter ki T\u00fcrkiye&#8217;nin, kentin ve halk\u0131m\u0131z\u0131n yarar\u0131 i\u00e7in gelin. \u0130n\u015fallah gelecek g\u00fcnlerimiz bug\u00fcnlerden \u00e7ok daha iyi olacak. Her zaman oldu\u011fu gibi yine huzur ve bar\u0131\u015f i\u00e7erisinde olaca\u011f\u0131z. Provokasyonlara, tezgahlara, sald\u0131r\u0131lara kar\u015f\u0131 uyan\u0131k olaca\u011f\u0131z; gaflet ve delalet i\u00e7erisinde olmayaca\u011f\u0131z&#8221; dedi.<br \/>\nBa\u015fkan Se\u00e7er, konu\u015fmas\u0131n\u0131n ard\u0131ndan alt\u0131n sponsorlara plaketlerini takdim etti.<\/p>\n","protected":false},"excerpt":{"rendered":"<p>Mersin B\u00fcy\u00fck\u015fehir Belediye Ba\u015fkan\u0131 Vahap Se\u00e7er, ROTABusiness Dergisi taraf\u0131ndan d\u00fczenlenen &#8216;3. RotaBusiness Mersin \u0130\u015f ve Ekonomi \u00d6d\u00fclleri&#8217; gecesine kat\u0131ld\u0131. Se\u00e7er konu\u015fmas\u0131nda i\u015f insanlar\u0131na seslenirken, &#8220;Mersin B\u00fcy\u00fck\u015fehir Belediyesi olarak, i\u015f insanlar\u0131m\u0131z\u0131n &hellip; <a href=\"https:\/\/akdenizolaygazetesi.com\/?p=21471\" class=\"more-link\">Devam\u0131n\u0131 Oku&#8230;<\/a><\/p>\n","protected":false},"author":2,"featured_media":21472,"comment_status":"open","ping_status":"open","sticky":false,"template":"","format":"standard","meta":[],"categories":[8,2,3,6],"tags":[],"_links":{"self":[{"href":"https:\/\/akdenizolaygazetesi.com\/index.php?rest_route=\/wp\/v2\/posts\/21471"}],"collection":[{"href":"https:\/\/akdenizolaygazetesi.com\/index.php?rest_route=\/wp\/v2\/posts"}],"about":[{"href":"https:\/\/akdenizolaygazetesi.com\/index.php?rest_route=\/wp\/v2\/types\/post"}],"author":[{"embeddable":true,"href":"https:\/\/akdenizolaygazetesi.com\/index.php?rest_route=\/wp\/v2\/users\/2"}],"replies":[{"embeddable":true,"href":"https:\/\/akdenizolaygazetesi.com\/index.php?rest_route=%2Fwp%2Fv2%2Fcomments&post=21471"}],"version-history":[{"count":1,"href":"https:\/\/akdenizolaygazetesi.com\/index.php?rest_route=\/wp\/v2\/posts\/21471\/revisions"}],"predecessor-version":[{"id":21473,"href":"https:\/\/akdenizolaygazetesi.com\/index.php?rest_route=\/wp\/v2\/posts\/21471\/revisions\/21473"}],"wp:featuredmedia":[{"embeddable":true,"href":"https:\/\/akdenizolaygazetesi.com\/index.php?rest_route=\/wp\/v2\/media\/21472"}],"wp:attachment":[{"href":"https:\/\/akdenizolaygazetesi.com\/index.php?rest_route=%2Fwp%2Fv2%2Fmedia&parent=21471"}],"wp:term":[{"taxonomy":"category","embeddable":true,"href":"https:\/\/akdenizolaygazetesi.com\/index.php?rest_route=%2Fwp%2Fv2%2Fcategories&post=21471"},{"taxonomy":"post_tag","embeddable":true,"href":"https:\/\/akdenizolaygazetesi.com\/index.php?rest_route=%2Fwp%2Fv2%2Ftags&post=21471"}],"curies":[{"name":"wp","href":"https:\/\/api.w.org\/{rel}","templated":true}]}}