{"id":21483,"date":"2022-10-07T13:17:09","date_gmt":"2022-10-07T10:17:09","guid":{"rendered":"http:\/\/akdenizolaygazetesi.com\/?p=21483"},"modified":"2022-10-07T13:17:09","modified_gmt":"2022-10-07T10:17:09","slug":"secer-bizim-harcadigimiz-her-kurus-sizin-paraniz","status":"publish","type":"post","link":"https:\/\/akdenizolaygazetesi.com\/?p=21483","title":{"rendered":"SE\u00c7ER: &#8220;B\u0130Z\u0130M HARCADI\u011eIMIZ HER KURU\u015e S\u0130Z\u0130N PARANIZ&#8221;"},"content":{"rendered":"<p>Mersin B\u00fcy\u00fck\u015fehir Belediye Ba\u015fkan\u0131 Vahap Se\u00e7er, Gen\u00e7lik ve Spor Hizmetleri Dairesi Ba\u015fkanl\u0131\u011f\u0131 koordinesinde, 2021-2022 sezonunda faal olan spor kul\u00fcplerine &#8216;Amat\u00f6r Spora Desteksin Mersin&#8217; mottosuyla d\u00fczenlenen, Amat\u00f6r Spor Kul\u00fcplerine Nakdi Katk\u0131 T\u00f6reni&#8217;ne kat\u0131ld\u0131. B\u00fcy\u00fck\u015fehir Belediyesi Kongre ve Sergi Saray\u0131&#8217;nda gen\u00e7 sporcular\u0131n alk\u0131\u015flarla kar\u015f\u0131lad\u0131\u011f\u0131 Ba\u015fkan Se\u00e7er, spora ve sporcuya her daim destek verdiklerini belirterek, bu desteklerin s\u00fcrece\u011fini s\u00f6yledi.<br \/>\nSe\u00e7er: &#8220;Y\u0131llard\u0131r Mersin \u00fczerinde \u00e7ok kirli oyunlar oynan\u0131yor&#8221;<br \/>\nSalondaki sporcular\u0131 ve kul\u00fcp temsilcilerini selamlayarak konu\u015fmas\u0131na ba\u015flayan Ba\u015fkan Se\u00e7er, \u00f6ncelikle Mezitli il\u00e7esi Tece Polisevi&#8217;ne yap\u0131lan ter\u00f6r sald\u0131r\u0131s\u0131n\u0131 de\u011ferlendirerek, &#8220;Ge\u00e7ti\u011fimiz hafta Mersin bir ter\u00f6r sald\u0131r\u0131s\u0131yla kar\u015f\u0131 kar\u015f\u0131ya kald\u0131. \u015eehidimize Allah&#8217;tan rahmet, yaral\u0131 polisimize ve yurtta\u015flar\u0131m\u0131za da acil \u015fifalar diliyorum. Mersin&#8217;in \u00fczerinde oynanan oyunlar sonucu, sanki ter\u00f6rle i\u00e7 i\u00e7e olan ve hep \u00e7at\u0131\u015fma ya\u015fanan bir kent imaj\u0131ndan kurtulmak i\u00e7in uzun y\u0131llar m\u00fccadele ettik. Bir siyaset\u00e7i olarak ve bug\u00fcn de Mersin B\u00fcy\u00fck\u015fehir Belediye Ba\u015fkan\u0131 olarak; Mersin&#8217;imiz \u00fczerindeki bu yanl\u0131\u015f anlamay\u0131 ortadan kald\u0131ral\u0131m diye \u00e7ok emek sarf ettim. Mersin; oynanan oyunlar, kurulan tezgahlar, provokasyonlar, \u00fclkemiz \u00fczerinde, hatta kent \u00f6zelinde kurgu yapan baz\u0131 g\u00fc\u00e7 odaklar\u0131n\u0131n, maalesef ge\u00e7ti\u011fimiz hafta hedefiydi. Fakat, Mersin emin ellerde. \u00c7\u00fcnk\u00fc, Ulu \u00d6nder Mustafa Kemal Atat\u00fcrk&#8217;\u00fcn &#8216;Mersinliler Mersin&#8217;e Sahip \u00c7\u0131k\u0131n&#8217; veciz s\u00f6z\u00fcnde oldu\u011fu gibi, Mersin&#8217;e hepimizin sahip \u00e7\u0131kaca\u011f\u0131ndan ismim kadar eminim ve bunu hep beraber ba\u015faraca\u011f\u0131z&#8221; ifadelerini kulland\u0131.<br \/>\nBir toplum \u00fczerinde kurgu yapanlar\u0131n hedefinde zay\u0131f, temeli olmayan, k\u00f6kleri olmayan toplumlar oldu\u011funu ifade eden Se\u00e7er, &#8220;Mersin&#8217;imize sahip \u00e7\u0131k\u0131yoruz. Sadece sporcular\u0131m\u0131za de\u011fil, Mersin&#8217;imize sahip \u00e7\u0131k\u0131yoruz. Her yurtta\u015f\u0131m\u0131za ayr\u0131m yapmadan sahip \u00e7\u0131k\u0131yoruz. Mersin T\u00fcrkiye&#8217;nin \u00f6zeti. T\u00fcrkiye demek Mersin demektir. Mersin \u00e7ok daya iyi yerlerde olacak. Buradaki gen\u00e7 sporcular\u0131m\u0131z da bizlere katk\u0131 yapacak. Onun i\u00e7in bu katk\u0131lar\u0131, biz \u015fimdi onlara yap\u0131yoruz. Onlar da \u00fclkemize daha sonra katk\u0131 yaps\u0131nlar diye. Bizim harcad\u0131\u011f\u0131m\u0131z her kuru\u015f, sizin kendi paran\u0131z&#8221; diye konu\u015ftu.<br \/>\n&#8220;Spor; toplumda karde\u015flik, birlik ve huzuru bir arada tutan en \u00f6nemli unsurdur&#8221;<br \/>\nSpora ve sporcuya \u00e7ok \u00f6nem verdiklerini s\u0131k s\u0131k dile getirdi\u011fini s\u00f6yleyen Ba\u015fkan Se\u00e7er, &#8220;Spor, beraberinde karde\u015flik ve toplumlar aras\u0131nda huzuru, bar\u0131\u015f\u0131, k\u00fclt\u00fcr transferini getiriyor. Bu nedenle Mersin bir spor kenti olsun dedik. K\u00fc\u00e7\u00fck T\u00fcrkiye diye tabir etti\u011fimiz Mersin&#8217;de bu mozai\u011fi bir arada tutmak i\u00e7in, en \u00f6nemli yap\u0131\u015ft\u0131r\u0131c\u0131 unsur spor, k\u00fclt\u00fcr ve sanat. Spor \u00f6nemli, ama spor yapmak i\u00e7in de imkanlar\u0131n\u0131z\u0131n, altyap\u0131n\u0131z\u0131n olmas\u0131 laz\u0131m. \u00d6zellikle amat\u00f6r spor kul\u00fcplerimizin katk\u0131ya, deste\u011fe ihtiyac\u0131 var. Devlet, spora ve sporcuya katk\u0131 yapmak zorunda. \u00c7\u00fcnk\u00fc bu \u00e7ocuklar\u0131m\u0131z, bizim yapt\u0131\u011f\u0131m\u0131z bu katk\u0131lar sayesinde, Mersin&#8217;i ve T\u00fcrkiye&#8217;yi d\u00fcnyaya tan\u0131tacak&#8221; dedi.<br \/>\n&#8220;Spora ve sporcuya olan katk\u0131lar\u0131m\u0131z, artarak devam edecek&#8221;<br \/>\nG\u00f6reve geldikleri g\u00fcnden bu yanda spora ve sporcuya sunduklar\u0131 katk\u0131lar\u0131 anlatan Ba\u015fkan Se\u00e7er; Homurlu, Dikilita\u015f, Bekirde, F\u0131nd\u0131kp\u0131nar\u0131 futbol sahalar\u0131n\u0131 yenilediklerini s\u00f6yledi. Macit \u00d6zcan Spor Kompleksi&#8217;nde bulunan sahan\u0131n tadilat\u0131n\u0131 ba\u015flatt\u0131klar\u0131n\u0131 da duyuran Ba\u015fkan Se\u00e7er, &#8220;Orada futbol sahas\u0131n\u0131 \u015fu an amat\u00f6r spor kul\u00fcpleri kullanam\u0131yor. Oray\u0131 daha kullan\u0131\u015fl\u0131 hale, trib\u00fcnlerini daha kapasiteli hale getirece\u011fiz ve amat\u00f6r spor kul\u00fcplerinin, hatta profesyonel ma\u00e7lar\u0131n yap\u0131laca\u011f\u0131 bir saha haline kavu\u015fturaca\u011f\u0131z. Yeni\u015fehir Spor Salonu&#8217;nu yenilemi\u015ftik ve orada hentbol m\u00fcsabakalar\u0131n\u0131 yapm\u0131\u015ft\u0131k ge\u00e7ti\u011fimiz y\u0131l&#8221; ifadelerini kulland\u0131.<br \/>\nAmat\u00f6r spor kul\u00fcplerine ve ba\u015far\u0131l\u0131 sporculara 2020&#8217;de 570 bin, 2021&#8217;de 419 bin, bu y\u0131l i\u00e7erisinde de 1 milyon 148 bin lira \u00f6d\u00fcl da\u011f\u0131tt\u0131klar\u0131n\u0131 ifade eden Ba\u015fkan Se\u00e7er, bug\u00fcn d\u00fczenlenen t\u00f6renin amac\u0131n\u0131n ise, amat\u00f6r spor kul\u00fcplerine katk\u0131 oldu\u011funu hat\u0131rlatt\u0131. Ba\u015fkan Se\u00e7er, &#8220;Buradaki amac\u0131m\u0131z sizlere katk\u0131 yapmak. 2020 y\u0131l\u0131nda 875 bin lira bir katk\u0131m\u0131z olmu\u015f kul\u00fcplerimize. 2021de 1 milyon 444 bin lira, bu y\u0131l ise 219 kul\u00fcb\u00fcm\u00fcze toplamda 4 milyon 66 bin lira katk\u0131 yap\u0131yoruz. Yani ge\u00e7en y\u0131la g\u00f6re y\u00fczde 181&#8217;lik bir art\u0131\u015f. T\u00dc\u0130K&#8217;in enflasyon rakamlar\u0131ndan gidersek yanl\u0131\u015f bir rakam elde edebiliriz. Ba\u015far\u0131n\u0131z i\u00e7in sizlere katk\u0131 sunaca\u011f\u0131na inan\u0131yorum&#8221; dedi.<br \/>\n&#8220;13 il\u00e7ede spor anlam\u0131nda dezavantajl\u0131 yerleri avantajl\u0131 duruma getirece\u011fiz&#8221;<br \/>\n\u0130l Milli E\u011fitim M\u00fcd\u00fcrl\u00fc\u011f\u00fc ile geli\u015ftirilen bir projeye de de\u011finen Ba\u015fkan Se\u00e7er, &#8220;Dezavantajl\u0131 b\u00f6lgelerde, \u0130l Milli E\u011fitim M\u00fcd\u00fcrl\u00fc\u011f\u00fc&#8217;n\u00fcn g\u00f6sterece\u011fi yerde, geni\u015f bah\u00e7esi olan okullar\u0131 se\u00e7erek spor salonlar\u0131 yapaca\u011f\u0131z. \u015eu anda Tarsus&#8217;ta ba\u015fl\u0131yoruz. Her ge\u00e7en y\u0131l \u00e7ok daha fazla say\u0131da spor salonu yapaca\u011f\u0131z ve 13 il\u00e7emizde, spor anlam\u0131nda dezavantajl\u0131 yerleri avantajl\u0131 duruma getirece\u011fiz. Bu arada spor kurslar\u0131m\u0131z devam ediyor. Bu y\u0131l 13 bran\u015fta 5 bin 331 kursiyer, bu kurslardan \u00fccretsiz olarak faydaland\u0131. Di\u011fer taraftan, k\u0131rsal mahallelerden k\u0131z \u00e7ocuklar\u0131m\u0131z\u0131 ald\u0131\u011f\u0131m\u0131z, hem e\u011fitimini-\u00f6\u011fretimini \u00fcstlendi\u011fimiz, hem de bar\u0131nma imkan\u0131 sa\u011flad\u0131\u011f\u0131m\u0131z, kursunu sa\u011flad\u0131\u011f\u0131m\u0131z, yurdunu sa\u011flad\u0131\u011f\u0131m\u0131z, yemesini, i\u00e7mesini, yatmas\u0131n\u0131 sa\u011flad\u0131\u011f\u0131m\u0131z K\u0131r \u00c7i\u00e7ekleri projemiz 50 \u00f6\u011frenci ile devam ediyor&#8221; \u015feklinde konu\u015ftu.<br \/>\nB\u00fcy\u00fck\u015fehir&#8217;in etkinlik ve organizasyonlar\u0131 bitmek bilmiyor<br \/>\nYak\u0131n zamanda B\u00fcy\u00fck\u015fehir Belediyesi taraf\u0131ndan d\u00fczenlenecek etkinliklerin de bilgisini payla\u015fan Ba\u015fkan Se\u00e7er, &#8220;Bu ay i\u00e7erisinde, 21-22 Ekim&#8217;de \u00d6zgecan Aslan Meydan\u0131&#8217;nda Gen\u00e7Fest gen\u00e7lik festivali var. Yine 23 Ekim&#8217;de Uluslararas\u0131 Tarsus Yar\u0131 Maratonu var.  Yine Tarsus&#8217;ta 4-5-6 Kas\u0131m tarihlerinde Uluslararas\u0131 Tarsus Festivali yap\u0131lacak. Bir\u00e7ok \u00fclkeden folklor ekipleri, sanat\u00e7\u0131lar, sporcular, yazarlar, \u00e7izerler, \u015fairler herkes orada olacak. 6&#8217;nc\u0131s\u0131 yap\u0131lacak olan Tour Of Mersin Bisiklet Turu gelecek y\u0131l Nisan ay\u0131nda, Tarsus Kleopatra Bisiklet Festivali gelecek y\u0131l May\u0131s ay\u0131nda ve 5&#8217;inci Uluslararas\u0131 Mersin Maratonu ise gelecek y\u0131l Aral\u0131k ay\u0131nda yap\u0131lacak&#8221; ifadelerini kulland\u0131.<br \/>\nErta\u015f: &#8220;Bu yard\u0131mlar\u0131n\u0131z amat\u00f6rlerimize can suyu oluyor&#8221;<br \/>\nMersin Amat\u00f6r Spor Kul\u00fcpleri Federasyonu Ba\u015fkan\u0131 Mithat Erta\u015f ise yapt\u0131\u011f\u0131 konu\u015fmada, &#8220;Bu y\u0131l 219 spor kul\u00fcb\u00fcm\u00fcz bu yard\u0131mdan faydalan\u0131yor. Rakam 4 milyon 66 bin lira. Bu konuda da Say\u0131n Ba\u015fkan\u0131m ba\u015fta olmak \u00fczere, amat\u00f6r spor ad\u0131na kim ne yap\u0131yorsa minnettar\u0131z. Adana, Hatay, Gaziantep, Osmaniye, Kilis illerinden, Mersin&#8217;de amat\u00f6r kul\u00fcplere yap\u0131lan yard\u0131mlar g\u0131pta ile izleniyor.  Bu konuda \u00e7ok \u015fansl\u0131y\u0131z. \u0130nan\u0131n bu yard\u0131mlar\u0131n\u0131z, amat\u00f6rlerimize can suyu oluyor. Ekonomik kriz maalesef kul\u00fcplerimizi de vurdu, vurmamas\u0131 m\u00fcmk\u00fcn de\u011fildi. Ben kul\u00fcplerimizin g\u00f6zlerindeki mutlulu\u011fu g\u00f6r\u00fcyor, onlar\u0131n ad\u0131na sizlere te\u015fekk\u00fcr ediyorum&#8221; dedi.<br \/>\nAmat\u00f6r sporcular: &#8220;B\u00fcy\u00fck\u015fehir Belediyesi bizi her zaman her ko\u015fulda destekliyor&#8221;<br \/>\nAmat\u00f6r sporcular, t\u00f6ren \u00f6ncesi B\u00fcy\u00fck\u015fehir Belediyesi&#8217;nin desteklerini her daim yanlar\u0131nda hissettiklerini s\u00f6yledi. Bu sporculardan Song\u00fcl Ad\u0131g\u00fczel, &#8220;Saham\u0131z k\u00f6t\u00fcyd\u00fc. Sa\u011f olsun belediyenin yard\u0131m\u0131 ile saham\u0131z \u00e7ok daha iyi oldu ve bu da bizi \u00e7ok olumlu etkiledi.  B\u00fcy\u00fck\u015fehir Belediyesi bizi her zaman her ko\u015fulda destekliyor ve arkam\u0131zda oldu\u011funu da biliyoruz&#8221; dedi.<br \/>\nDesteklerden memnun olduklar\u0131n\u0131 belirten Abdullah Gezici, &#8220;Bir\u00e7ok spor dal\u0131nda \u00e7ok iyi \u015feyler yap\u0131yorlar. Saham\u0131z \u015fu anda Ba\u015fkan sayesinde \u00e7ok iyi&#8221; diye konu\u015ftu.<br \/>\nKul\u00fcplerine yap\u0131lan nakdi katk\u0131dan dolay\u0131 te\u015fekk\u00fcr eden Batuhan Kale, &#8220;Biz de bu yard\u0131ma istinaden, bu sene de ba\u015far\u0131l\u0131 olup en iyi \u015fekilde ligi bitirmeye \u00e7al\u0131\u015faca\u011f\u0131z. \u015eu an nakdi yard\u0131m var, ba\u015fka bir taraftan belediyeden ara\u00e7 yard\u0131m\u0131 al\u0131yoruz. Bize hep destek sa\u011fl\u0131yorlar. Belediyenin deste\u011fini her daim arkam\u0131zda hissediyoruz&#8221; ifadelerini kulland\u0131.<br \/>\nB\u00fcy\u00fck\u015fehir Belediyesi&#8217;nin spora ve sporculara g\u00f6sterdi\u011fi ilgiye de\u011finen Ekin Su Kiraz, &#8220;Sahalar\u0131m\u0131z\u0131 \u00e7ok temiz tutuyor belediye. Bize \u00e7ok yard\u0131m ediyor, \u00e7ok mutluyuz. Bir yere gitmek i\u00e7in bize otob\u00fcs ayarl\u0131yor, organizasyonlar yap\u0131p bize yard\u0131m ediyor. Deste\u011fi sadece B\u00fcy\u00fck\u015fehir Belediyesi&#8217;nden al\u0131yoruz&#8221; dedi.<\/p>\n","protected":false},"excerpt":{"rendered":"<p>Mersin B\u00fcy\u00fck\u015fehir Belediye Ba\u015fkan\u0131 Vahap Se\u00e7er, Gen\u00e7lik ve Spor Hizmetleri Dairesi Ba\u015fkanl\u0131\u011f\u0131 koordinesinde, 2021-2022 sezonunda faal olan spor kul\u00fcplerine &#8216;Amat\u00f6r Spora Desteksin Mersin&#8217; mottosuyla d\u00fczenlenen, Amat\u00f6r Spor Kul\u00fcplerine Nakdi Katk\u0131 &hellip; <a href=\"https:\/\/akdenizolaygazetesi.com\/?p=21483\" class=\"more-link\">Devam\u0131n\u0131 Oku&#8230;<\/a><\/p>\n","protected":false},"author":2,"featured_media":21484,"comment_status":"open","ping_status":"open","sticky":false,"template":"","format":"standard","meta":[],"categories":[3,10],"tags":[],"_links":{"self":[{"href":"https:\/\/akdenizolaygazetesi.com\/index.php?rest_route=\/wp\/v2\/posts\/21483"}],"collection":[{"href":"https:\/\/akdenizolaygazetesi.com\/index.php?rest_route=\/wp\/v2\/posts"}],"about":[{"href":"https:\/\/akdenizolaygazetesi.com\/index.php?rest_route=\/wp\/v2\/types\/post"}],"author":[{"embeddable":true,"href":"https:\/\/akdenizolaygazetesi.com\/index.php?rest_route=\/wp\/v2\/users\/2"}],"replies":[{"embeddable":true,"href":"https:\/\/akdenizolaygazetesi.com\/index.php?rest_route=%2Fwp%2Fv2%2Fcomments&post=21483"}],"version-history":[{"count":1,"href":"https:\/\/akdenizolaygazetesi.com\/index.php?rest_route=\/wp\/v2\/posts\/21483\/revisions"}],"predecessor-version":[{"id":21485,"href":"https:\/\/akdenizolaygazetesi.com\/index.php?rest_route=\/wp\/v2\/posts\/21483\/revisions\/21485"}],"wp:featuredmedia":[{"embeddable":true,"href":"https:\/\/akdenizolaygazetesi.com\/index.php?rest_route=\/wp\/v2\/media\/21484"}],"wp:attachment":[{"href":"https:\/\/akdenizolaygazetesi.com\/index.php?rest_route=%2Fwp%2Fv2%2Fmedia&parent=21483"}],"wp:term":[{"taxonomy":"category","embeddable":true,"href":"https:\/\/akdenizolaygazetesi.com\/index.php?rest_route=%2Fwp%2Fv2%2Fcategories&post=21483"},{"taxonomy":"post_tag","embeddable":true,"href":"https:\/\/akdenizolaygazetesi.com\/index.php?rest_route=%2Fwp%2Fv2%2Ftags&post=21483"}],"curies":[{"name":"wp","href":"https:\/\/api.w.org\/{rel}","templated":true}]}}