{"id":21486,"date":"2022-10-07T13:18:28","date_gmt":"2022-10-07T10:18:28","guid":{"rendered":"http:\/\/akdenizolaygazetesi.com\/?p=21486"},"modified":"2022-10-07T13:18:28","modified_gmt":"2022-10-07T10:18:28","slug":"baskan-secer-kultur-parkta-yapimi-suren-adres-okuma-salonunu-inceledi","status":"publish","type":"post","link":"https:\/\/akdenizolaygazetesi.com\/?p=21486","title":{"rendered":"BA\u015eKAN SE\u00c7ER, K\u00dcLT\u00dcR PARK&#8217;TA YAPIMI S\u00dcREN ADRES OKUMA SALONU&#8217;NU \u0130NCELED\u0130"},"content":{"rendered":"<p>Mersin B\u00fcy\u00fck\u015fehir Belediye Ba\u015fkan\u0131 Vahap Se\u00e7er, K\u00fclt\u00fcr Park&#8217;ta Galatasaray Meydan\u0131 civar\u0131nda yap\u0131m\u0131 devam eden Adres Okuma Salonu&#8217;nu ziyaret ederek incelemede bulundu. Yetkililerden \u00e7al\u0131\u015fmalar hakk\u0131nda bilgi alan Ba\u015fkan Se\u00e7er, k\u0131sa s\u00fcrede hizmete a\u00e7\u0131lacak Adres Okuma Salonu&#8217;na t\u00fcm Mersinlileri davet etti.<br \/>\nSe\u00e7er: &#8220;\u00d6zellikle \u00fcniversitelerle i\u015fbirli\u011fi yapmak istiyoruz&#8221;&#8221;<br \/>\nAdres Okuma Salonu&#8217;nu gezdikten sonra de\u011ferlendirmede bulunan Ba\u015fkan Se\u00e7er, &#8220;Akdeniz manzaral\u0131 bu g\u00fczel ortam 800 metrekare kapal\u0131 alan\u0131 olan bir yer. Buras\u0131 150 ki\u015fi kapasiteli ve 3 ayr\u0131 \u00e7al\u0131\u015fma odas\u0131 var. 32 ki\u015filik dijital \u00e7al\u0131\u015fmalar\u0131m\u0131z var. \u0130\u00e7inde bilgisayarlar var. Yine 30 ki\u015filik karma odam\u0131z ve bistro okuma alanlar\u0131m\u0131z var. \u00c7ocuklar\u0131m\u0131z gelip burada uygun hava \u015fartlar\u0131nda hem dinlenirler, hem okurlar, hem \u00f6\u011frenirler. \u00d6zellikle \u00fcniversitelerle i\u015fbirli\u011fi yapmak istiyoruz burada. Burada g\u00f6rev yapacak personelin de, \u00fcniversitede okuyan \u00e7ocuklar\u0131m\u0131zdan part-time olarak \u00e7al\u0131\u015facak \u00f6\u011frencilerden olu\u015fmas\u0131n\u0131 planl\u0131yoruz. B\u00f6ylece onlar\u0131n gelirlerine de katk\u0131 sunmak istiyoruz&#8221; dedi.<br \/>\n&#8220;Mersin&#8217;in her yerinde okuma salonlar\u0131 a\u00e7t\u0131k&#8221;<br \/>\nE\u011fitimi \u00f6nemsediklerini ve bu do\u011frultuda \u00f6nemli \u00e7al\u0131\u015fmalar hayata ge\u00e7irdiklerini s\u00f6yleyen Ba\u015fkan Se\u00e7er, &#8220;Adres Okuma Salonu&#8217;yla bizim okuma alan\u0131m\u0131z bitmiyor. Kongre Merkezi&#8217;mizde, mevcut kapal\u0131 okuma salonumuz var. Yine oraya a\u00e7\u0131k bir birim yap\u0131l\u0131yor. Hal Mahallesi&#8217;nde yeni bitirdi\u011fimiz bir birim var. Halkkent&#8217;te toplum merkezi yapt\u0131k, onun i\u00e7inde de bir okuma salonumuz var. Bunlar haz\u0131r, p\u0131r\u0131l p\u0131r\u0131l tertemiz binalar ve \u015fu anda da faaliyetlerine ba\u015fl\u0131yor. So\u011fucak yaylas\u0131nda, Marina&#8217;n\u0131n kar\u015f\u0131s\u0131nda, Tarsus \u00d6t\u00fcken Park&#8217;ta ve \u015fu anda K\u00fclt\u00fcr Park i\u00e7erisinde proje haz\u0131rl\u0131\u011f\u0131nda olan okuma salonumuz var. Atat\u00fcrk Park\u0131&#8217;nda da bitmek \u00fczere olan bir okuma salonumuz var. Onu da devreye alaca\u011f\u0131z. Yine bizim Gazi \u00c7iftli\u011fimizde bir okuma salonumuz var. G\u00f6rd\u00fc\u011f\u00fcn\u00fcz gibi her b\u00f6lgede e\u011fitime katk\u0131 vermek, \u00e7ocuklar\u0131m\u0131z\u0131n ders \u00e7al\u0131\u015fma ortam\u0131n\u0131 iyile\u015ftirmek i\u00e7in katk\u0131 sunmaya \u00e7al\u0131\u015f\u0131yoruz. Bunlar\u0131n say\u0131s\u0131n\u0131 daha da art\u0131raca\u011f\u0131z&#8221; diye konu\u015ftu.<br \/>\n&#8220;\u00d6\u011frencilerimiz i\u00e7in bir\u00e7ok yurt ve konukevini faaliyete ge\u00e7irdik&#8221;<br \/>\nSadece okuma salonlar\u0131 de\u011fil, \u00f6\u011frencilerin bar\u0131nma ihtiyac\u0131 ba\u015fta olmak \u00fczere daha bir\u00e7ok konudaki \u00e7al\u0131\u015fmalarla e\u011fitime katk\u0131 sunduklar\u0131n\u0131 an\u0131msatan Ba\u015fkan Se\u00e7er, &#8220;Tarsus&#8217;ta 25 k\u0131z\u0131m\u0131z i\u00e7in \u00e7ok g\u00fczel bir konukevi haz\u0131r ettik. Merkezde eski \u00fcniversite hastanesinin yerinde 120 yatakl\u0131 erkek \u00f6\u011frenci yurdumuz var. Bu e\u011fitim-\u00f6\u011fretim sezonunda orada da hizmete ba\u015fl\u0131yoruz. Ge\u00e7ti\u011fimiz y\u0131l G\u00fclnar&#8217;da a\u00e7t\u0131\u011f\u0131m\u0131z 108 mevcutlu yurt ve konukevi de faaliyette. Bu \u00e7al\u0131\u015fmalar\u0131 art\u0131rarak devam ettirece\u011fiz. \u00c7\u00fcnk\u00fc bar\u0131nma \u00f6nemli bir sorun. Yine \u00e7ocuklar\u0131m\u0131z\u0131n \u00f6zellikle okul \u00f6ncesi kre\u015f sorunu var. T\u00fcrkiye&#8217;nin, hatta d\u00fcnyan\u0131n belki de ilkini biz yapt\u0131k. T\u00fcrkiye&#8217;nin en b\u00fcy\u00fck toptanc\u0131 sebze ve meyve halinde kre\u015fimiz var. Orada \u00e7al\u0131\u015fan kad\u0131nlar\u0131m\u0131z\u0131n \u00e7ocuklar\u0131 faydalan\u0131yor. Bir\u00e7ok b\u00f6lgede hizmete ald\u0131\u011f\u0131m\u0131z kre\u015flerimiz, yeni yap\u0131lan kre\u015flerimiz var. Biz kamuya hizmet ediyoruz. Bu sosyal politikalar\u0131 da, onun \u00fczerine kurguluyoruz&#8221; dedi.<br \/>\n&#8220;\u00d6\u011frencilerimizin her konuda yan\u0131nday\u0131z&#8221;<br \/>\nMersin B\u00fcy\u00fck\u015fehir Belediyesi E\u011fitim ve \u00d6\u011fretimi Destekleme Kurs Merkezleri&#8217;nde LGS \u00f6\u011frencilerine y\u00f6nelik \u00f6\u011fle yeme\u011fi hizmetinin ba\u015flat\u0131ld\u0131\u011f\u0131n\u0131 da an\u0131msatan Ba\u015fkan Se\u00e7er, &#8220;Her \u00fcniversitenin kap\u0131s\u0131ndaki Mahalle Mutfa\u011f\u0131m\u0131zda 3 \u00e7e\u015fit yemek 3,5 liraya devam ediyor. \u00c7ama\u015f\u0131r kafeler \u00fccretsiz. \u00c7orba da\u011f\u0131t\u0131mlar\u0131; baz\u0131lar\u0131na k\u00fc\u00e7\u00fck i\u015fler gibi gelebilir ama tok a\u00e7\u0131n halinden anlamad\u0131\u011f\u0131 i\u00e7in, biz de onlar\u0131 b\u00f6yle alayl\u0131 bir \u015fekilde kar\u015f\u0131l\u0131yoruz. 2024 y\u0131l\u0131na kadar otob\u00fcs 1 lira devam edecek. Yine bir\u00e7ok konuda \u00f6\u011frencilerimize katk\u0131 sa\u011flayacak \u00e7al\u0131\u015fmalar yap\u0131yoruz. Yani Mercek&#8217;ten Merci&#8217;ye kadar,  \u00f6\u011frenci dan\u0131\u015fma merkezlerimizden meslek edindirme merkezlerimize kadar her \u015feyimiz gayet g\u00fczel. S\u00f6yledi\u011fim gibi, Mersin ger\u00e7ekten 10 numara \u00f6\u011frenci kenti&#8221; dedi.<\/p>\n","protected":false},"excerpt":{"rendered":"<p>Mersin B\u00fcy\u00fck\u015fehir Belediye Ba\u015fkan\u0131 Vahap Se\u00e7er, K\u00fclt\u00fcr Park&#8217;ta Galatasaray Meydan\u0131 civar\u0131nda yap\u0131m\u0131 devam eden Adres Okuma Salonu&#8217;nu ziyaret ederek incelemede bulundu. Yetkililerden \u00e7al\u0131\u015fmalar hakk\u0131nda bilgi alan Ba\u015fkan Se\u00e7er, k\u0131sa s\u00fcrede &hellip; <a href=\"https:\/\/akdenizolaygazetesi.com\/?p=21486\" class=\"more-link\">Devam\u0131n\u0131 Oku&#8230;<\/a><\/p>\n","protected":false},"author":2,"featured_media":21487,"comment_status":"open","ping_status":"open","sticky":false,"template":"","format":"standard","meta":[],"categories":[1,3,5],"tags":[],"_links":{"self":[{"href":"https:\/\/akdenizolaygazetesi.com\/index.php?rest_route=\/wp\/v2\/posts\/21486"}],"collection":[{"href":"https:\/\/akdenizolaygazetesi.com\/index.php?rest_route=\/wp\/v2\/posts"}],"about":[{"href":"https:\/\/akdenizolaygazetesi.com\/index.php?rest_route=\/wp\/v2\/types\/post"}],"author":[{"embeddable":true,"href":"https:\/\/akdenizolaygazetesi.com\/index.php?rest_route=\/wp\/v2\/users\/2"}],"replies":[{"embeddable":true,"href":"https:\/\/akdenizolaygazetesi.com\/index.php?rest_route=%2Fwp%2Fv2%2Fcomments&post=21486"}],"version-history":[{"count":1,"href":"https:\/\/akdenizolaygazetesi.com\/index.php?rest_route=\/wp\/v2\/posts\/21486\/revisions"}],"predecessor-version":[{"id":21488,"href":"https:\/\/akdenizolaygazetesi.com\/index.php?rest_route=\/wp\/v2\/posts\/21486\/revisions\/21488"}],"wp:featuredmedia":[{"embeddable":true,"href":"https:\/\/akdenizolaygazetesi.com\/index.php?rest_route=\/wp\/v2\/media\/21487"}],"wp:attachment":[{"href":"https:\/\/akdenizolaygazetesi.com\/index.php?rest_route=%2Fwp%2Fv2%2Fmedia&parent=21486"}],"wp:term":[{"taxonomy":"category","embeddable":true,"href":"https:\/\/akdenizolaygazetesi.com\/index.php?rest_route=%2Fwp%2Fv2%2Fcategories&post=21486"},{"taxonomy":"post_tag","embeddable":true,"href":"https:\/\/akdenizolaygazetesi.com\/index.php?rest_route=%2Fwp%2Fv2%2Ftags&post=21486"}],"curies":[{"name":"wp","href":"https:\/\/api.w.org\/{rel}","templated":true}]}}