{"id":21492,"date":"2022-10-07T13:23:01","date_gmt":"2022-10-07T10:23:01","guid":{"rendered":"http:\/\/akdenizolaygazetesi.com\/?p=21492"},"modified":"2022-10-07T13:23:01","modified_gmt":"2022-10-07T10:23:01","slug":"tbmmde-sansur-yasasina-karanlik-gazeteli-protesto","status":"publish","type":"post","link":"https:\/\/akdenizolaygazetesi.com\/?p=21492","title":{"rendered":"TBMM\u2019DE SANS\u00dcR YASASINA KARANLIK GAZETEL\u0130 PROTESTO"},"content":{"rendered":"<p>Kamuoyunda sans\u00fcr ve dezenformasyon yasas\u0131 olarak bilinen &#8220;Bas\u0131n Kanunu ile Baz\u0131 Kanunlarda De\u011fi\u015fiklik yap\u0131lmas\u0131na Dair Kanun&#8221; teklifi TBMM&#8217;de g\u00f6r\u00fc\u015f\u00fclmeye devam ediyor.<\/p>\n<p>CHP Mersin Milletvekili Alpay Antmen, Meclis k\u00fcrs\u00fcs\u00fcnden sans\u00fcr yasas\u0131n\u0131 protesto etti. Antmen konu\u015fmas\u0131 s\u0131ras\u0131nda ortaya \u00e7\u0131kard\u0131\u011f\u0131 karanl\u0131k gazete kup\u00fcr\u00fcn\u00fc AKP s\u0131ralar\u0131na g\u00f6stererek &#8220;Saray karanl\u0131\u011f\u0131n\u0131 ve yalanlar\u0131n\u0131 man\u015fetlere ta\u015f\u0131yan gazeteler istiyorsunuz&#8221; dedi.<\/p>\n<p>Kanun teklifnin 8. maddesi g\u00f6r\u00fc\u015f\u00fcl\u00fcrken k\u00fcrs\u00fcye \u00e7\u0131kan CHP Mersin Milletvekili ve Adalet Komisyonu \u00dcyesi Alpay Antmen, bir protesto ger\u00e7ekle\u015ftirdi. AKP s\u0131ralar\u0131na seslenen CHP&#8217;li Antmen, iktidar\u0131n kararm\u0131\u015f gazeteler istedi\u011fini s\u00f6yledi.<\/p>\n<p>Alpay Antmen, \u015funlar\u0131 s\u00f6yledi:<\/p>\n<p>&#8220;Fa\u015fizm s\u00f6yleyememe de\u011fil, s\u00f6yleme mecburiyetidir. Saray fa\u015fizmi \u015fu anda t\u00fcm gazetecileri kendi yalanlar\u0131n\u0131 s\u00f6ylemeye mecbur etmek istiyor. Ger\u00e7eklerin yaz\u0131lmas\u0131n\u0131 istemiyorlar. Hi\u00e7bir ger\u00e7e\u011fi yazmayan Saray karanl\u0131\u011f\u0131n\u0131 man\u015fetlere ta\u015f\u0131yan gazeteler istiyorsunuz. Karanl\u0131k olsun. Kendi istediklerinizi yaz\u0131n. Hi\u00e7bir \u015fey yazmas\u0131n ve ya\u015famas\u0131n istiyorsunuz.&#8221;<\/p>\n<p>SAVCILARI RT\u00dcK BA\u015eKANI YAPMAK \u0130ST\u0130YORLAR<\/p>\n<p>Antmen konu\u015fmas\u0131nda bu teklifle savc\u0131lar\u0131n internet ve sosyal medyayla gazetelerin RT\u00dcK Ba\u015fkan\u0131 haline getirilmeye \u00e7al\u0131\u015f\u0131ld\u0131\u011f\u0131n\u0131 belirterek \u015funlar\u0131 s\u00f6yledi:<\/p>\n<p>&#8220;AKP Genel Ba\u015fkan\u0131 Tayyip Erdo\u011fan &#8216;Geziciler Cami yakt\u0131&#8217; dedi. \u015eimdi bu yasa bu haliyle ge\u00e7erse, &#8216;Hay\u0131r cami yak\u0131lmad\u0131 yalan. Varsa bu g\u00f6sterin&#8217; derseniz &#8216;yalan haber payla\u015fmak ve yaymak su\u00e7undan&#8217; Erdo\u011fan de\u011fil; ger\u00e7e\u011fi yazan gazeteciler yarg\u0131lanacak. Mesela &#8216;128 Milyar dolar nerede&#8217; diye soramayacaks\u0131n\u0131z. Ayn\u0131 \u015fekilde &#8216;Ka\u00e7 T\u00fcrkiye Cumhuriyeti vatanda\u015fl\u0131\u011f\u0131 satt\u0131n\u0131z?&#8217; diye de sorulamayacak. T\u00dc\u0130K \u00e7\u0131kacak enflasyonu d\u00fc\u015f\u00fck g\u00f6sterecek, ger\u00e7ek enflasyonu yazan ekonomistler hapse girecek \u00f6yle mi? Hani siz s\u0131k s\u0131k &#8216;Almanya bizi k\u0131skan\u0131yor&#8217; diyorsunuz ya! Aynen \u00f6yle. Almanya bizi k\u0131skan\u0131yor. Ama 2022 Almanyas\u0131 de\u011fil, 1942 Almanya&#8217;s\u0131 bizi k\u0131skan\u0131yor. Hitler ya\u015fasa kesinlikle sizi k\u0131skan\u0131rd\u0131! Bu kadar\u0131n\u0131 onlar bile ak\u0131l edememi\u015fti&#8221; dedi.<\/p>\n","protected":false},"excerpt":{"rendered":"<p>Kamuoyunda sans\u00fcr ve dezenformasyon yasas\u0131 olarak bilinen &#8220;Bas\u0131n Kanunu ile Baz\u0131 Kanunlarda De\u011fi\u015fiklik yap\u0131lmas\u0131na Dair Kanun&#8221; teklifi TBMM&#8217;de g\u00f6r\u00fc\u015f\u00fclmeye devam ediyor. CHP Mersin Milletvekili Alpay Antmen, Meclis k\u00fcrs\u00fcs\u00fcnden sans\u00fcr yasas\u0131n\u0131 &hellip; <a href=\"https:\/\/akdenizolaygazetesi.com\/?p=21492\" class=\"more-link\">Devam\u0131n\u0131 Oku&#8230;<\/a><\/p>\n","protected":false},"author":2,"featured_media":21493,"comment_status":"open","ping_status":"open","sticky":false,"template":"","format":"standard","meta":[],"categories":[2,3,5,6],"tags":[],"_links":{"self":[{"href":"https:\/\/akdenizolaygazetesi.com\/index.php?rest_route=\/wp\/v2\/posts\/21492"}],"collection":[{"href":"https:\/\/akdenizolaygazetesi.com\/index.php?rest_route=\/wp\/v2\/posts"}],"about":[{"href":"https:\/\/akdenizolaygazetesi.com\/index.php?rest_route=\/wp\/v2\/types\/post"}],"author":[{"embeddable":true,"href":"https:\/\/akdenizolaygazetesi.com\/index.php?rest_route=\/wp\/v2\/users\/2"}],"replies":[{"embeddable":true,"href":"https:\/\/akdenizolaygazetesi.com\/index.php?rest_route=%2Fwp%2Fv2%2Fcomments&post=21492"}],"version-history":[{"count":1,"href":"https:\/\/akdenizolaygazetesi.com\/index.php?rest_route=\/wp\/v2\/posts\/21492\/revisions"}],"predecessor-version":[{"id":21494,"href":"https:\/\/akdenizolaygazetesi.com\/index.php?rest_route=\/wp\/v2\/posts\/21492\/revisions\/21494"}],"wp:featuredmedia":[{"embeddable":true,"href":"https:\/\/akdenizolaygazetesi.com\/index.php?rest_route=\/wp\/v2\/media\/21493"}],"wp:attachment":[{"href":"https:\/\/akdenizolaygazetesi.com\/index.php?rest_route=%2Fwp%2Fv2%2Fmedia&parent=21492"}],"wp:term":[{"taxonomy":"category","embeddable":true,"href":"https:\/\/akdenizolaygazetesi.com\/index.php?rest_route=%2Fwp%2Fv2%2Fcategories&post=21492"},{"taxonomy":"post_tag","embeddable":true,"href":"https:\/\/akdenizolaygazetesi.com\/index.php?rest_route=%2Fwp%2Fv2%2Ftags&post=21492"}],"curies":[{"name":"wp","href":"https:\/\/api.w.org\/{rel}","templated":true}]}}