{"id":21504,"date":"2022-10-08T17:32:24","date_gmt":"2022-10-08T14:32:24","guid":{"rendered":"http:\/\/akdenizolaygazetesi.com\/?p=21504"},"modified":"2022-10-08T17:32:24","modified_gmt":"2022-10-08T14:32:24","slug":"biz-buyuk-bir-aileyiz-3","status":"publish","type":"post","link":"https:\/\/akdenizolaygazetesi.com\/?p=21504","title":{"rendered":"&#8220;Biz B\u00fcy\u00fck Bir Aileyiz&#8221;"},"content":{"rendered":"<p>Toroslar Belediye Ba\u015fkan\u0131 Ats\u0131z Af\u015f\u0131n Y\u0131lmaz, Aile ve Sosyal Hizmetler Bakan\u0131 Derya Yan\u0131k&#8217;\u0131 Toroslar Belediyesinde a\u011f\u0131rlad\u0131.<\/p>\n<p>Bir dizi ziyaret ve a\u00e7\u0131l\u0131\u015flarda bulunmak \u00fczere Mersin&#8217;e gelen Bakan Yan\u0131k, Toroslar Belediyesini de ziyaret etti. Bakan Yan\u0131k, Yunus Emre K\u00fclt\u00fcr Merkezi&#8217;nde Belediye Ba\u015fkan\u0131 Ats\u0131z Af\u015f\u0131n Y\u0131lmaz, belediye personeli, \u00e7ocuklar ve \u00f6zel bireyler taraf\u0131ndan co\u015fkuyla kar\u015f\u0131land\u0131.<\/p>\n<p>Aile ve Sosyal Hizmetler Bakan\u0131 Derya Yan\u0131k; Toroslar Belediyesi \u00c7ocuk Dan\u0131\u015fma Merkezi&#8217;nin Geli\u015fim ve Oyun At\u00f6lyelerine kat\u0131lan \u00e7ocuklar, Toroslar Belediyesi Engelliler Akademisi&#8217;nde e\u011fitim g\u00f6ren \u00f6zel bireyler ve sporcularla yak\u0131ndan ilgilenerek sohbet etti.<\/p>\n<p>&#8220;El Eme\u011fi G\u00f6z Nuru \u00dcr\u00fcnleri \u0130nceledi&#8221;<\/p>\n<p>Toroslar Belediyesi Teknik ve Mesleki E\u011fitim Kurslar\u0131&#8217;nda (TORTEK) el eme\u011fi ile \u00fcretilen \u00fcr\u00fcnleri de inceleyen Bakan Yan\u0131k, Ba\u015fkan Y\u0131lmaz&#8217;\u0131n \u015fahs\u0131nda TORTEK e\u011fitmenlerini ve kursiyerleri tebrik etti.<\/p>\n<p>Ziyarette; Mersin Valisi Ali Hamza Pehlivan, MHP MYK \u00dcyesi Serdar Soydan, Cumhur \u0130ttifak\u0131 Milletvekilleri Zeynep G\u00fcl Y\u0131lmaz, Olcay K\u0131lavuz, Baki \u015eim\u015fek, Toroslar Kaymakam\u0131 \u0130brahim \u00c7enet, MHP Mersin \u0130l Ba\u015fkan\u0131 Zeynel U\u011fur G\u00f6lgeli, AK Parti Mersin \u0130l Ba\u015fkan\u0131 Cesim Ercik, Cumhur \u0130ttifak\u0131 \u0130l\u00e7e Te\u015fkilat Ba\u015fkanlar\u0131, belediye meclis \u00fcyeleri ve mahalle muhtarlar\u0131 da haz\u0131r bulundu.<\/p>\n<p> &#8220;Biz B\u00fcy\u00fck Bir Aileyiz&#8221;<\/p>\n<p>Bakan Yan\u0131k&#8217;a, g\u00f6reve geldikleri g\u00fcnden bug\u00fcne kadar hayata ge\u00e7irdikleri ve devam eden projeleri ile ilgili bilgiler veren Ba\u015fkan Y\u0131lmaz, Toroslar Kad\u0131n ve \u00c7ocuk Dan\u0131\u015fma Merkezi&#8217;nde y\u00fcr\u00fctt\u00fckleri \u00e7al\u0131\u015fmalar\u0131 da anlatt\u0131.<\/p>\n<p>Ziyaret s\u0131ras\u0131nda, aile kurumuna ve kad\u0131nlara y\u00f6nelik ger\u00e7ekle\u015ftirdikleri faaliyetler hakk\u0131nda bir sunum da yapan Ba\u015fkan Y\u0131lmaz, T\u00fcrk toplumunun temel ta\u015f\u0131n\u0131n aile oldu\u011funu belirterek; &#8220;Toroslar Belediyesi olarak halk\u0131m\u0131z\u0131n ya\u015famaktan mutlu olaca\u011f\u0131 bir gelece\u011fi hep birlikte in\u015fa ediyoruz. \u00c7\u00fcnk\u00fc biz b\u00fcy\u00fck bir aileyiz&#8221; dedi.<\/p>\n<p>Bakan Yan\u0131k&#8217;\u0131 Toroslar Belediyesinde a\u011f\u0131rlamaktan onur duyduklar\u0131n\u0131 da kaydeden Ba\u015fkan Y\u0131lmaz; &#8220;Aile ve Sosyal Hizmetler Bakan\u0131m\u0131z Say\u0131n Derya Yan\u0131k, Belediyemizi ziyaret ederek bizleri onurland\u0131rd\u0131lar. Say\u0131n Bakan\u0131m\u0131za, Sosyal ve \u00c7evik Belediyecilik anlay\u0131\u015f\u0131yla hayata ge\u00e7irdi\u011fimiz ve planlad\u0131\u011f\u0131m\u0131z projelerimizi anlatt\u0131k. Nazik ziyaretinden dolay\u0131 Say\u0131n Bakan\u0131m\u0131za te\u015fekk\u00fcr ederim&#8221; ifadelerini kulland\u0131.<\/p>\n<p>Bakan Yan\u0131k, \u015eeref Defterine D\u00fc\u015f\u00fcncelerini Yazd\u0131<\/p>\n<p>Ziyarette Ba\u015fkan Y\u0131lmaz, Bakan Yan\u0131k&#8217;a T\u00fcrk dili, k\u00fclt\u00fcr\u00fc ve tarihinin en de\u011ferli an\u0131tlar\u0131ndan olan Orhun Yaz\u0131tlar\u0131&#8217;n\u0131n minyat\u00fcr \u00f6rne\u011fi ile TORTEK \u0130\u011fne Oyas\u0131, G\u00fcm\u00fc\u015f Tak\u0131 \u0130\u015flemecili\u011fi ve Kilim Dokuma Kurslar\u0131nda el eme\u011fi ile \u00fcretilen \u00fcr\u00fcnlerden hediye ederek te\u015fekk\u00fcr etti.<\/p>\n<p>Bakan Yan\u0131k da Toroslar Belediyesinin \u015feref defterine d\u00fc\u015f\u00fcncelerini yazarak, Toroslar Belediye Ba\u015fkan\u0131 Ats\u0131z Af\u015f\u0131n Y\u0131lmaz&#8217;a ba\u015far\u0131lar\u0131n\u0131n devam\u0131n\u0131 diledi.<\/p>\n","protected":false},"excerpt":{"rendered":"<p>Toroslar Belediye Ba\u015fkan\u0131 Ats\u0131z Af\u015f\u0131n Y\u0131lmaz, Aile ve Sosyal Hizmetler Bakan\u0131 Derya Yan\u0131k&#8217;\u0131 Toroslar Belediyesinde a\u011f\u0131rlad\u0131. Bir dizi ziyaret ve a\u00e7\u0131l\u0131\u015flarda bulunmak \u00fczere Mersin&#8217;e gelen Bakan Yan\u0131k, Toroslar Belediyesini de &hellip; <a href=\"https:\/\/akdenizolaygazetesi.com\/?p=21504\" class=\"more-link\">Devam\u0131n\u0131 Oku&#8230;<\/a><\/p>\n","protected":false},"author":2,"featured_media":21505,"comment_status":"open","ping_status":"open","sticky":false,"template":"","format":"standard","meta":[],"categories":[2,3,6],"tags":[],"_links":{"self":[{"href":"https:\/\/akdenizolaygazetesi.com\/index.php?rest_route=\/wp\/v2\/posts\/21504"}],"collection":[{"href":"https:\/\/akdenizolaygazetesi.com\/index.php?rest_route=\/wp\/v2\/posts"}],"about":[{"href":"https:\/\/akdenizolaygazetesi.com\/index.php?rest_route=\/wp\/v2\/types\/post"}],"author":[{"embeddable":true,"href":"https:\/\/akdenizolaygazetesi.com\/index.php?rest_route=\/wp\/v2\/users\/2"}],"replies":[{"embeddable":true,"href":"https:\/\/akdenizolaygazetesi.com\/index.php?rest_route=%2Fwp%2Fv2%2Fcomments&post=21504"}],"version-history":[{"count":1,"href":"https:\/\/akdenizolaygazetesi.com\/index.php?rest_route=\/wp\/v2\/posts\/21504\/revisions"}],"predecessor-version":[{"id":21506,"href":"https:\/\/akdenizolaygazetesi.com\/index.php?rest_route=\/wp\/v2\/posts\/21504\/revisions\/21506"}],"wp:featuredmedia":[{"embeddable":true,"href":"https:\/\/akdenizolaygazetesi.com\/index.php?rest_route=\/wp\/v2\/media\/21505"}],"wp:attachment":[{"href":"https:\/\/akdenizolaygazetesi.com\/index.php?rest_route=%2Fwp%2Fv2%2Fmedia&parent=21504"}],"wp:term":[{"taxonomy":"category","embeddable":true,"href":"https:\/\/akdenizolaygazetesi.com\/index.php?rest_route=%2Fwp%2Fv2%2Fcategories&post=21504"},{"taxonomy":"post_tag","embeddable":true,"href":"https:\/\/akdenizolaygazetesi.com\/index.php?rest_route=%2Fwp%2Fv2%2Ftags&post=21504"}],"curies":[{"name":"wp","href":"https:\/\/api.w.org\/{rel}","templated":true}]}}