{"id":21507,"date":"2022-10-08T17:34:11","date_gmt":"2022-10-08T14:34:11","guid":{"rendered":"http:\/\/akdenizolaygazetesi.com\/?p=21507"},"modified":"2022-10-08T17:34:11","modified_gmt":"2022-10-08T14:34:11","slug":"belediye-ekipleri-catisi-ucan-evlerde-tadilat-gerceklestirdi","status":"publish","type":"post","link":"https:\/\/akdenizolaygazetesi.com\/?p=21507","title":{"rendered":"Belediye ekipleri, \u00e7at\u0131s\u0131 u\u00e7an evlerde tadilat ger\u00e7ekle\u015ftirdi"},"content":{"rendered":"<p>Ba\u015fkan G\u00fcltak; hortum sonucu baz\u0131 evlerin ve g\u00fcl seralar\u0131n\u0131n zarar g\u00f6rd\u00fc\u011f\u00fc Dikilita\u015f Mahallesi\u2019nde incelemelerde bulundu, felaketten etkilenen vatanda\u015flar\u0131n yaralar\u0131n\u0131n en k\u0131sa s\u00fcrede sar\u0131laca\u011f\u0131n\u0131 ifade etti. <\/p>\n<p>Akdeniz Belediye Ba\u015fkan\u0131 M. Mustafa G\u00fcltak, il\u00e7eye ba\u011fl\u0131 k\u0131rsal yerle\u015fim alanlar\u0131ndan olan Dikilita\u015f Mahallesi\u2019nde, \u00f6nceki g\u00fcn meydana gelen \u015fiddetli ya\u011f\u0131\u015f ve sonras\u0131nda olu\u015fan hortum nedeniyle evleri ve g\u00fcl seralar\u0131 zarar g\u00f6ren vatanda\u015flar\u0131 ziyaret etti. Hortum felaketine u\u011frayan vatanda\u015flara ge\u00e7mi\u015f olsun dileklerini ileten Ba\u015fkan G\u00fcltak, \u00e7at\u0131lar\u0131 u\u00e7an ev ve ah\u0131rlar\u0131n yenilenmesi i\u00e7in talimat verdi.<\/p>\n<p>Belediye ekipleri, \u00e7at\u0131s\u0131 u\u00e7an evlerde tadilat ger\u00e7ekle\u015ftirdi<\/p>\n<p>Bunun \u00fczerine hemen harekete ge\u00e7en fen i\u015fleri ekipleri de hortumla yerinden s\u00f6k\u00fclen evlerin ve baz\u0131 ah\u0131rlar\u0131n \u00e7at\u0131lar\u0131n\u0131 monte etti. Mersin Tar\u0131m \u0130l M\u00fcd\u00fcrl\u00fc\u011f\u00fc yetkilileri ile de g\u00f6r\u00fc\u015ferek hortum sonucu b\u00fcy\u00fck zarar g\u00f6ren g\u00fcl \u00fcreticilerinin zarar\u0131n\u0131n kar\u015f\u0131lanmas\u0131 i\u00e7in giri\u015fimlerde bulunacaklar\u0131n\u0131 belirten Ba\u015fkan G\u00fcltak, ev e\u015fyalar\u0131 zarar g\u00f6ren vatanda\u015flara da yeni e\u015fyalar\u0131n temini i\u00e7in ilgili kurumlarla g\u00f6r\u00fc\u015feceklerini ifade etti.<\/p>\n<p>\u201cEvlerin \u00e7at\u0131s\u0131 yenilendi, zarar tespit \u00e7al\u0131\u015fmalar\u0131 ba\u015flad\u0131\u201d<\/p>\n<p>Ba\u015fkan G\u00fcltak; hortum sonucu zarar g\u00f6ren g\u00fcl seralar\u0131 i\u00e7in Mersin Tar\u0131m \u0130l M\u00fcd\u00fcrl\u00fc\u011f\u00fc ve \u0130l Afet ve Acil Durum M\u00fcd\u00fcrl\u00fc\u011f\u00fc ile g\u00f6r\u00fc\u015ft\u00fc\u011f\u00fcn\u00fc, resmi yaz\u0131\u015fmalar ve zarar tespit \u00e7al\u0131\u015fmalar\u0131n\u0131n ba\u015flad\u0131\u011f\u0131n\u0131 belirterek, sera sahibi \u00fcreticilerin zarar\u0131n\u0131n kar\u015f\u0131lanmas\u0131 i\u00e7in elinden geleni yapaca\u011f\u0131n\u0131n alt\u0131n\u0131 \u00e7izdi. <\/p>\n<p>Ba\u015fkan G\u00fcltak, a\u00e7\u0131klamas\u0131n\u0131 \u015f\u00f6yle s\u00fcrd\u00fcrd\u00fc; \u201cDikilita\u015f b\u00f6lgemizde meydana gelen hortum, k\u0131smi bir b\u00f6lgeyi epey etkiledi. Baz\u0131 seralar\u0131 ciddi \u015fekilde etkileyip neredeyse ortadan kald\u0131ran hortum, baz\u0131 evlerin de \u00e7at\u0131lar\u0131n\u0131 ve g\u00fcne\u015f enerji sistemlerini yerinden s\u00f6k\u00fcp atm\u0131\u015f. Ekiplerimiz d\u00fcnden beri mahallemize hizmet veriyor. \u0130ki evin \u00e7at\u0131s\u0131 tamamland\u0131, vatanda\u015flar\u0131m\u0131z olas\u0131 ya\u011fmur veya g\u00fcne\u015ften etkilenmeyecek. Evlerin zarar g\u00f6ren elektrik kablolar\u0131 da ekiplerimiz taraf\u0131ndan yenileniyor. Bir ah\u0131r\u0131n da \u00e7at\u0131s\u0131 u\u00e7mu\u015f, ekiplerimiz oray\u0131 da en k\u0131sa s\u00fcrede yenileyecek.\u201d <\/p>\n<p>Mahalle sakinleri ve \u00fcreticilerden te\u015fekk\u00fcr\u2026<\/p>\n<p>\u00d6te yandan, Dikilita\u015f Mahalle Muhtar\u0131 Mahmut Yaman ile b\u00f6lgede ya\u015fanan ya\u011f\u0131\u015f, f\u0131rt\u0131na ve ard\u0131ndan \u00e7\u0131kan hortumdan evleri ve g\u00f6zleri gibi bakt\u0131klar\u0131 g\u00fcl seralar\u0131 zarar g\u00f6ren mahalle sakinleri de zor g\u00fcnlerinde kendilerini yaln\u0131z b\u0131rakmad\u0131\u011f\u0131 ve yard\u0131ma ko\u015ftu\u011fu i\u00e7in Akdeniz Belediye Ba\u015fkan\u0131 Mustafa G\u00fcltak\u2019a te\u015fekk\u00fcr ettiler.<\/p>\n","protected":false},"excerpt":{"rendered":"<p>Ba\u015fkan G\u00fcltak; hortum sonucu baz\u0131 evlerin ve g\u00fcl seralar\u0131n\u0131n zarar g\u00f6rd\u00fc\u011f\u00fc Dikilita\u015f Mahallesi\u2019nde incelemelerde bulundu, felaketten etkilenen vatanda\u015flar\u0131n yaralar\u0131n\u0131n en k\u0131sa s\u00fcrede sar\u0131laca\u011f\u0131n\u0131 ifade etti. Akdeniz Belediye Ba\u015fkan\u0131 M. Mustafa &hellip; <a href=\"https:\/\/akdenizolaygazetesi.com\/?p=21507\" class=\"more-link\">Devam\u0131n\u0131 Oku&#8230;<\/a><\/p>\n","protected":false},"author":2,"featured_media":21508,"comment_status":"open","ping_status":"open","sticky":false,"template":"","format":"standard","meta":[],"categories":[2,3,5],"tags":[],"_links":{"self":[{"href":"https:\/\/akdenizolaygazetesi.com\/index.php?rest_route=\/wp\/v2\/posts\/21507"}],"collection":[{"href":"https:\/\/akdenizolaygazetesi.com\/index.php?rest_route=\/wp\/v2\/posts"}],"about":[{"href":"https:\/\/akdenizolaygazetesi.com\/index.php?rest_route=\/wp\/v2\/types\/post"}],"author":[{"embeddable":true,"href":"https:\/\/akdenizolaygazetesi.com\/index.php?rest_route=\/wp\/v2\/users\/2"}],"replies":[{"embeddable":true,"href":"https:\/\/akdenizolaygazetesi.com\/index.php?rest_route=%2Fwp%2Fv2%2Fcomments&post=21507"}],"version-history":[{"count":1,"href":"https:\/\/akdenizolaygazetesi.com\/index.php?rest_route=\/wp\/v2\/posts\/21507\/revisions"}],"predecessor-version":[{"id":21509,"href":"https:\/\/akdenizolaygazetesi.com\/index.php?rest_route=\/wp\/v2\/posts\/21507\/revisions\/21509"}],"wp:featuredmedia":[{"embeddable":true,"href":"https:\/\/akdenizolaygazetesi.com\/index.php?rest_route=\/wp\/v2\/media\/21508"}],"wp:attachment":[{"href":"https:\/\/akdenizolaygazetesi.com\/index.php?rest_route=%2Fwp%2Fv2%2Fmedia&parent=21507"}],"wp:term":[{"taxonomy":"category","embeddable":true,"href":"https:\/\/akdenizolaygazetesi.com\/index.php?rest_route=%2Fwp%2Fv2%2Fcategories&post=21507"},{"taxonomy":"post_tag","embeddable":true,"href":"https:\/\/akdenizolaygazetesi.com\/index.php?rest_route=%2Fwp%2Fv2%2Ftags&post=21507"}],"curies":[{"name":"wp","href":"https:\/\/api.w.org\/{rel}","templated":true}]}}