{"id":21513,"date":"2022-10-09T10:53:23","date_gmt":"2022-10-09T07:53:23","guid":{"rendered":"http:\/\/akdenizolaygazetesi.com\/?p=21513"},"modified":"2022-10-09T10:53:23","modified_gmt":"2022-10-09T07:53:23","slug":"3-mercek-halkkent-sosyal-yasam-merkezinde-acildi","status":"publish","type":"post","link":"https:\/\/akdenizolaygazetesi.com\/?p=21513","title":{"rendered":"3. MERCEK HALKKENT SOSYAL YA\u015eAM MERKEZ\u0130&#8217;NDE A\u00c7ILDI"},"content":{"rendered":"<p>Mersin B\u00fcy\u00fck\u015fehir Belediyesi&#8217;nin Mesleki E\u011fitim Merkezi MERCEK&#8217;in 3.&#8217;s\u00fc Halkkent&#8217;te bulunan Sosyal Ya\u015fam Merkezi i\u00e7erisinde a\u00e7\u0131ld\u0131. \u0130\u015f piyasas\u0131n\u0131n ihtiya\u00e7lar\u0131, vatanda\u015flar\u0131n ve b\u00f6lge halk\u0131n\u0131n talepleri de al\u0131narak a\u00e7\u0131lan kurslar \u00fccretsiz bir \u015fekilde veriliyor.<\/p>\n<p>MERCEK&#8217;in ilk kurslar\u0131 ise \u0130ngilizce ile Hasta ve Ya\u015fl\u0131 \u00d6z Bak\u0131m kursu oldu. Bunun yan\u0131 s\u0131ra Mutfak At\u00f6lyesi, Bilgisayar At\u00f6lyesi, Giyim \u00dcretim Teknolojileri At\u00f6lyesi ve Sa\u00e7 Bak\u0131m ve G\u00fczellik At\u00f6lyesi de \u00f6n\u00fcm\u00fczdeki g\u00fcnlerde a\u00e7\u0131lacak. Ba\u015fvuru yapmak isteyenler mersin.bel.tr adresinde bulunan &#8216;Duyurular&#8217; k\u0131sm\u0131n\u0131 takip ederek, Halkkent MERCEK ba\u015fvurular\u0131 \u00fczerinden yapabilir.<\/p>\n<p>&#8220;Yerel i\u015f piyasas\u0131n\u0131n ve vatanda\u015flar\u0131m\u0131z\u0131n ihtiya\u00e7lar\u0131na y\u00f6nelik kurslar a\u00e7\u0131yoruz&#8221;<\/p>\n<p>MERCEK Meslek Edindirme ve E\u011fitim Koordinat\u00f6r\u00fc G\u00fcl Kadem Maya, &#8220;Burada hem vatanda\u015flar\u0131m\u0131z\u0131n ihtiya\u00e7lar\u0131 do\u011frultusunda, hem yerel i\u015f piyasas\u0131n\u0131n ihtiya\u00e7lar\u0131na y\u00f6nelik, hem de merkezlerimizin bulundu\u011fu lokasyonlar\u0131n talebine g\u00f6re kurslar\u0131m\u0131z\u0131 a\u00e7\u0131yoruz. Bunu yaparken, ayn\u0131 zamanda Toroslar Halk E\u011fitim Merkezi ile i\u015fbirli\u011fi halindeyiz. Kurslar\u0131m\u0131z\u0131n sonunda, \u00f6\u011frencilerimiz s\u0131nava tabi tutulacaklar. Bu s\u0131nav sonras\u0131nda ba\u015far\u0131 g\u00f6steren kursiyerlerimize, Milli E\u011fitim Bakanl\u0131\u011f\u0131 onayl\u0131 sertifikalar\u0131n\u0131 teslim edece\u011fiz&#8221; dedi.<\/p>\n<p>Yeni ba\u015flayan \u0130ngilizce ile Hasta ve Ya\u015fl\u0131 \u00d6z Bak\u0131m\u0131 kursu hakk\u0131nda bilgi veren Maya, &#8220;\u0130ngilizce A1 seviyesindeki derslerimiz 120 saat, hasta ve ya\u015fl\u0131 \u00f6z bak\u0131m\u0131na destek olacaklar\u0131n kursu ise 160 saat. \u0130ngilizce kurslar\u0131m\u0131z sabah, \u00f6\u011flen ve ak\u015fam olmak \u00fczere \u00fc\u00e7 grup halinde verilmekte. Toplamda d\u00f6rt s\u0131n\u0131f\u0131m\u0131z var. Yo\u011fun bir ba\u015fvuru s\u00f6z konusu. Hasta ya\u015fl\u0131 bak\u0131m\u0131nda da iki s\u0131n\u0131f\u0131m\u0131z var. Hem sabah grubu, hem \u00f6\u011fle grubu. Yine yo\u011fun bir ilgi ve taleple bize ba\u015fvurdular. Kurslar\u0131m\u0131z\u0131 a\u00e7t\u0131k, derslerimiz de gayet g\u00fczel gidiyor&#8221; ifadelerine yer verdi.<\/p>\n<p>Maya, Halkkent MERCEK&#8217;te a\u00e7acaklar\u0131 di\u011fer kurs ba\u015fl\u0131klar\u0131n\u0131 da payla\u015farak, &#8220;Sonras\u0131 i\u00e7in de halen \u00e7al\u0131\u015fmalar\u0131 devam etmekte olan projelerimiz bulunmaktad\u0131r. Bunlardan bilgisayar destekli programlar\u0131n olaca\u011f\u0131 bir Bilgisayar At\u00f6lyesi, i\u00e7inde a\u015f\u00e7\u0131l\u0131k, pastac\u0131l\u0131k gibi kurslar\u0131n oldu\u011fu Mutfak At\u00f6lyesi, Giyim \u00dcretim Teknolojileri at\u00f6lyemiz olacak. Bunun d\u0131\u015f\u0131nda sa\u00e7 bak\u0131m ve g\u00fczellik hizmetlerinin de olaca\u011f\u0131 at\u00f6lyelerimiz kurulacak&#8221; diye konu\u015ftu.<\/p>\n<p>&#8220;\u0130ngilizcede A1, A2 ve B1 seviyelerinin e\u011fitimi verilecek&#8221;<\/p>\n<p>Toroslar Halk E\u011fitim M\u00fcd\u00fcrl\u00fc\u011f\u00fc b\u00fcnyesinde usta \u00f6\u011fretici olarak \u00e7al\u0131\u015fan \u0130ngilizce \u00d6\u011fretmeni G\u00f6zde Nur \u0130ncirbelen, MERCEK&#8217;te \u0130ngilizce dersi veriyor. Derslerin i\u00e7eri\u011fini payla\u015fan \u0130ncirbelen, &#8220;Biz \u0130ngilizce&#8217;de A1, A2 ve B1 seviyeleri olarak ilerliyoruz. \u015eu an ilk kursumuzu A1 olarak a\u00e7t\u0131k. Burada \u00f6ncelikle, \u00f6\u011frencilerimizin eksik olan temel altyap\u0131s\u0131n\u0131 veriyoruz. Daha sonras\u0131nda onlar\u0131 kendilerini ifade edebilecekleri, bir toplum i\u00e7erisine girdiklerinde kar\u015f\u0131la\u015fabilecekleri en ufak soruya bile cevap verebilecekleri bir seviyeye \u00e7\u0131kart\u0131yoruz. Her kursun sonunda ge\u00e7tikleri s\u0131nav sonucuna g\u00f6re de, biz onlar\u0131 bir \u00fcst kursa devam ettirmi\u015f olaca\u011f\u0131z&#8221; ifadelerini kulland\u0131.<\/p>\n<p>Taleplerin yo\u011fun oldu\u011funa da de\u011finen \u0130ncirbelen, &#8220;\u00d6\u011frenci yo\u011funlu\u011fumuz \u00e7ok g\u00fczel bir seviyede. Velilerimiz, kursiyerlerimizin aileleri, \u00fccretli bir kursa yazd\u0131rma noktas\u0131nda s\u0131k\u0131nt\u0131 ya\u015fayacaklar\u0131 i\u00e7in, \u015fu an MERCEK&#8217;teki \u00fccretsiz kurslar\u0131m\u0131za yo\u011fun bir talep oluyor. Bu durumdan da memnunlar ve biz de bu \u015fekilde onlara destek oluyoruz&#8221; diye belirtti.<\/p>\n<p>&#8220;MERCEK&#8217;in \u00fccretsiz olmas\u0131 ilgimi \u00e7ekti&#8221;<\/p>\n<p>Mersin \u00dcniversitesi&#8217;nde Ula\u015ft\u0131rma Hizmetleri b\u00f6l\u00fcm\u00fcnde okuyan 21 ya\u015f\u0131ndaki Mustafa \u0130mrak, MERCEK&#8217;te \u0130ngilizce kursuna ba\u015flayan \u00f6\u011frencilerden. Kendisi i\u00e7in \u00fccretsiz kursun avantaj oldu\u011funu dile getiren \u0130mrak, &#8220;Ula\u015ft\u0131rma hizmetleri okudu\u011fum i\u00e7in yollarda \u00e7al\u0131\u015faca\u011f\u0131m. Bundan dolay\u0131 s\u00fcrekli bir \u0130ngilizce ihtiyac\u0131 duyaca\u011f\u0131m. A\u00e7\u0131k\u00e7as\u0131 bir de evrensel bir dil oldu\u011fu i\u00e7in, kendimi geli\u015ftirmek de istedim. Ondan dolay\u0131 \u0130ngilizce kursuna ba\u015fvurdum. Hatta Almanca kursuna da ba\u015fvurdum. O da haftaya ba\u015flayacak. Ben \u00f6\u011frenci oldu\u011fum i\u00e7in, ailem de beni destekliyor ama bunun i\u00e7in d\u0131\u015far\u0131da bir e\u011fitimi destekleyecek durumumuz yok. MERCEK&#8217;in hem \u00fccretsiz olmas\u0131, hem de hocalar\u0131m\u0131z\u0131n ilgili olmas\u0131ndan dolay\u0131 tercih ettim&#8221; dedi.<\/p>\n","protected":false},"excerpt":{"rendered":"<p>Mersin B\u00fcy\u00fck\u015fehir Belediyesi&#8217;nin Mesleki E\u011fitim Merkezi MERCEK&#8217;in 3.&#8217;s\u00fc Halkkent&#8217;te bulunan Sosyal Ya\u015fam Merkezi i\u00e7erisinde a\u00e7\u0131ld\u0131. \u0130\u015f piyasas\u0131n\u0131n ihtiya\u00e7lar\u0131, vatanda\u015flar\u0131n ve b\u00f6lge halk\u0131n\u0131n talepleri de al\u0131narak a\u00e7\u0131lan kurslar \u00fccretsiz bir \u015fekilde &hellip; <a href=\"https:\/\/akdenizolaygazetesi.com\/?p=21513\" class=\"more-link\">Devam\u0131n\u0131 Oku&#8230;<\/a><\/p>\n","protected":false},"author":2,"featured_media":21514,"comment_status":"open","ping_status":"open","sticky":false,"template":"","format":"standard","meta":[],"categories":[3],"tags":[],"_links":{"self":[{"href":"https:\/\/akdenizolaygazetesi.com\/index.php?rest_route=\/wp\/v2\/posts\/21513"}],"collection":[{"href":"https:\/\/akdenizolaygazetesi.com\/index.php?rest_route=\/wp\/v2\/posts"}],"about":[{"href":"https:\/\/akdenizolaygazetesi.com\/index.php?rest_route=\/wp\/v2\/types\/post"}],"author":[{"embeddable":true,"href":"https:\/\/akdenizolaygazetesi.com\/index.php?rest_route=\/wp\/v2\/users\/2"}],"replies":[{"embeddable":true,"href":"https:\/\/akdenizolaygazetesi.com\/index.php?rest_route=%2Fwp%2Fv2%2Fcomments&post=21513"}],"version-history":[{"count":1,"href":"https:\/\/akdenizolaygazetesi.com\/index.php?rest_route=\/wp\/v2\/posts\/21513\/revisions"}],"predecessor-version":[{"id":21515,"href":"https:\/\/akdenizolaygazetesi.com\/index.php?rest_route=\/wp\/v2\/posts\/21513\/revisions\/21515"}],"wp:featuredmedia":[{"embeddable":true,"href":"https:\/\/akdenizolaygazetesi.com\/index.php?rest_route=\/wp\/v2\/media\/21514"}],"wp:attachment":[{"href":"https:\/\/akdenizolaygazetesi.com\/index.php?rest_route=%2Fwp%2Fv2%2Fmedia&parent=21513"}],"wp:term":[{"taxonomy":"category","embeddable":true,"href":"https:\/\/akdenizolaygazetesi.com\/index.php?rest_route=%2Fwp%2Fv2%2Fcategories&post=21513"},{"taxonomy":"post_tag","embeddable":true,"href":"https:\/\/akdenizolaygazetesi.com\/index.php?rest_route=%2Fwp%2Fv2%2Ftags&post=21513"}],"curies":[{"name":"wp","href":"https:\/\/api.w.org\/{rel}","templated":true}]}}