{"id":21523,"date":"2022-10-10T11:49:29","date_gmt":"2022-10-10T08:49:29","guid":{"rendered":"http:\/\/akdenizolaygazetesi.com\/?p=21523"},"modified":"2022-10-10T11:49:29","modified_gmt":"2022-10-10T08:49:29","slug":"baskan-secer-3-mersin-pati-festivaline-katildi","status":"publish","type":"post","link":"https:\/\/akdenizolaygazetesi.com\/?p=21523","title":{"rendered":"BA\u015eKAN SE\u00c7ER, 3. MERS\u0130N PAT\u0130 FEST\u0130VAL\u0130&#8217;NE KATILDI"},"content":{"rendered":"<p>Mersin B\u00fcy\u00fck\u015fehir Belediye Ba\u015fkan\u0131 Vahap Se\u00e7er, B\u00fcy\u00fck\u015fehir Belediyesi taraf\u0131ndan &#8220;Sahiplen Terk Etme&#8221; mottosuyla bu y\u0131l 3&#8217;\u00fcnc\u00fcs\u00fc d\u00fczenlenen, T\u00fcrkiye&#8217;nin en dost canl\u0131s\u0131 etkinli\u011fi Pati Festivali&#8217;ne kat\u0131ld\u0131. Hayvanseverlerin patili dostlar\u0131yla yer ald\u0131\u011f\u0131 Fenerbah\u00e7e Meydan\u0131&#8217;ndaki etkinlik alan\u0131nda, hayvan sahiplenilmesi konusunda fark\u0131ndal\u0131k yarat\u0131ld\u0131. Pati Fest&#8217;i her y\u0131l daha da zenginle\u015ftirerek d\u00fczenleyeceklerini ifade eden Ba\u015fkan Se\u00e7er, bir de can dostlar\u0131n\u0131 sahiplenme \u00e7a\u011fr\u0131s\u0131 yapt\u0131. Se\u00e7er, &#8220;Bar\u0131naklar\u0131m\u0131zda, sahiplenmeyi bekleyen canlar var. Hem\u015fehrilerimizin, o canlar\u0131 sahiplenmesini arzu ediyoruz&#8221; dedi.<br \/>\nBa\u015fkan Se\u00e7er&#8217;in, hayvanseverlerle birlikte Fenerbah\u00e7e Meydan\u0131&#8217;nda B\u00fcy\u00fck\u015fehir Belediyesi Bandosu e\u015fli\u011finde kortej y\u00fcr\u00fcy\u00fc\u015f\u00fc ile start verdi\u011fi etkinlik; k\u00f6pek e\u011fitim g\u00f6sterileri, B\u00fcy\u00fck\u015fehir Belediyesi Kent Orkestras\u0131 Konseri, Ertan R\u00fcstem ve Orkestras\u0131 Konseri, \u00c7ocuk At\u00f6lyesi&#8217;nde boyama aktiviteleri ve workshoplarla renklendi.<br \/>\nSe\u00e7er: &#8220;Bu festivali her y\u0131l daha da zenginle\u015ftirerek yapaca\u011f\u0131z&#8221;<br \/>\nB\u00fcy\u00fck\u015fehir Belediyesi taraf\u0131ndan bu y\u0131l 3&#8217;\u00fcnc\u00fcs\u00fc d\u00fczenlenen Pati Fest&#8217;te birlik ve beraberlik vurgusu yaparak ba\u015flad\u0131\u011f\u0131 konu\u015fmas\u0131nda, Pati Fest&#8217;i ilerleyen y\u0131llarda da s\u00fcrd\u00fcreceklerini s\u00f6yleyen Ba\u015fkan Se\u00e7er, &#8220;Bu festivali daha da zenginle\u015ftirerek yapaca\u011f\u0131z. Canl\u0131lar\u0131m\u0131za hizmet etmek, belediye olarak o kadar kolay bir mesele de\u011fil. Bizim, y\u00fcre\u011fi \u015fefkatli yurtta\u015flar\u0131m\u0131z\u0131n i\u015fbirli\u011fine ihtiyac\u0131m\u0131z var. Yasalar ve kanunlar \u00e7er\u00e7evesinde, belediyemiz b\u00fct\u00fcn imkanlar\u0131n\u0131 seferber edecektir. Bize yap\u0131c\u0131 fikirler ve ele\u015ftirilerle gelin. Maalesef baz\u0131 hayvansever dostlar\u0131m\u0131z, sosyal medya \u00fczerinden bize a\u011f\u0131r s\u00f6zc\u00fcklerle ele\u015ftiri yap\u0131yorlar. Bunun ad\u0131 ele\u015ftiri de\u011fil, hakarettir. Arkada\u015flar\u0131ma her zaman s\u00f6yledi\u011fim \u015fudur; l\u00fctfen g\u00f6n\u00fcll\u00fclerle i\u015fbirli\u011fi yap\u0131n. B\u00f6ylece i\u015finiz daha kolayla\u015f\u0131r, daha do\u011fru i\u015fler yapars\u0131n\u0131z. Bu insanlar hizmetlerimizden daha \u00e7ok memnun olur. Canlar\u0131m\u0131z bu hizmetlerimizden daha etkin yararlan\u0131r&#8221; diye konu\u015ftu.<br \/>\n&#8220;Bu i\u015fi istismar edenler oldu\u011funu da biliyoruz&#8221;<br \/>\nBa\u015fkan Se\u00e7er, can dostlar\u0131n her t\u00fcrl\u00fc bak\u0131mlar\u0131n\u0131n yap\u0131ld\u0131\u011f\u0131 bar\u0131naklar\u0131n kent genelinde yay\u0131nla\u015ft\u0131r\u0131laca\u011f\u0131n\u0131 ifade ederek, &#8220;Canlar\u0131m\u0131z\u0131n ya\u015fam ko\u015fullar\u0131n\u0131 zenginle\u015ftirmek, sa\u011fl\u0131k sorunlar\u0131n\u0131 giderici baz\u0131 operasyonlar yapmak ve onlar\u0131n bak\u0131m\u0131n\u0131 art\u0131racak \u00e7al\u0131\u015fmalar\u0131 daha etkin hale getirebilmek i\u00e7in bar\u0131naklar\u0131m\u0131z mevcut. Merkezde Ka\u015fl\u0131&#8217;da var. Silifke&#8217;de yeni hizmete a\u00e7t\u0131\u011f\u0131m\u0131z var. Bozyaz\u0131&#8217;da var. \u015eu anda Mut&#8217;ta bir \u00e7al\u0131\u015fmam\u0131z var, bitirmek \u00fczereyiz. Yine Tarsus&#8217;ta, Tarsus Belediyemize ait olan bir yer var. Biz de oradaki \u00e7al\u0131\u015fmalar\u0131 daha etkin yapabilmek i\u00e7in, eksiklerimizi tamamlayarak yol al\u0131yoruz. Biz canlar\u0131m\u0131z\u0131n sa\u011fl\u0131\u011f\u0131n\u0131 d\u00fc\u015f\u00fcnd\u00fc\u011f\u00fcm\u00fcz gibi; beslenmelerini de d\u00fc\u015f\u00fcn\u00fcyoruz. Kay\u0131t alt\u0131nda olan g\u00f6n\u00fcll\u00fclerle yapt\u0131\u011f\u0131m\u0131z i\u015fbirli\u011fi sonucu, onlar\u0131n \u00fczerinden de beslenmelerini sa\u011fl\u0131yoruz. Ama \u00fcz\u00fclerek ifade edeyim ki, bu i\u015fi istismar eden insanlar\u0131n oldu\u011funu da biliyoruz. G\u00f6n\u00fcll\u00fcy\u00fcm diye bizden yem talebinde bulunan baz\u0131 insanlar\u0131n bu talebini yerine getirdi\u011fimiz zaman, ald\u0131\u011f\u0131 yemin ba\u015fka yerlere gitti\u011fini ya da farkl\u0131 ama\u00e7l\u0131 kullan\u0131ld\u0131\u011f\u0131n\u0131 \u00fcz\u00fclerek ifade edeyim&#8221; dedi.<br \/>\nSe\u00e7er, vatanda\u015flar\u0131 can dostlar\u0131 sahiplenmeye de te\u015fvik ederek, &#8220;Bar\u0131naklar\u0131m\u0131zda, sahiplenmeyi bekleyen canlar var. Sizlerin, o canlar\u0131 sahiplenmesini arzu ederiz. \u00c7ok daha g\u00fczel i\u015fler yapaca\u011f\u0131z. Sizleri \u00e7ok daha memnun eden \u00e7al\u0131\u015fmalara hep beraber imza ataca\u011f\u0131z&#8221; ifadelerine yer verdi.<br \/>\nAntmen: &#8220;\u00d6nemli olan, bu canlar\u0131n ya\u015fam alanlar\u0131n\u0131 g\u00fcvence alt\u0131na almakt\u0131r&#8221;<br \/>\nEtkinli\u011fe kat\u0131lan CHP Mersin Milletvekili Alpay Antmen, &#8220;4 ayakl\u0131 arkada\u015flar\u0131m\u0131z dertlerini belki anlatam\u0131yorlar, ama onlar\u0131n dilinden sahipleri muhakkak anl\u0131yor. \u00d6nemli olan, o canlar\u0131n da ya\u015fam alanlar\u0131n\u0131 g\u00fcvence alt\u0131na almakt\u0131r. Bunu da Mersin B\u00fcy\u00fck\u015fehir Belediye Ba\u015fkan\u0131m\u0131z Say\u0131n Vahap Se\u00e7er yap\u0131yor&#8221; diye konu\u015ftu.<br \/>\nG\u00f6k\u00e7el: &#8220;Bu d\u00fcnyay\u0131 di\u011fer canl\u0131larla payla\u015f\u0131yoruz&#8221;<br \/>\nCHP Mersin Milletvekili Cengiz G\u00f6k\u00e7el ise, &#8220;Bu kenti, bu memleketi ve bu d\u00fcnyay\u0131 payla\u015ft\u0131\u011f\u0131m\u0131z di\u011fer canl\u0131 dostlar\u0131m\u0131z\u0131n da fark\u0131nda olunmas\u0131 i\u00e7in ger\u00e7ekle\u015ftirilen bu festival i\u00e7in, ba\u015fta Ba\u015fkan\u0131m\u0131z Say\u0131n Vahap Se\u00e7er olmak \u00fczere, eme\u011fi ge\u00e7en herkese te\u015fekk\u00fcr ediyorum&#8221; dedi.<br \/>\n\u00c7\u0131t\u0131r\u0131k: &#8220;Hayvan haklar\u0131 g\u00fcn\u00fcnde 15 y\u0131ld\u0131r yap\u0131lan en b\u00fcy\u00fck ve en anlaml\u0131 etkinlik&#8221;<br \/>\nHayvanlar\u0131n Ya\u015fam Haklar\u0131 Konfederasyonu (HAYKONFED) Ba\u015fkan\u0131 Nesrin \u00c7\u0131t\u0131r\u0131k, &#8220;Ba\u015fkan\u0131m, iyi ki vars\u0131n\u0131z. T\u00fcrkiye&#8217;de 15 y\u0131ld\u0131r, hayvan haklar\u0131 g\u00fcn\u00fcnde yap\u0131lan en b\u00fcy\u00fck, en anlaml\u0131 etkinlik ve kortej. Yolunuz hep a\u00e7\u0131k olsun. \u015eu konu\u015famayan, \u00e7aresiz, zavall\u0131 hayvanlar ad\u0131na ve onlara bakmak i\u00e7in \u00e7o\u011fu ya\u015fam\u0131n\u0131 adam\u0131\u015f ve m\u00fccadeleden hi\u00e7 vazge\u00e7meyen g\u00f6n\u00fcll\u00fcler ad\u0131na, Ba\u015fkan\u0131ma \u00e7ok b\u00fcy\u00fck bir alk\u0131\u015f istiyorum&#8221; ifadelerini kulland\u0131.<br \/>\nKonu\u015fmalar\u0131n ard\u0131ndan Ba\u015fkan Se\u00e7er, etkinlik meydan\u0131nda kurulan stantlar\u0131 ziyaret ederek vatanda\u015flarla sohbet etti. Se\u00e7er, stant ziyaretleriyle birlikte sahipli k\u00f6pek oyun alan\u0131nda, patili dostlar\u0131n e\u011fitmenleri e\u015fli\u011finde sergiledikleri g\u00f6sterileri izledi.<\/p>\n","protected":false},"excerpt":{"rendered":"<p>Mersin B\u00fcy\u00fck\u015fehir Belediye Ba\u015fkan\u0131 Vahap Se\u00e7er, B\u00fcy\u00fck\u015fehir Belediyesi taraf\u0131ndan &#8220;Sahiplen Terk Etme&#8221; mottosuyla bu y\u0131l 3&#8217;\u00fcnc\u00fcs\u00fc d\u00fczenlenen, T\u00fcrkiye&#8217;nin en dost canl\u0131s\u0131 etkinli\u011fi Pati Festivali&#8217;ne kat\u0131ld\u0131. Hayvanseverlerin patili dostlar\u0131yla yer ald\u0131\u011f\u0131 &hellip; <a href=\"https:\/\/akdenizolaygazetesi.com\/?p=21523\" class=\"more-link\">Devam\u0131n\u0131 Oku&#8230;<\/a><\/p>\n","protected":false},"author":2,"featured_media":21524,"comment_status":"open","ping_status":"open","sticky":false,"template":"","format":"standard","meta":[],"categories":[2,3,5],"tags":[],"_links":{"self":[{"href":"https:\/\/akdenizolaygazetesi.com\/index.php?rest_route=\/wp\/v2\/posts\/21523"}],"collection":[{"href":"https:\/\/akdenizolaygazetesi.com\/index.php?rest_route=\/wp\/v2\/posts"}],"about":[{"href":"https:\/\/akdenizolaygazetesi.com\/index.php?rest_route=\/wp\/v2\/types\/post"}],"author":[{"embeddable":true,"href":"https:\/\/akdenizolaygazetesi.com\/index.php?rest_route=\/wp\/v2\/users\/2"}],"replies":[{"embeddable":true,"href":"https:\/\/akdenizolaygazetesi.com\/index.php?rest_route=%2Fwp%2Fv2%2Fcomments&post=21523"}],"version-history":[{"count":1,"href":"https:\/\/akdenizolaygazetesi.com\/index.php?rest_route=\/wp\/v2\/posts\/21523\/revisions"}],"predecessor-version":[{"id":21525,"href":"https:\/\/akdenizolaygazetesi.com\/index.php?rest_route=\/wp\/v2\/posts\/21523\/revisions\/21525"}],"wp:featuredmedia":[{"embeddable":true,"href":"https:\/\/akdenizolaygazetesi.com\/index.php?rest_route=\/wp\/v2\/media\/21524"}],"wp:attachment":[{"href":"https:\/\/akdenizolaygazetesi.com\/index.php?rest_route=%2Fwp%2Fv2%2Fmedia&parent=21523"}],"wp:term":[{"taxonomy":"category","embeddable":true,"href":"https:\/\/akdenizolaygazetesi.com\/index.php?rest_route=%2Fwp%2Fv2%2Fcategories&post=21523"},{"taxonomy":"post_tag","embeddable":true,"href":"https:\/\/akdenizolaygazetesi.com\/index.php?rest_route=%2Fwp%2Fv2%2Ftags&post=21523"}],"curies":[{"name":"wp","href":"https:\/\/api.w.org\/{rel}","templated":true}]}}