{"id":21535,"date":"2022-10-10T11:55:17","date_gmt":"2022-10-10T08:55:17","guid":{"rendered":"http:\/\/akdenizolaygazetesi.com\/?p=21535"},"modified":"2022-10-10T11:55:17","modified_gmt":"2022-10-10T08:55:17","slug":"patifest-herkesi-memnun-etti","status":"publish","type":"post","link":"https:\/\/akdenizolaygazetesi.com\/?p=21535","title":{"rendered":"PAT\u0130FEST HERKES\u0130 MEMNUN ETT\u0130"},"content":{"rendered":"<p>Mersin B\u00fcy\u00fck\u015fehir Belediyesi taraf\u0131ndan bu y\u0131l 3.&#8217;s\u00fc d\u00fczenlenen Mersin PatiFest, hayvanseverlerden b\u00fcy\u00fck be\u011feni ald\u0131. Vatanda\u015flar\u0131n yo\u011fun ilgi g\u00f6sterdi\u011fi festivalde kedi ve k\u00f6pek sahipleri organizasyondan \u00f6t\u00fcr\u00fc B\u00fcy\u00fck\u015fehir Belediyesi&#8217;ne te\u015fekk\u00fcr ederken, ger\u00e7ekle\u015ftirilen konserlerde doyas\u0131ya e\u011flendiler.<\/p>\n<p>Mersin B\u00fcy\u00fck\u015fehir Belediye Ba\u015fkan\u0131 Vahap Se\u00e7er&#8217;in &#8216;Biz t\u00fcm canl\u0131lar\u0131n belediyesiyiz&#8217; mottosuyla ger\u00e7ekle\u015ftirilen T\u00fcrkiye&#8217;nin en hayvansever festivali Mersin PatiFest&#8217;in 3.&#8217;s\u00fc, kat\u0131l\u0131mc\u0131lardan b\u00fcy\u00fck be\u011feni ald\u0131.<\/p>\n<p>Fenerbah\u00e7e Meydan\u0131&#8217;na ak\u0131n eden hayvanseverler; hem can dostlar\u0131n\u0131n yeni arkada\u015flar edinmesini sa\u011flad\u0131lar, hem de d\u00fczenlenen konserlerde doyas\u0131ya e\u011flenme f\u0131rsat\u0131 yakalad\u0131lar.<\/p>\n<p>&#8220;Hayvan haklar\u0131 i\u00e7in fark\u0131ndal\u0131k yaratan bir etkinlik&#8221;<\/p>\n<p>Festivalin son derece ba\u015far\u0131l\u0131 oldu\u011funu s\u00f6yleyen G\u00fclbahar Arslan, &#8220;Her sene kat\u0131l\u0131yoruz. Hayvan haklar\u0131 i\u00e7in \u00e7ok fark\u0131ndal\u0131k yaratt\u0131\u011f\u0131n\u0131 d\u00fc\u015f\u00fcn\u00fcyoruz. Gelince \u00e7ok e\u011fleniyoruz, seviyoruz. Mersin B\u00fcy\u00fck\u015fehir Belediyesi&#8217;nin \u00e7al\u0131\u015fmalar\u0131 \u00e7ok iyi bence. Yemek konusunda s\u0131k\u0131nt\u0131 ya\u015fatm\u0131yorlar, a\u015f\u0131lama uygulamalar\u0131 iyi. Buradaki k\u00f6pekler hi\u00e7 sald\u0131rm\u0131yor mesela, insanlara kar\u015f\u0131 \u00e7ok uysallar&#8221; dedi.<\/p>\n<p>Eda Sapan isimli vatanda\u015f &#8220;\u00c7ok be\u011fendim, \u00e7ok g\u00fczel bir organizasyon. Bizim i\u00e7in de \u00e7ok b\u00fcy\u00fck bir farkl\u0131l\u0131k oldu. \u00d6zellikle sokak hayvanlar\u0131n\u0131n sahiplenmesi ad\u0131na yap\u0131lm\u0131\u015f bu etkinlik umar\u0131m amac\u0131na ula\u015f\u0131r ve onlar da bir yuva bulur&#8221; diye konu\u015ftu.<\/p>\n<p>\u00d6znur Say\u0131c\u0131, &#8220;\u00c7ok g\u00fczel bir organizasyon. Bu y\u0131l 3.&#8217;s\u00fcn\u00fc yap\u0131yorlar. \u0130n\u015fallah amac\u0131na ula\u015f\u0131r. Bizim hayvanlar\u0131m\u0131z da geliyor ve burada sosyalle\u015fiyor. O y\u00f6nden de keyifli. Ke\u015fke bar\u0131naktaki b\u00fct\u00fcn k\u00f6pekler bir yuva bulsa&#8221; \u015feklinde konu\u015ftu.<\/p>\n<p>&#8220;Can dostlar\u0131m\u0131za, \u00e7ocuklar\u0131m\u0131z kadar de\u011fer vermeliyiz&#8221;<\/p>\n<p>Merve O\u011fuz, &#8220;\u00c7ok g\u00fczel bir festival. Stantlar kuruluyor. \u0130nsanlar\u0131 hayvan sevgisine y\u00f6nlendiriyor, en g\u00fczel y\u00f6n\u00fc bu. Bizim de kendi k\u00f6peklerimiz var, sevmeye geliyorlar. \u00d6zellikle \u00e7ocuklardaki o merhameti g\u00f6rebiliyoruz. Kayna\u015fma ad\u0131na da \u00e7ok g\u00fczel d\u00fc\u015f\u00fcn\u00fclm\u00fc\u015f bir festival. Sokaktan 2 tane kedi sahiplendim. Belediyenin, sokak hayvanlar\u0131 i\u00e7in yapt\u0131klar\u0131n\u0131 takip ediyorum. Sokak hayvanlar\u0131 bizim i\u00e7in \u00e7ok daha \u00f6nemli. B\u00fcy\u00fck\u015fehir Belediyesi de bununla ilgileniyor&#8221; dedi.<\/p>\n<p>\u0130lker \u00d6zmen isimli hayvansever, &#8220;Bu etkinlikler \u00e7ok ho\u015fumuza gidiyor. 3 senedir kat\u0131l\u0131yoruz. Bu konuda her \u015fey \u00e7ok g\u00fczel, g\u00f6steriler yap\u0131lmas\u0131 \u00e7ok ho\u015f. K\u00f6peklerin sosyalle\u015fmesi harika oluyor. Sokak hayvanlar\u0131 ile biz de ilgileniyoruz ve hatta baz\u0131 konularda B\u00fcy\u00fck\u015fehir Belediyesi&#8217;nden destek istiyoruz ve an\u0131nda ger\u00e7ekle\u015fiyor&#8221; diye konu\u015ftu.<br \/>\nEda Kayhan isimli vatanda\u015f ise, &#8220;Hayvanlar\u0131n hayat\u0131m\u0131zdaki \u00f6neminin daha iyi anla\u015f\u0131labilmesi ve \u00e7ocuklarla ileti\u015fimin \u00f6neminin daha iyi anla\u015f\u0131labilmesi i\u00e7in \u00e7ok de\u011ferli bir faaliyet oldu\u011funu d\u00fc\u015f\u00fcn\u00fcyorum. Ayr\u0131ca burada sahipsiz hayvanlar\u0131n da sahiplendirilebilece\u011fini \u00f6\u011frendim. O y\u00fczden B\u00fcy\u00fck\u015fehir Belediye Ba\u015fkan\u0131m\u0131za \u00e7ok te\u015fekk\u00fcr ediyorum. Asl\u0131nda bu hayvanlar\u0131n, \u00e7ocuklar\u0131m\u0131zdan hi\u00e7bir fark\u0131 yok. Aksine onlar daha da de\u011ferli, \u00e7\u00fcnk\u00fc ne istediklerini s\u00f6yleyemiyorlar. Onlar sessiz canl\u0131lar. Ve bizim onlara, \u00e7ocuklar\u0131m\u0131z kadar de\u011fer vermemiz gerekiyor&#8221; ifadelerini kulland\u0131.<\/p>\n<p>\u00dcretici kad\u0131n stantlar\u0131n\u0131n yan\u0131 s\u0131ra hayvanseverlerin ihtiya\u00e7lar\u0131na y\u00f6nelik stantlar\u0131n da a\u00e7\u0131ld\u0131\u011f\u0131 3. Mersin PatiFest&#8217;de kat\u0131l\u0131mc\u0131lar, g\u00fcn i\u00e7erisindeki etkinliklerin ard\u0131ndan; DJ Performans\u0131, Kent Orkestras\u0131 Konseri ile Ertan R\u00fcstem ve Orkestras\u0131&#8217;n\u0131n verdi\u011fi konserde doyas\u0131ya e\u011flendiler.<\/p>\n","protected":false},"excerpt":{"rendered":"<p>Mersin B\u00fcy\u00fck\u015fehir Belediyesi taraf\u0131ndan bu y\u0131l 3.&#8217;s\u00fc d\u00fczenlenen Mersin PatiFest, hayvanseverlerden b\u00fcy\u00fck be\u011feni ald\u0131. Vatanda\u015flar\u0131n yo\u011fun ilgi g\u00f6sterdi\u011fi festivalde kedi ve k\u00f6pek sahipleri organizasyondan \u00f6t\u00fcr\u00fc B\u00fcy\u00fck\u015fehir Belediyesi&#8217;ne te\u015fekk\u00fcr ederken, ger\u00e7ekle\u015ftirilen &hellip; <a href=\"https:\/\/akdenizolaygazetesi.com\/?p=21535\" class=\"more-link\">Devam\u0131n\u0131 Oku&#8230;<\/a><\/p>\n","protected":false},"author":2,"featured_media":21536,"comment_status":"open","ping_status":"open","sticky":false,"template":"","format":"standard","meta":[],"categories":[2,3,5],"tags":[],"_links":{"self":[{"href":"https:\/\/akdenizolaygazetesi.com\/index.php?rest_route=\/wp\/v2\/posts\/21535"}],"collection":[{"href":"https:\/\/akdenizolaygazetesi.com\/index.php?rest_route=\/wp\/v2\/posts"}],"about":[{"href":"https:\/\/akdenizolaygazetesi.com\/index.php?rest_route=\/wp\/v2\/types\/post"}],"author":[{"embeddable":true,"href":"https:\/\/akdenizolaygazetesi.com\/index.php?rest_route=\/wp\/v2\/users\/2"}],"replies":[{"embeddable":true,"href":"https:\/\/akdenizolaygazetesi.com\/index.php?rest_route=%2Fwp%2Fv2%2Fcomments&post=21535"}],"version-history":[{"count":1,"href":"https:\/\/akdenizolaygazetesi.com\/index.php?rest_route=\/wp\/v2\/posts\/21535\/revisions"}],"predecessor-version":[{"id":21537,"href":"https:\/\/akdenizolaygazetesi.com\/index.php?rest_route=\/wp\/v2\/posts\/21535\/revisions\/21537"}],"wp:featuredmedia":[{"embeddable":true,"href":"https:\/\/akdenizolaygazetesi.com\/index.php?rest_route=\/wp\/v2\/media\/21536"}],"wp:attachment":[{"href":"https:\/\/akdenizolaygazetesi.com\/index.php?rest_route=%2Fwp%2Fv2%2Fmedia&parent=21535"}],"wp:term":[{"taxonomy":"category","embeddable":true,"href":"https:\/\/akdenizolaygazetesi.com\/index.php?rest_route=%2Fwp%2Fv2%2Fcategories&post=21535"},{"taxonomy":"post_tag","embeddable":true,"href":"https:\/\/akdenizolaygazetesi.com\/index.php?rest_route=%2Fwp%2Fv2%2Ftags&post=21535"}],"curies":[{"name":"wp","href":"https:\/\/api.w.org\/{rel}","templated":true}]}}