{"id":21538,"date":"2022-10-10T11:56:52","date_gmt":"2022-10-10T08:56:52","guid":{"rendered":"http:\/\/akdenizolaygazetesi.com\/?p=21538"},"modified":"2022-10-10T11:56:52","modified_gmt":"2022-10-10T08:56:52","slug":"akdeniz-belediye-baskani-gultak-muay-thai-gecesine-katildi","status":"publish","type":"post","link":"https:\/\/akdenizolaygazetesi.com\/?p=21538","title":{"rendered":"AKDEN\u0130Z BELED\u0130YE BA\u015eKANI G\u00dcLTAK, MUAY THA\u0130 GECES\u0130NE KATILDI"},"content":{"rendered":"<p>Ba\u015fkan G\u00fcltak, Akdeniz Belediyesi\u2019nin de destek\u00e7ileri aras\u0131nda oldu\u011fu \u201cFikri Ar\u0131can 2\u2019nci Fight Night Muay Thai Uluslararas\u0131 D\u00f6v\u00fc\u015f Organizasyonuna\u201d kat\u0131larak sporcular\u0131n kupa ve madalya heyecan\u0131na ortak oldu.<br \/>\nEdip Buran Kapal\u0131 Spor Salonu\u2019nda, Sayg\u0131 Duru\u015fu ve \u0130stiklal Mar\u015f\u0131 ile ba\u015flayan organizasyonda ringe \u00e7\u0131kan Muay Thai sporcular\u0131na ba\u015far\u0131lar dileyen Akdeniz Belediye Ba\u015fkan\u0131 M. Mustafa G\u00fcltak, g\u00f6reve geldikleri g\u00fcnden itibaren spora ve sporcuya b\u00fcy\u00fck \u00f6nem verdiklerinin alt\u0131n\u0131 \u00e7izdi, Akdeniz\u2019e onlarca yeni tesis kazand\u0131r\u0131rken, mevcut tesisleri de yenileyip sporcular\u0131n ve sporsever vatanda\u015flar\u0131n hizmetine a\u00e7t\u0131klar\u0131n\u0131 ifade etti. Ba\u015fkan Yard\u0131mc\u0131s\u0131 Onur Ery\u0131lmaz G\u00fcm\u00fc\u015ftok\u2019un da kat\u0131ld\u0131\u011f\u0131 etkinlikte Ba\u015fkan G\u00fcltak, uluslararas\u0131 organizasyon nedeniyle Milli Sporcu Fikri Ar\u0131can\u2019a, m\u00fcsabakalara kat\u0131lan Muay Thai sporcular\u0131 ve sporseverlere te\u015fekk\u00fcr etti.<br \/>\n\u201cAkdeniz, art\u0131k sporla an\u0131l\u0131yor\u201d<br \/>\nYak\u0131n ge\u00e7mi\u015fte istenmeyen olaylarla g\u00fcndeme gelen Akdeniz\u2019in, bug\u00fcn ise festivallerle k\u00fclt\u00fcr, sanat ve sporla an\u0131ld\u0131\u011f\u0131n\u0131n alt\u0131n\u0131 \u00e7izen Ba\u015fkan G\u00fcltak; \u201cGen\u00e7lik ve Spor Bakanl\u0131\u011f\u0131m\u0131z\u0131n destekleri ve Spor Toto Te\u015fkilat\u0131\u2019n\u0131n katk\u0131lar\u0131yla bug\u00fcne kadar olmayan bir\u00e7ok spor tesisini Akdeniz\u2019de hayata ge\u00e7irdik, il\u00e7emize ve vatanda\u015flar\u0131m\u0131za kazand\u0131rd\u0131k. Ayr\u0131ca bir\u00e7ok milli sporcumuzu da kul\u00fcb\u00fcm\u00fcz b\u00fcnyesine katarak Avrupa ve d\u00fcnya \u015fampiyonluklar\u0131 elde ettik. Akdeniz art\u0131k karde\u015flikle, muhabbetle, sevgiyle, sporla, gen\u00e7lerimiz ve kad\u0131nlar\u0131m\u0131zla \u00e7ok daha farkl\u0131 kulvarlara girdi. Akdeniz\u2019de de\u011fi\u015fim ve d\u00f6n\u00fc\u015f\u00fcm devam edecek. Organizasyonda eme\u011fi ge\u00e7en herkese te\u015fekk\u00fcr ediyor, ringe \u00e7\u0131kacak sporcular\u0131m\u0131za ve hakemlere ba\u015far\u0131lar diliyorum\u201d diye konu\u015ftu. <\/p>\n","protected":false},"excerpt":{"rendered":"<p>Ba\u015fkan G\u00fcltak, Akdeniz Belediyesi\u2019nin de destek\u00e7ileri aras\u0131nda oldu\u011fu \u201cFikri Ar\u0131can 2\u2019nci Fight Night Muay Thai Uluslararas\u0131 D\u00f6v\u00fc\u015f Organizasyonuna\u201d kat\u0131larak sporcular\u0131n kupa ve madalya heyecan\u0131na ortak oldu. Edip Buran Kapal\u0131 Spor &hellip; <a href=\"https:\/\/akdenizolaygazetesi.com\/?p=21538\" class=\"more-link\">Devam\u0131n\u0131 Oku&#8230;<\/a><\/p>\n","protected":false},"author":2,"featured_media":21539,"comment_status":"open","ping_status":"open","sticky":false,"template":"","format":"standard","meta":[],"categories":[10],"tags":[],"_links":{"self":[{"href":"https:\/\/akdenizolaygazetesi.com\/index.php?rest_route=\/wp\/v2\/posts\/21538"}],"collection":[{"href":"https:\/\/akdenizolaygazetesi.com\/index.php?rest_route=\/wp\/v2\/posts"}],"about":[{"href":"https:\/\/akdenizolaygazetesi.com\/index.php?rest_route=\/wp\/v2\/types\/post"}],"author":[{"embeddable":true,"href":"https:\/\/akdenizolaygazetesi.com\/index.php?rest_route=\/wp\/v2\/users\/2"}],"replies":[{"embeddable":true,"href":"https:\/\/akdenizolaygazetesi.com\/index.php?rest_route=%2Fwp%2Fv2%2Fcomments&post=21538"}],"version-history":[{"count":1,"href":"https:\/\/akdenizolaygazetesi.com\/index.php?rest_route=\/wp\/v2\/posts\/21538\/revisions"}],"predecessor-version":[{"id":21540,"href":"https:\/\/akdenizolaygazetesi.com\/index.php?rest_route=\/wp\/v2\/posts\/21538\/revisions\/21540"}],"wp:featuredmedia":[{"embeddable":true,"href":"https:\/\/akdenizolaygazetesi.com\/index.php?rest_route=\/wp\/v2\/media\/21539"}],"wp:attachment":[{"href":"https:\/\/akdenizolaygazetesi.com\/index.php?rest_route=%2Fwp%2Fv2%2Fmedia&parent=21538"}],"wp:term":[{"taxonomy":"category","embeddable":true,"href":"https:\/\/akdenizolaygazetesi.com\/index.php?rest_route=%2Fwp%2Fv2%2Fcategories&post=21538"},{"taxonomy":"post_tag","embeddable":true,"href":"https:\/\/akdenizolaygazetesi.com\/index.php?rest_route=%2Fwp%2Fv2%2Ftags&post=21538"}],"curies":[{"name":"wp","href":"https:\/\/api.w.org\/{rel}","templated":true}]}}