{"id":21558,"date":"2022-10-11T12:20:52","date_gmt":"2022-10-11T09:20:52","guid":{"rendered":"http:\/\/akdenizolaygazetesi.com\/?p=21558"},"modified":"2022-10-11T12:20:52","modified_gmt":"2022-10-11T09:20:52","slug":"secer-mersin-buyuksehir-belediyesinin-itibarina-bir-sey-gelirse-mersine-gelir-ben-onun-icin-sayginligini-korumaya-calisiyorum","status":"publish","type":"post","link":"https:\/\/akdenizolaygazetesi.com\/?p=21558","title":{"rendered":"SE\u00c7ER: &#8220;MERS\u0130N B\u00dcY\u00dcK\u015eEH\u0130R BELED\u0130YES\u0130&#8217;N\u0130N \u0130T\u0130BARINA B\u0130R \u015eEY GEL\u0130RSE MERS\u0130N&#8217;E GEL\u0130R. BEN ONUN \u0130\u00c7\u0130N SAYGINLI\u011eINI KORUMAYA \u00c7ALI\u015eIYORUM&#8221;"},"content":{"rendered":"<p>Mersin B\u00fcy\u00fck\u015fehir Belediye Meclisi&#8217;nin Ekim ay\u0131 1. Birle\u015fim Toplant\u0131s\u0131, B\u00fcy\u00fck\u015fehir Belediye Ba\u015fkan\u0131 Vahap Se\u00e7er ba\u015fkanl\u0131\u011f\u0131nda ger\u00e7ekle\u015ftirildi.<br \/>\nBa\u015fkan Se\u00e7er, Mersin&#8217;de Polisevini hedef alan ve bir polis memurunun \u015fehit olmas\u0131na neden olan ter\u00f6r olaylar\u0131n\u0131n ard\u0131ndan, Mersin B\u00fcy\u00fck\u015fehir Belediyesi&#8217;ne y\u00f6nelen kampanyalara Meclis Toplant\u0131s\u0131&#8217;nda yan\u0131t verdi.<br \/>\nSe\u00e7er: &#8220;Toplumun gelece\u011fini d\u00fc\u015f\u00fcn\u00fcrsek devlet adam\u0131 akl\u0131yla karar veririz&#8221;<br \/>\nKonu\u015fmas\u0131na, polisevine y\u00f6nelik ter\u00f6r sald\u0131r\u0131s\u0131n\u0131 k\u0131nayarak ba\u015flayan Ba\u015fkan Se\u00e7er, 10 Ekim 2015&#8217;te Ankara&#8217;da ya\u015fanan &#8220;Gar Katliam\u0131&#8221;nda hayat\u0131n\u0131 kaybedenleri and\u0131. &#8220;Yak\u0131n ge\u00e7mi\u015fimizde ya\u015fanan bu olay dolay\u0131s\u0131yla bir kez daha ter\u00f6r\u00fc ve ter\u00f6rden medet umanlar\u0131 lanetliyorum&#8221; diyen Ba\u015fkan Se\u00e7er, &#8220;Ankara olay\u0131ndan sonra pek \u00e7ok kanl\u0131 olay ya\u015fad\u0131k. Ankara gar\u0131 ve sonras\u0131nda meydana gelen olaylar\u0131n sorumlular\u0131 ortaya \u00e7\u0131kar\u0131lsayd\u0131, belki de 26 Eyl\u00fcl&#8217;de Mersin Polisevi&#8217;ne sald\u0131r\u0131 olmayacakt\u0131. Bu kirli oyunlar\u0131n art\u0131k son bulmas\u0131n\u0131 ve \u00fclkemizin bir an \u00f6nce hak etti\u011fi huzura, bar\u0131\u015fa kavu\u015fmas\u0131n\u0131 t\u00fcm kalbimle diliyorum&#8221; diye konu\u015ftu.<br \/>\nMersin&#8217;deki ter\u00f6r sald\u0131r\u0131n\u0131n ard\u0131ndan Mersin B\u00fcy\u00fck\u015fehir Belediyesi ile ilgili \u00e7ok \u00f6nemli geli\u015fmeler oldu\u011funa dikkat \u00e7eken Ba\u015fkan Se\u00e7er, &#8220;Belediyemizin ter\u00f6rle ili\u015fkisi oldu\u011fu, belediyemizde ter\u00f6ristlerin \u00e7al\u0131\u015ft\u0131\u011f\u0131 gibi iftiralar, karalama kampanyalar\u0131 y\u0131llard\u0131r s\u00fcr\u00fcyor.  Israrl\u0131 bi\u00e7imde bu alg\u0131 operasyonlar\u0131 s\u00fcrd\u00fcr\u00fcl\u00fcyor. Siyaset\u00e7i akl\u0131yla y\u00f6netirsek, se\u00e7imi, siyasi ikbalimizi d\u00fc\u015f\u00fcn\u00fcrsek farkl\u0131 kararlar veririz. Ama toplumun gelece\u011fini d\u00fc\u015f\u00fcn\u00fcrsek, devlet adam\u0131 akl\u0131yla karar veririz&#8221; dedi.<br \/>\n&#8220;Bizim belediyemizde ter\u00f6r ve ter\u00f6ristle kimse bizi yan yana getiremez&#8221;<br \/>\n26 Eyl\u00fcl&#8217;de ger\u00e7ekle\u015fen sald\u0131r\u0131n\u0131n herkesin can\u0131n\u0131 yakt\u0131\u011f\u0131n\u0131 vurgulayan Ba\u015fkan Se\u00e7er, &#8220;Gece bir a\u00e7\u0131klama. Saat 03.00&#8230; B\u00fct\u00fcn siyasiler dizilmi\u015f oraya. B\u00fcrokratlar&#8230; Bakan a\u00e7\u0131klama yap\u0131yor. Bir anda her \u015fey belli, her \u015fey Mersin&#8217;den \u00e7\u0131km\u0131\u015f. &#8216;Mersin&#8217;i biliyor, Mersin&#8217;den destek al\u0131yor&#8217; Biz Mersin&#8217;in ter\u00f6rle an\u0131lmas\u0131n\u0131 silmek i\u00e7in, aln\u0131m\u0131z\u0131n damar\u0131 \u00e7atl\u0131yor. Mersin&#8217;le ilgisi olmayan adamlar, Mersin&#8217;e bir deney operasyonu yap\u0131yor. Buna nas\u0131l m\u00fcsaade edersiniz? Bunlar\u0131n bir\u00e7o\u011fu Mersin&#8217;i bilmiyor. Mersin&#8217;den ald\u0131\u011f\u0131 oyla g\u00fc\u00e7 alm\u0131\u015f, ikbalini d\u00fc\u015f\u00fcn\u00fcyor. Bunlar Mersin&#8217;i, Mersinliler kadar bilemez. Mersin&#8217;i Mersinliler kadar d\u00fc\u015f\u00fcnemez. 28 Eyl\u00fcl sabah\u0131 yine bir haber; &#8216;Daire Ba\u015fkan\u0131m\u0131z Bedrettin G\u00fcnde\u015f ve 17 ki\u015fi g\u00f6zalt\u0131na al\u0131nd\u0131&#8217;. Garip olan, bu dosyayla, yani ter\u00f6r sald\u0131r\u0131s\u0131yla bir ilgisi yok. Ama ne hikmetse o geceye denk getiriliyor. Yine dronelar, sabah\u0131n 08.00&#8217;i. Kap\u0131y\u0131 a\u00e7\u0131yor daire ba\u015fkan\u0131m\u0131z. &#8216;Yat yere, yat yere&#8230;.&#8217; Mersin&#8217;e yak\u0131\u015fmaz bu g\u00f6r\u00fcnt\u00fcler. Bu olamaz. Buras\u0131 \u015ferefli bir kurum. Buras\u0131 Mersin B\u00fcy\u00fck\u015fehir Belediyesi. Herkesin belediyesi. Onun i\u00e7in sayg\u0131nl\u0131\u011f\u0131n\u0131 korumaya \u00e7al\u0131\u015f\u0131yoruz. Bizim belediyemizde, ter\u00f6r ve ter\u00f6ristle kimse bizi yan yana getiremez. Biz bu konuya girersek elimde \u00e7ok uzun bir liste var. Buradan isimleri tek tek sayar\u0131m. Kim nerede g\u00f6rev yap\u0131yor? Belediye meclisi \u00fcyesi mi, milletvekili mi? Daha \u00f6nce abisi neredeymi\u015f, ufa\u011f\u0131 neredeymi\u015f, b\u00fcy\u00fc\u011f\u00fc neredeymi\u015f, hangi \u00f6rg\u00fctteymi\u015f, \u015fu an sizde siyaset yapanlar, hangi partide siyaset yap\u0131yormu\u015f hepsini bilirim&#8221; ifadelerini kulland\u0131.<br \/>\n&#8220;Devlet kurumu eliyle, bir ba\u015fka devlet kurumunun itibar\u0131 ayaklar alt\u0131na al\u0131n\u0131yor&#8221;<br \/>\nBa\u015fkan Vahap Se\u00e7er, daire ba\u015fkan\u0131n\u0131n devlet televizyonunun kameralar\u0131 \u00f6n\u00fcnde g\u00f6zalt\u0131na al\u0131nmas\u0131na, &#8220;Devlet kurumu eliyle, bir ba\u015fka devlet kurumunun itibar\u0131 ayaklar alt\u0131na al\u0131n\u0131yor. \u0130tibar suikast\u0131 yap\u0131l\u0131yor. Biz bu s\u00fcre\u00e7te siyasi iradenin g\u00fcc\u00fcn\u00fc kullanarak, devlet kurumlar\u0131n\u0131 kullanmak isteyenlerin ve kulland\u0131ranlar\u0131n dimdik kar\u015f\u0131s\u0131nda dururuz. Devletin b\u00fcrokratlar\u0131 kanunlar ve nizamlar neyi gerektiriyorsa, devlet terbiyesi neyi gerektiriyorsa o \u015fekilde \u00e7al\u0131\u015fmal\u0131d\u0131r. Bu kentin hakk\u0131n\u0131, hukukunu, sayg\u0131nl\u0131\u011f\u0131n\u0131 koruyaca\u011f\u0131z. Size s\u00f6z\u00fcmd\u00fcr; 3.5 y\u0131ld\u0131r kentimin birlik, dirlik i\u00e7inde ya\u015famas\u0131 i\u00e7in gecemi g\u00fcnd\u00fcz\u00fcme kat\u0131yorsam, 1.5 y\u0131l da b\u00f6yle devam edecek. Hi\u00e7bir vatanda\u015f\u0131m\u0131n endi\u015fesi olmas\u0131n&#8221; s\u00f6zleriyle tepki g\u00f6sterdi.<br \/>\n&#8220;Se\u00e7ildikten sonra, herkesin belediye ba\u015fkan\u0131 olduk&#8221;<br \/>\nVatanda\u015flar\u0131n, Vahap Se\u00e7er&#8217;e, &#8220;hizmet beklentisiyle&#8221; oy verdi\u011fini vurgulayan Ba\u015fkan Se\u00e7er, &#8220;\u0130yi bir yerel y\u00f6netim isteyen, gelecek olan belediye ba\u015fkan\u0131 ayr\u0131mc\u0131l\u0131k yapmaz saikiyle oy verenler oldu. Vermeyenler de ya ba\u015far\u0131s\u0131z olaca\u011f\u0131m\u0131z\u0131 d\u00fc\u015f\u00fcnd\u00fc, ya ba\u015fka bir aday\u0131n uygun olaca\u011f\u0131n\u0131 d\u00fc\u015f\u00fcnd\u00fc. Ama maalesef baz\u0131lar\u0131, bu kara propagandadan etkilenerek bize oy vermediler. Ama biz se\u00e7ildikten sonra, herkesin belediye ba\u015fkan\u0131 olduk. &#8216;Ayr\u0131mc\u0131l\u0131k bir insanl\u0131k su\u00e7udur&#8217; dedik. Se\u00e7im bittikten sonra yine bir karalama kampanyas\u0131 ba\u015flat\u0131ld\u0131. Belediyeden buran\u0131n yerli insanlar\u0131 \u00e7\u0131kar\u0131l\u0131yor, yerlerine ter\u00f6ristler al\u0131n\u0131yor gibi bir karalama kampanyas\u0131 ba\u015flad\u0131. Milletvekilleri sanki Mersin&#8217;in sorunu yokmu\u015f gibi, 3,5 y\u0131ld\u0131r g\u00fcndemi bunun \u00fczerine oturtmaya ba\u015flad\u0131lar&#8221; de\u011ferlendirmesinde bulundu.<br \/>\nG\u00f6reve ba\u015flad\u0131klar\u0131ndan bu yana MESK\u0130&#8217;den ve belediyeden disiplin ve performans gerek\u00e7esiyle \u00e7\u0131kar\u0131lan ki\u015fi say\u0131s\u0131n\u0131n toplamda 702 oldu\u011funu belirten Ba\u015fkan Se\u00e7er, &#8220;Bunu bilmenizi istiyorum. 3 bin ki\u015fi, 5 bin ki\u015fi de\u011fil&#8221; dedi.<br \/>\n&#8220;5 Eyl\u00fcl&#8217;den bu yana Ba\u015fsavc\u0131l\u0131k&#8217;tan bir liste gelmedi elimize&#8221;<br \/>\nBaz\u0131 hususlar\u0131 Mersin&#8217;in huzurunu bozmamak ad\u0131na kamuoyuyla payla\u015fmad\u0131\u011f\u0131n\u0131, ancak yetkililer ve ilgili makamlarla g\u00f6r\u00fc\u015ft\u00fc\u011f\u00fcn\u00fc anlatan Vahap Se\u00e7er, konu\u015fmas\u0131na \u015f\u00f6yle devam etti:<br \/>\n&#8220;8 Mart 2022&#8217;de bir milletvekili soru \u00f6nergesi veriyor. Mersin B\u00fcy\u00fck\u015fehir Belediyesi ve il\u00e7e belediyelerde ter\u00f6rle iltisakl\u0131 ki\u015fi var m\u0131 diye. Ard\u0131ndan \u0130\u00e7i\u015fleri Bakanl\u0131\u011f\u0131, belediyemize Mart ay\u0131nda m\u00fcfetti\u015f g\u00f6nderiyor. 5 ay sonra A\u011fustos ay\u0131 ba\u015f\u0131nda \u00f6nergeye yan\u0131t veriyor. Milletvekili 29 A\u011fustos&#8217;ta \u00f6nergenin cevab\u0131n\u0131 kamuoyuna a\u00e7\u0131kl\u0131yor. \u00d6nergenin cevab\u0131n\u0131 dikkatle inceledim. Mersin B\u00fcy\u00fck\u015fehir Belediyesi ve il\u00e7e belediyeleri aras\u0131nda 33 ki\u015fi PKK\/KCK, 5 ki\u015fi PDY, 2 ki\u015fi Hizbullah ter\u00f6r \u00f6rg\u00fct\u00fc \u00fcyesi oldu\u011fu gerek\u00e7esiyle g\u00f6zalt\u0131na al\u0131nm\u0131\u015f, 14 ki\u015fi tutuklanm\u0131\u015f. Buraya kadar tamam m\u0131? Tamam. Peki hangi belediyede? Mersin B\u00fcy\u00fck\u015fehir Belediyesi ve il\u00e7e belediyelerinde. Hangi belediyede? Hangi tarihte? Mu\u011flakl\u0131k var. Bunu \u00e7ar\u015faf \u00e7ar\u015faf gazetelere verdiler. Sonra biz dedik ki, bunu Cumhuriyet Ba\u015fsavc\u0131l\u0131\u011f\u0131&#8217;na soral\u0131m; 5 Eyl\u00fcl&#8217;de savc\u0131l\u0131\u011fa yaz\u0131 yazd\u0131k. Dedik ki, kimdir bunlar? Biz bir hata yap\u0131yorsak, hatadan d\u00f6nelim. Adamlar tutuklanm\u0131\u015f diyorsunuz, acaba kim bunlar? Ama Cumhuriyet Ba\u015fsavc\u0131l\u0131\u011f\u0131&#8217;ndan, 5 Eyl\u00fcl&#8217;den bu yana bir cevap gelmedi elimize. Akabinde 15 Eyl\u00fcl&#8217;de 10 ki\u015fi g\u00f6zalt\u0131na al\u0131nd\u0131.  Devlet kurumu eliyle, bir ba\u015fka devlet kurumunun itibar\u0131 ayaklar alt\u0131na al\u0131n\u0131yor. \u0130tibar suikast\u0131 yap\u0131l\u0131yor&#8221; ifadelerini kulland\u0131.<br \/>\n&#8220;Dimdik dururum!&#8221;<br \/>\n\u00dcz\u00fcnt\u00fc ve isyan\u0131n\u0131n, Mersin&#8217;in buna alet edilmesi oldu\u011funu belirten Ba\u015fkan Se\u00e7er, &#8220;Ankara siyaseti bunlar\u0131 konu\u015fsun. Benim itiraz\u0131m; bu kurgularda, Mersin&#8217;in zemin olarak kullan\u0131lmas\u0131. Biz bu s\u00fcre\u00e7te siyasi iradenin g\u00fcc\u00fcn\u00fc kullanarak devlet kurumlar\u0131n\u0131 kullanmak isteyenlerin ve kulland\u0131ranlar\u0131n dimdik kar\u015f\u0131s\u0131nda dururuz. Devletin b\u00fcrokratlar\u0131; kanunlar, nizamlar neyi gerektiriyorsa, devlet terbiyesi neyi gerektiriyorsa o \u015fekilde \u00e7al\u0131\u015fmal\u0131d\u0131r. Bu kentin hakk\u0131n\u0131, hukukunu, sayg\u0131nl\u0131\u011f\u0131n\u0131 koruyaca\u011f\u0131z. Size s\u00f6z\u00fcmd\u00fcr; 3.5 y\u0131ld\u0131r kentimin birlik, dirlik i\u00e7inde ya\u015famas\u0131 i\u00e7in gecemi g\u00fcnd\u00fcz\u00fcme kat\u0131yorsam 1.5 y\u0131l da b\u00f6yle devam edecek. Hi\u00e7bir vatanda\u015f\u0131m\u0131n endi\u015fesi olmas\u0131n&#8221; diye konu\u015ftu.<\/p>\n","protected":false},"excerpt":{"rendered":"<p>Mersin B\u00fcy\u00fck\u015fehir Belediye Meclisi&#8217;nin Ekim ay\u0131 1. Birle\u015fim Toplant\u0131s\u0131, B\u00fcy\u00fck\u015fehir Belediye Ba\u015fkan\u0131 Vahap Se\u00e7er ba\u015fkanl\u0131\u011f\u0131nda ger\u00e7ekle\u015ftirildi. Ba\u015fkan Se\u00e7er, Mersin&#8217;de Polisevini hedef alan ve bir polis memurunun \u015fehit olmas\u0131na neden olan &hellip; <a href=\"https:\/\/akdenizolaygazetesi.com\/?p=21558\" class=\"more-link\">Devam\u0131n\u0131 Oku&#8230;<\/a><\/p>\n","protected":false},"author":2,"featured_media":21559,"comment_status":"open","ping_status":"open","sticky":false,"template":"","format":"standard","meta":[],"categories":[3,5,6],"tags":[],"_links":{"self":[{"href":"https:\/\/akdenizolaygazetesi.com\/index.php?rest_route=\/wp\/v2\/posts\/21558"}],"collection":[{"href":"https:\/\/akdenizolaygazetesi.com\/index.php?rest_route=\/wp\/v2\/posts"}],"about":[{"href":"https:\/\/akdenizolaygazetesi.com\/index.php?rest_route=\/wp\/v2\/types\/post"}],"author":[{"embeddable":true,"href":"https:\/\/akdenizolaygazetesi.com\/index.php?rest_route=\/wp\/v2\/users\/2"}],"replies":[{"embeddable":true,"href":"https:\/\/akdenizolaygazetesi.com\/index.php?rest_route=%2Fwp%2Fv2%2Fcomments&post=21558"}],"version-history":[{"count":1,"href":"https:\/\/akdenizolaygazetesi.com\/index.php?rest_route=\/wp\/v2\/posts\/21558\/revisions"}],"predecessor-version":[{"id":21560,"href":"https:\/\/akdenizolaygazetesi.com\/index.php?rest_route=\/wp\/v2\/posts\/21558\/revisions\/21560"}],"wp:featuredmedia":[{"embeddable":true,"href":"https:\/\/akdenizolaygazetesi.com\/index.php?rest_route=\/wp\/v2\/media\/21559"}],"wp:attachment":[{"href":"https:\/\/akdenizolaygazetesi.com\/index.php?rest_route=%2Fwp%2Fv2%2Fmedia&parent=21558"}],"wp:term":[{"taxonomy":"category","embeddable":true,"href":"https:\/\/akdenizolaygazetesi.com\/index.php?rest_route=%2Fwp%2Fv2%2Fcategories&post=21558"},{"taxonomy":"post_tag","embeddable":true,"href":"https:\/\/akdenizolaygazetesi.com\/index.php?rest_route=%2Fwp%2Fv2%2Ftags&post=21558"}],"curies":[{"name":"wp","href":"https:\/\/api.w.org\/{rel}","templated":true}]}}