{"id":21561,"date":"2022-10-11T12:22:28","date_gmt":"2022-10-11T09:22:28","guid":{"rendered":"http:\/\/akdenizolaygazetesi.com\/?p=21561"},"modified":"2022-10-11T12:22:28","modified_gmt":"2022-10-11T09:22:28","slug":"huzurkentte-mevlid-i-nebi-ve-cami-din-gorevlileri-haftasi-bulusmasi","status":"publish","type":"post","link":"https:\/\/akdenizolaygazetesi.com\/?p=21561","title":{"rendered":"HUZURKENT\u2019TE  MEVL\u0130D-\u0130 NEB\u0130 VE CAM\u0130, D\u0130N G\u00d6REVL\u0130LER\u0130 HAFTASI BULU\u015eMASI"},"content":{"rendered":"<p>Akdeniz Belediye Ba\u015fkan\u0131 M. Mustafa G\u00fcltak, \u201cMevlid-i Nebi ve Cami, Din G\u00f6revlileri Haftas\u0131\u201d dolay\u0131s\u0131yla organize edilen programa kat\u0131ld\u0131.<br \/>\n\u0130slam Peygamberi Hz. Muhammed\u2019in d\u00fcnyaya te\u015friflerinin miladi 1451\u2019inci seneyi devriyesi m\u00fcnasebetiyle, Mersin \u0130l M\u00fcft\u00fcl\u00fc\u011f\u00fc taraf\u0131ndan Huzurkent Mahallesi\u2019nde d\u00fczenlenen etkinli\u011fe, Akdeniz \u0130l\u00e7e Kaymakam\u0131 Zeyit \u015eener, Mersin \u0130l M\u00fcft\u00fcs\u00fc Ayd\u0131n Y\u0131\u011fman, Akdeniz \u0130l\u00e7e M\u00fcft\u00fcs\u00fc Necati G\u00fcndo\u011fdu, \u00e7ok say\u0131da davetli ve mahalle sakinleri kat\u0131ld\u0131. Yemekli etkinlik, dualar ve Kuran\u2019\u0131 Kerim tilaveti ile ba\u015flad\u0131.<br \/>\n\u201cAkdeniz\u2019de art\u0131k bar\u0131\u015f karde\u015flik ve sayg\u0131 var\u201d<br \/>\nBa\u015fkan G\u00fcltak, bulu\u015fmada yapt\u0131\u011f\u0131 konu\u015fmada, birli\u011fi ve beraberli\u011fi peki\u015ftiren b\u00f6ylesi \u00f6zel g\u00fcnlere \u00f6nem verdiklerinin alt\u0131n\u0131 \u00e7izdi. G\u00f6reve geldikleri ilk g\u00fcnden itibaren de Camiler, Kur\u2019an kurslar\u0131 ve dini e\u011fitim kurumlar\u0131na de\u011fer verdiklerini vurgulayan Ba\u015fkan G\u00fcltak, ibadethanelerin temizlik ve tadilat i\u015flerini yerine getirdiklerini anlatt\u0131.<br \/>\nHuzurkent Mahallesi\u2019ne, i\u00e7inde kre\u015f de bulunan bir k\u00fclt\u00fcr ve sanat evini kazand\u0131rd\u0131klar\u0131n\u0131 ve resmi a\u00e7\u0131l\u0131\u015f\u0131n\u0131 yak\u0131n zamanda yapacaklar\u0131n\u0131 kaydeden Ba\u015fkan G\u00fcltak; \u201cAkdeniz, yak\u0131n ge\u00e7mi\u015fte kavgan\u0131n, g\u00fcr\u00fclt\u00fcn\u00fcn yo\u011fun oldu\u011fu bir yerdi. Uyu\u015fturucu ve ter\u00f6r\u00fcn ya\u015fand\u0131\u011f\u0131 oldu\u011fu bir il\u00e7emizdi. Fakat Akdeniz\u2019de bug\u00fcn art\u0131k kavga yok. Akdeniz\u2019de karde\u015flik, sayg\u0131 ve muhabbet var. Bunu sa\u011flad\u0131\u011f\u0131m\u0131za inan\u0131yorum. Bu duygularla Mevlid-i Nebi Haftas\u0131 ile Camiler ve Din G\u00f6revlileri G\u00fcn\u00fc\u2019n\u00fc kutluyor, Mersin \u0130l M\u00fcft\u00fcl\u00fc\u011f\u00fcm\u00fcze te\u015fekk\u00fcr ediyorum\u201d dedi.<br \/>\nKonu\u015fmalar\u0131n ard\u0131ndan Akdeniz \u0130l\u00e7e M\u00fcft\u00fcl\u00fc\u011f\u00fc personelinin ilahi kasideleri seslendirmesi ile program sona erdi. <\/p>\n","protected":false},"excerpt":{"rendered":"<p>Akdeniz Belediye Ba\u015fkan\u0131 M. Mustafa G\u00fcltak, \u201cMevlid-i Nebi ve Cami, Din G\u00f6revlileri Haftas\u0131\u201d dolay\u0131s\u0131yla organize edilen programa kat\u0131ld\u0131. \u0130slam Peygamberi Hz. Muhammed\u2019in d\u00fcnyaya te\u015friflerinin miladi 1451\u2019inci seneyi devriyesi m\u00fcnasebetiyle, Mersin &hellip; <a href=\"https:\/\/akdenizolaygazetesi.com\/?p=21561\" class=\"more-link\">Devam\u0131n\u0131 Oku&#8230;<\/a><\/p>\n","protected":false},"author":2,"featured_media":21562,"comment_status":"open","ping_status":"open","sticky":false,"template":"","format":"standard","meta":[],"categories":[3,5],"tags":[],"_links":{"self":[{"href":"https:\/\/akdenizolaygazetesi.com\/index.php?rest_route=\/wp\/v2\/posts\/21561"}],"collection":[{"href":"https:\/\/akdenizolaygazetesi.com\/index.php?rest_route=\/wp\/v2\/posts"}],"about":[{"href":"https:\/\/akdenizolaygazetesi.com\/index.php?rest_route=\/wp\/v2\/types\/post"}],"author":[{"embeddable":true,"href":"https:\/\/akdenizolaygazetesi.com\/index.php?rest_route=\/wp\/v2\/users\/2"}],"replies":[{"embeddable":true,"href":"https:\/\/akdenizolaygazetesi.com\/index.php?rest_route=%2Fwp%2Fv2%2Fcomments&post=21561"}],"version-history":[{"count":1,"href":"https:\/\/akdenizolaygazetesi.com\/index.php?rest_route=\/wp\/v2\/posts\/21561\/revisions"}],"predecessor-version":[{"id":21563,"href":"https:\/\/akdenizolaygazetesi.com\/index.php?rest_route=\/wp\/v2\/posts\/21561\/revisions\/21563"}],"wp:featuredmedia":[{"embeddable":true,"href":"https:\/\/akdenizolaygazetesi.com\/index.php?rest_route=\/wp\/v2\/media\/21562"}],"wp:attachment":[{"href":"https:\/\/akdenizolaygazetesi.com\/index.php?rest_route=%2Fwp%2Fv2%2Fmedia&parent=21561"}],"wp:term":[{"taxonomy":"category","embeddable":true,"href":"https:\/\/akdenizolaygazetesi.com\/index.php?rest_route=%2Fwp%2Fv2%2Fcategories&post=21561"},{"taxonomy":"post_tag","embeddable":true,"href":"https:\/\/akdenizolaygazetesi.com\/index.php?rest_route=%2Fwp%2Fv2%2Ftags&post=21561"}],"curies":[{"name":"wp","href":"https:\/\/api.w.org\/{rel}","templated":true}]}}