{"id":21570,"date":"2022-10-11T12:26:31","date_gmt":"2022-10-11T09:26:31","guid":{"rendered":"http:\/\/akdenizolaygazetesi.com\/?p=21570"},"modified":"2022-10-11T12:26:31","modified_gmt":"2022-10-11T09:26:31","slug":"tarsusun-parklari-simdi-bir-baska-guzel","status":"publish","type":"post","link":"https:\/\/akdenizolaygazetesi.com\/?p=21570","title":{"rendered":"TARSUS&#8217;UN PARKLARI \u015e\u0130MD\u0130 B\u0130R BA\u015eKA G\u00dcZEL"},"content":{"rendered":"<p>Mersin B\u00fcy\u00fck\u015fehir Belediyesi Park ve Bah\u00e7eler Dairesi Ba\u015fkanl\u0131\u011f\u0131 taraf\u0131ndan y\u00fcr\u00fct\u00fclen \u00e7al\u0131\u015fmalar kapsam\u0131nda, vatanda\u015flar\u0131n ortak kullan\u0131m alan\u0131 olan parklar ve y\u00fcr\u00fcy\u00fc\u015f yollar\u0131, daha ye\u015fil ve altyap\u0131s\u0131 daha g\u00fc\u00e7l\u00fc hale gelmeye devam ediyor.<\/p>\n<p>B\u00fcy\u00fck\u015fehir Belediyesi&#8217;nin detayl\u0131 projesiyle, Tarsus&#8217;ta her g\u00fcn binlerce vatanda\u015f\u0131n ziyaret etti\u011fi Atat\u00fcrk Gen\u00e7lik Park\u0131, yepyeni bir g\u00f6r\u00fcn\u00fcm kazand\u0131. B\u00fcy\u00fck\u015fehir ekipleri, yine Tarsus&#8217;ta Atat\u00fcrk Caddesi \u00fczerinde bulunan ve trafi\u011fe kapal\u0131 durumdaki Yarenlik Alan\u0131&#8217;nda meydan d\u00fczenlemesi, yaya yolu yenileme ve \u00f6zellikle ayd\u0131nlatma altyap\u0131s\u0131n\u0131n g\u00fc\u00e7lendirilmesini sa\u011flad\u0131. Tarsus \u00d6t\u00fcken Vadi Park&#8217;ta sulamada ya\u015fanan problemi, modern sistemi hayata ge\u00e7irerek sona erdiren B\u00fcy\u00fck\u015fehir Belediyesi, Mavi Bulvar&#8217;da da d\u00fczenleme faaliyetlerini s\u00fcrd\u00fcr\u00fcyor.<\/p>\n<p>\u0130lter: &#8220;Atat\u00fcrk Gen\u00e7lik Park\u0131&#8217;n\u0131 daha kullan\u0131\u015fl\u0131 hale getirdik&#8221;<\/p>\n<p>Park Bah\u00e7eler Dairesi Ba\u015fkanl\u0131\u011f\u0131 Proje \u015eube M\u00fcd\u00fcr\u00fc Alpagu \u0130lter, Tarsus Atat\u00fcrk Gen\u00e7lik Park\u0131&#8217;nda yepyeni bir \u00e7al\u0131\u015fma ger\u00e7ekle\u015ftirdiklerini kaydederek, &#8220;Tarsus merkezde bulunan yakla\u015f\u0131k 32 bin m2&#8217;lik alan\u0131 kaplayan Atat\u00fcrk Gen\u00e7lik Park\u0131&#8217;nda revizyon i\u015flemini tamamlad\u0131k. Amac\u0131m\u0131z y\u0131pranm\u0131\u015f olan kullan\u0131mlar\u0131n yenilenmesi ve buras\u0131n\u0131n bir spor park\u0131 haline getirilmesiydi. Yapt\u0131\u011f\u0131m\u0131z en \u00f6nemli i\u015flerden bir tanesi, \u00e7evre duvarlar\u0131n\u0131n kald\u0131r\u0131lmas\u0131yd\u0131. Park\u0131 daha b\u00fct\u00fcnc\u00fcl yakla\u015f\u0131mla, daha kullan\u0131\u015fl\u0131 hale getirmeyi planlad\u0131k. A\u00e7\u0131ld\u0131ktan sonra etkileri de gayet g\u00fczel oldu. Park d\u00f6rt taraf\u0131ndan da kullan\u0131ma a\u00e7\u0131k hale geldi. \u0130\u00e7inde yakla\u015f\u0131k 650 metrelik ko\u015fu parkuru olu\u015fturduk. Buna ek olarak kaykay pisti montaj\u0131 yap\u0131ld\u0131. \u00d6zel tasar\u0131m bir \u00e7ocuk oyun grubumuz yap\u0131ld\u0131 ve fitness aletleriyle beraber barfiks alan\u0131 olu\u015fturuldu. Ye\u015fil alan\u0131 artt\u0131rarak, sert zeminleri azaltarak, kent kimli\u011fine daha uygun, ye\u015fil bir alan olu\u015fturmaya \u00e7al\u0131\u015ft\u0131k&#8221; dedi.<\/p>\n<p>Yarenlik Alan\u0131 ve \u00d6t\u00fcken Vadi Park&#8217;ta yenileme \u00e7al\u0131\u015fmas\u0131<\/p>\n<p>Tarsus Yarenlik Alan\u0131 ve \u00d6t\u00fcken Vadi Park&#8217;ta da kapsaml\u0131 \u00e7al\u0131\u015fmalar yap\u0131ld\u0131\u011f\u0131n\u0131 belirten Alpagu \u0130lter, &#8220;Tarsus \u00d6t\u00fcken Vadi Park&#8217;ta altyap\u0131, ayd\u0131nlatma, otomatik sulama sistemi ve ye\u015fil alanlar\u0131n yenilemesini yapt\u0131k. \u00c7e\u015fme takviyeleri yapt\u0131k. Genel bak\u0131mlar\u0131ndan sonra bitkilendirme ve renklendirme \u00e7al\u0131\u015fmalar\u0131yla i\u015flemi bitirece\u011fiz. En \u00f6nemlisi, daha ekonomik olan otomatik sulama sistemimizin hizmete girmesi. Bunun haricinde yap\u0131sal anlamda binalar\u0131n ve \u00e7evre duvarlar\u0131n\u0131n bak\u0131m, onar\u0131m ve tadilatlar\u0131n\u0131 ger\u00e7ekle\u015ftirdik. \u0130\u015fimizi bitirmemize az kald\u0131. K\u0131sa bir s\u00fcre sonra tamamen hizmete a\u00e7aca\u011f\u0131z&#8221; diye konu\u015ftu.<br \/>\nTarsus merkezde bulunan Yarenlik Alan\u0131&#8217;ndaki yaya b\u00f6lgesinde de bir \u00e7al\u0131\u015fma ger\u00e7ekle\u015ftirdiklerini kaydeden \u0130lter, &#8220;O b\u00f6lgeyi de hizmete a\u00e7t\u0131k. Zemin yenilemesini yaparak, \u00e7e\u015fmeleri yeniledik. Ayd\u0131nlatma sistemini g\u00fc\u00e7lendirdik, bitkilendirme ve daha modern ve daha kullan\u0131l\u0131r oturma birimlerinin takviyesiyle, Yarenlik Alan\u0131&#8217;ndaki yenileme \u00e7al\u0131\u015fmalar\u0131n\u0131 da tamamlad\u0131k&#8221; ifadelerini kulland\u0131.<\/p>\n<p>Kent i\u00e7erisindeki Gazipa\u015fa, \u00dcmit Ya\u015far O\u011fuzcan, Fatih Sultan Mehmet, Kas\u0131m Ekenler Bulvarlar\u0131&#8217;nda orta ref\u00fcj bord\u00fcr yenileme, sulama sitemi montaj\u0131 ve bitki deseninin yenilenmesiyle ilgili \u00e7al\u0131\u015fmalar\u0131n da devam etmekte oldu\u011funu s\u00f6zlerine ekleyen \u0130lter, &#8220;Trafik emniyetini ve yaya emniyetini s\u0131k\u0131nt\u0131ya sokan bitkilerin yerine; b\u00f6lgeye daha uyumlu, daha k\u00fc\u00e7\u00fck ve daha renkli bitkileri dikme \u00e7al\u0131\u015fmalar\u0131na da \u00f6n\u00fcm\u00fczdeki g\u00fcnlerde ba\u015flayaca\u011f\u0131z&#8221; dedi.<\/p>\n","protected":false},"excerpt":{"rendered":"<p>Mersin B\u00fcy\u00fck\u015fehir Belediyesi Park ve Bah\u00e7eler Dairesi Ba\u015fkanl\u0131\u011f\u0131 taraf\u0131ndan y\u00fcr\u00fct\u00fclen \u00e7al\u0131\u015fmalar kapsam\u0131nda, vatanda\u015flar\u0131n ortak kullan\u0131m alan\u0131 olan parklar ve y\u00fcr\u00fcy\u00fc\u015f yollar\u0131, daha ye\u015fil ve altyap\u0131s\u0131 daha g\u00fc\u00e7l\u00fc hale gelmeye devam &hellip; <a href=\"https:\/\/akdenizolaygazetesi.com\/?p=21570\" class=\"more-link\">Devam\u0131n\u0131 Oku&#8230;<\/a><\/p>\n","protected":false},"author":2,"featured_media":21571,"comment_status":"open","ping_status":"open","sticky":false,"template":"","format":"standard","meta":[],"categories":[2,3,5],"tags":[],"_links":{"self":[{"href":"https:\/\/akdenizolaygazetesi.com\/index.php?rest_route=\/wp\/v2\/posts\/21570"}],"collection":[{"href":"https:\/\/akdenizolaygazetesi.com\/index.php?rest_route=\/wp\/v2\/posts"}],"about":[{"href":"https:\/\/akdenizolaygazetesi.com\/index.php?rest_route=\/wp\/v2\/types\/post"}],"author":[{"embeddable":true,"href":"https:\/\/akdenizolaygazetesi.com\/index.php?rest_route=\/wp\/v2\/users\/2"}],"replies":[{"embeddable":true,"href":"https:\/\/akdenizolaygazetesi.com\/index.php?rest_route=%2Fwp%2Fv2%2Fcomments&post=21570"}],"version-history":[{"count":1,"href":"https:\/\/akdenizolaygazetesi.com\/index.php?rest_route=\/wp\/v2\/posts\/21570\/revisions"}],"predecessor-version":[{"id":21572,"href":"https:\/\/akdenizolaygazetesi.com\/index.php?rest_route=\/wp\/v2\/posts\/21570\/revisions\/21572"}],"wp:featuredmedia":[{"embeddable":true,"href":"https:\/\/akdenizolaygazetesi.com\/index.php?rest_route=\/wp\/v2\/media\/21571"}],"wp:attachment":[{"href":"https:\/\/akdenizolaygazetesi.com\/index.php?rest_route=%2Fwp%2Fv2%2Fmedia&parent=21570"}],"wp:term":[{"taxonomy":"category","embeddable":true,"href":"https:\/\/akdenizolaygazetesi.com\/index.php?rest_route=%2Fwp%2Fv2%2Fcategories&post=21570"},{"taxonomy":"post_tag","embeddable":true,"href":"https:\/\/akdenizolaygazetesi.com\/index.php?rest_route=%2Fwp%2Fv2%2Ftags&post=21570"}],"curies":[{"name":"wp","href":"https:\/\/api.w.org\/{rel}","templated":true}]}}