{"id":21582,"date":"2022-10-12T13:13:47","date_gmt":"2022-10-12T10:13:47","guid":{"rendered":"http:\/\/akdenizolaygazetesi.com\/?p=21582"},"modified":"2022-10-12T13:13:47","modified_gmt":"2022-10-12T10:13:47","slug":"mersin-buyuksehir-cay-ve-cilek-mahallesinin-ana-arteri-abdi-ipekci-caddesini-yeniliyor","status":"publish","type":"post","link":"https:\/\/akdenizolaygazetesi.com\/?p=21582","title":{"rendered":"MERS\u0130N B\u00dcY\u00dcK\u015eEH\u0130R, \u00c7AY VE \u00c7\u0130LEK MAHALLES\u0130&#8217;N\u0130N ANA ARTER\u0130 ABD\u0130 \u0130PEK\u00c7\u0130 CADDES\u0130&#8217;N\u0130 YEN\u0130L\u0130YOR"},"content":{"rendered":"<p>Mersin B\u00fcy\u00fck\u015fehir Belediyesi, \u00c7ay ve \u00c7ilek Mahallesi&#8217;nin en \u00f6nemli ana arterlerinden olan ve Bekirde Yolu olarak bilinen Abdi \u0130pek\u00e7i Caddesi&#8217;nde, tarihi bir yol \u00e7al\u0131\u015fmas\u0131 ger\u00e7ekle\u015ftiriyor. Y\u0131llard\u0131r ihmal edilen ve mahalle halk\u0131n\u0131n toz \u00e7ilesi haline d\u00f6n\u00fc\u015fen yol, B\u00fcy\u00fck\u015fehir Belediyesi Yol Yap\u0131m Bak\u0131m ve Onar\u0131m Dairesi ekipleri taraf\u0131ndan asfaltlan\u0131yor. Y\u0131llard\u0131r asfalt bekleyen mahalle sakinleri ve b\u00f6lge esnaf\u0131 ise \u00e7al\u0131\u015fmalardan memnun.<br \/>\n&#8220;Deforme olan asfaltlar ve kald\u0131r\u0131mlar yenilenecek&#8221;<br \/>\nYol Yap\u0131m Bak\u0131m ve Onar\u0131m Dairesi&#8217;nde Harita M\u00fchendisi olarak g\u00f6rev yapan ve Abdi \u0130pek\u00e7i Caddesi \u00e7al\u0131\u015fmalar\u0131n\u0131n kontrol\u00f6r\u00fc olan Af\u015fin K\u00fcr\u015fat Cengiz \u00e7al\u0131\u015fmalar hakk\u0131nda bilgi vererek, &#8220;Akdeniz il\u00e7esinin \u00f6nemli arterlerinden olan ve halk aras\u0131nda Bekirde Yolu olarak bilinen Abdi \u0130pek\u00e7i Caddesi&#8217;nde, yol \u00e7al\u0131\u015fmalar\u0131 kapsam\u0131nda 850 metrelik g\u00fczergahta deforme olan asfaltlar yenilenecek. Ayr\u0131ca kald\u0131r\u0131mlar da, \u00f6zel gereksinimli vatanda\u015flar\u0131m\u0131z\u0131n kullan\u0131m\u0131na uygun hale gelecek. \u00c7al\u0131\u015fmalar\u0131m\u0131z, k\u0131sa s\u00fcre i\u00e7erisinde tamamlan\u0131p vatanda\u015flar\u0131n hizmetine sunulacak&#8221; dedi.<br \/>\n&#8220;30-40 sene buraya altyap\u0131 ve \u00fcstyap\u0131 olarak hizmet gelmedi&#8221;<br \/>\n\u00c7ilek Mahalle Muhtar\u0131 Selim Tomak, yolun yap\u0131m\u0131n\u0131 y\u0131llard\u0131r beklediklerini belirterek, &#8220;Abdi \u0130pek\u00e7i Caddesi, di\u011fer ismiyle Bekirde Yolu, bug\u00fcne kadar hi\u00e7 kimsenin ilgilenmedi\u011fi bir yoldu. B\u00fcy\u00fck\u015fehir Belediye Ba\u015fkan\u0131m Say\u0131n Vahap Se\u00e7er ve daire ba\u015fkanlar\u0131m\u0131z\u0131n da ilgi ve alakalar\u0131 ile belki de r\u00fcyalar\u0131m\u0131zda g\u00f6rebilece\u011fimiz tarzda bir de\u011fi\u015fiklik oldu. \u00c7\u00fcnk\u00fc buras\u0131 hakikaten \u00e7ok k\u00f6t\u00fcyd\u00fc. 30-40 sene buraya ne altyap\u0131, ne de \u00fcstyap\u0131 olarak hizmet gelmedi&#8221;  dedi.<br \/>\nBa\u015fkan Se\u00e7er&#8217;in s\u00fcrekli mahallelerini ziyaret etti\u011fini ve yolun yap\u0131m\u0131 i\u00e7in verdi\u011fi s\u00f6z\u00fc tuttu\u011funu s\u00f6zlerine ekleyen Tomak, &#8220;Vahap Ba\u015fkan\u0131m\u0131z, se\u00e7ildi\u011finden bu yana 4 seferdir benim mahalleme ziyarete geliyor. Bize, Abdi \u0130pek\u00e7i Caddesi&#8217;nin bir prestij caddesi olaca\u011f\u0131 ile ilgili m\u00fcjde verdi. Mahallemi bir batakl\u0131ktan kurtard\u0131. \u0130lgi ve alakalar\u0131na tekrar te\u015fekk\u00fcr ediyorum&#8221; diye belirtti.<br \/>\n&#8220;Bu asfalttan sonra mahallemiz art\u0131k bir \u015fehir mahallesine benzedi&#8221;<br \/>\n\u00c7ay Mahalle Muhtar\u0131 Ahmet Akyol ise, yolun eski halinden dolay\u0131 mahallenin k\u00f6y g\u00f6r\u00fcn\u00fcm\u00fcnde oldu\u011funu belirterek, &#8220;Yolun \u00f6nceki hali \u00e7ok k\u00f6t\u00fcyd\u00fc. \u015eimdi \u00c7ay&#8217;la \u00c7ilek Mahallesi&#8217;nin kulland\u0131\u011f\u0131 yol, \u0130pek Yolu gibi oldu. B\u00fcy\u00fck\u015fehir, \u00c7ay ve \u00c7ilek Mahallesi&#8217;ni \u00e7ok g\u00fczelle\u015ftirdi. B\u00fct\u00fcn halk memnun, \u00e7\u00fcnk\u00fc halk\u0131n isteklerini yerine getirdi. Ba\u015fkan\u0131m\u0131z\u0131n yapt\u0131\u011f\u0131 hizmetler g\u00f6z \u00f6n\u00fcnde. Mesela 6 ay \u00f6nce bu yola girdi\u011finiz zaman sanki \u015fehir de\u011fildi, ama bu asfalttan sonra art\u0131k bir \u015fehir mahallesine benzedi&#8221; ifadelerine yer verdi.<\/p>\n","protected":false},"excerpt":{"rendered":"<p>Mersin B\u00fcy\u00fck\u015fehir Belediyesi, \u00c7ay ve \u00c7ilek Mahallesi&#8217;nin en \u00f6nemli ana arterlerinden olan ve Bekirde Yolu olarak bilinen Abdi \u0130pek\u00e7i Caddesi&#8217;nde, tarihi bir yol \u00e7al\u0131\u015fmas\u0131 ger\u00e7ekle\u015ftiriyor. Y\u0131llard\u0131r ihmal edilen ve mahalle &hellip; <a href=\"https:\/\/akdenizolaygazetesi.com\/?p=21582\" class=\"more-link\">Devam\u0131n\u0131 Oku&#8230;<\/a><\/p>\n","protected":false},"author":2,"featured_media":21583,"comment_status":"open","ping_status":"open","sticky":false,"template":"","format":"standard","meta":[],"categories":[2,3,5],"tags":[],"_links":{"self":[{"href":"https:\/\/akdenizolaygazetesi.com\/index.php?rest_route=\/wp\/v2\/posts\/21582"}],"collection":[{"href":"https:\/\/akdenizolaygazetesi.com\/index.php?rest_route=\/wp\/v2\/posts"}],"about":[{"href":"https:\/\/akdenizolaygazetesi.com\/index.php?rest_route=\/wp\/v2\/types\/post"}],"author":[{"embeddable":true,"href":"https:\/\/akdenizolaygazetesi.com\/index.php?rest_route=\/wp\/v2\/users\/2"}],"replies":[{"embeddable":true,"href":"https:\/\/akdenizolaygazetesi.com\/index.php?rest_route=%2Fwp%2Fv2%2Fcomments&post=21582"}],"version-history":[{"count":1,"href":"https:\/\/akdenizolaygazetesi.com\/index.php?rest_route=\/wp\/v2\/posts\/21582\/revisions"}],"predecessor-version":[{"id":21584,"href":"https:\/\/akdenizolaygazetesi.com\/index.php?rest_route=\/wp\/v2\/posts\/21582\/revisions\/21584"}],"wp:featuredmedia":[{"embeddable":true,"href":"https:\/\/akdenizolaygazetesi.com\/index.php?rest_route=\/wp\/v2\/media\/21583"}],"wp:attachment":[{"href":"https:\/\/akdenizolaygazetesi.com\/index.php?rest_route=%2Fwp%2Fv2%2Fmedia&parent=21582"}],"wp:term":[{"taxonomy":"category","embeddable":true,"href":"https:\/\/akdenizolaygazetesi.com\/index.php?rest_route=%2Fwp%2Fv2%2Fcategories&post=21582"},{"taxonomy":"post_tag","embeddable":true,"href":"https:\/\/akdenizolaygazetesi.com\/index.php?rest_route=%2Fwp%2Fv2%2Ftags&post=21582"}],"curies":[{"name":"wp","href":"https:\/\/api.w.org\/{rel}","templated":true}]}}