{"id":21591,"date":"2022-10-12T13:19:21","date_gmt":"2022-10-12T10:19:21","guid":{"rendered":"http:\/\/akdenizolaygazetesi.com\/?p=21591"},"modified":"2022-10-12T13:19:21","modified_gmt":"2022-10-12T10:19:21","slug":"baskan-gultak-gelecegin-genc-raketleri-ile-bulustu","status":"publish","type":"post","link":"https:\/\/akdenizolaygazetesi.com\/?p=21591","title":{"rendered":"Ba\u015fkan G\u00fcltak, gelece\u011fin gen\u00e7 raketleri ile bulu\u015ftu"},"content":{"rendered":"<p>Ba\u015fkan Mustafa G\u00fcltak, \u201c11 Ekim D\u00fcnya K\u0131z \u00c7ocuklar\u0131 G\u00fcn\u00fc\u201d dolay\u0131s\u0131yla, Akdeniz Belediye Spor Kul\u00fcb\u00fc b\u00fcnyesinde verilen tenis e\u011fitimine kat\u0131lan gelece\u011fin gen\u00e7 raketleri ile kortlarda bir araya geldi.<br \/>\n\u00dcmit Ya\u015far O\u011fuzcan Park\u0131 i\u00e7inde bulunan belediyeye ait tenis kortunda ger\u00e7ekle\u015fen \u00f6zel bulu\u015fmaya, Akdeniz Belediye Ba\u015fkan\u0131 M. Mustafa G\u00fcltak\u2019\u0131n yan\u0131 s\u0131ra, K\u00fclt\u00fcr ve Sosyal \u0130\u015fler M\u00fcd\u00fcr\u00fc Ali U\u00e7ar, uzman psikolog ve e\u011fitimciler ile tenis e\u011fitmenleri kat\u0131ld\u0131.<br \/>\nG\u00fcn dolay\u0131s\u0131yla d\u00fczenlenen etkinlikte; \u201cG\u00fc\u00e7l\u00fc K\u0131zlar Ayd\u0131nl\u0131k Yar\u0131nlar: Elleri Kalem Tutan K\u0131zlar, Kortlarda Raket Tutarak G\u00fc\u00e7leniyor\u201d, \u201cD\u00fcnya, Hayallerini Ger\u00e7ekle\u015ftiren K\u0131z \u00c7ocuklar\u0131 ile G\u00fczelle\u015fecek, \u201cS\u00f6z K\u0131zlarda\u201d ve \u201cSporda F\u0131rsat E\u015fitli\u011fi Hakt\u0131r\u201d yaz\u0131l\u0131 pankart ve d\u00f6vizler dikkat \u00e7ekti.<br \/>\nAt\u00f6lye \u00e7al\u0131\u015fmas\u0131 yap\u0131ld\u0131<br \/>\nD\u00fcnya K\u0131z \u00c7ocuklar\u0131 G\u00fcn\u00fc dolay\u0131s\u0131yla ger\u00e7ekle\u015fen bulu\u015fmada, k\u0131z \u00e7ocuklar\u0131na y\u00f6nelik bir at\u00f6lye \u00e7al\u0131\u015fmas\u0131 da yap\u0131ld\u0131, \u00e7ocuk haklar\u0131na ili\u015fkin \u00e7e\u015fitli bilgiler verildi. \u00c7ocuk haklar\u0131na dair s\u00f6zle\u015fme maddelerinin de okundu\u011fu etkinlikte gelece\u011fin raketleri; duygular\u0131n\u0131, hayallerini ve gelece\u011fe ili\u015fkin planlar\u0131n\u0131 resimlerle k\u00e2\u011f\u0131da \u00e7izdi.<br \/>\n\u201c\u00c7ocuklar\u0131m\u0131za, hayalini kurduklar\u0131 bir d\u00fcnya i\u00e7in \u00e7al\u0131\u015faca\u011f\u0131z\u201d<br \/>\nD\u00fcnya K\u0131z \u00c7ocuklar\u0131 G\u00fcn\u00fc nedeniyle, K\u00fclt\u00fcr ve Sosyal \u0130\u015fler M\u00fcd\u00fcrl\u00fc\u011f\u00fc taraf\u0131ndan d\u00fczenlenen etkinli\u011fe kat\u0131lan Akdeniz Belediye Ba\u015fkan\u0131 Mustafa G\u00fcltak da \u00e7ocuklarla resim \u00e7izdi, tenis antrenman\u0131na kat\u0131ld\u0131. Ba\u015fkan G\u00fcltak, tenis kursiyeri k\u0131zlar\u0131n kar\u015f\u0131s\u0131na \u00e7\u0131karak tenisteki h\u00fcnerini de sergiledi.<br \/>\nEtkinli\u011fe ili\u015fkin bir de\u011ferlendirme yapan Ba\u015fkan G\u00fcltak, \u201cD\u00fcnya K\u0131z \u00c7ocuklar\u0131 G\u00fcn\u00fc dolay\u0131s\u0131yla g\u00fczel bir etkinlikte, tenis kursu verdi\u011fimiz k\u0131z \u00e7ocuklar\u0131m\u0131zla bir araya geldik, resimler \u00e7izip, birlikte tenis oynad\u0131k. Benim bir slogan\u0131m var; Mutlu kad\u0131n, mutlu aile, mutlu toplum ve mutlu \u00fclke\u2026 Ama bug\u00fcne \u00f6zel; mutlu k\u0131zlar, mutlu kad\u0131n, mutlu aile diyoruz. Bu duygularla d\u00fcnya k\u0131z \u00e7ocuklar\u0131 g\u00fcn\u00fcn\u00fc kutluyor, \u00e7ocuklar\u0131m\u0131za diledikleri, hayalini kurduklar\u0131 bir gelecek kurmak i\u00e7in \u00fczerimize d\u00fc\u015fen sorumlulu\u011fu yerine getirece\u011fimizin s\u00f6z\u00fcn\u00fc veriyoruz\u201d \u015feklinde konu\u015ftu.<\/p>\n","protected":false},"excerpt":{"rendered":"<p>Ba\u015fkan Mustafa G\u00fcltak, \u201c11 Ekim D\u00fcnya K\u0131z \u00c7ocuklar\u0131 G\u00fcn\u00fc\u201d dolay\u0131s\u0131yla, Akdeniz Belediye Spor Kul\u00fcb\u00fc b\u00fcnyesinde verilen tenis e\u011fitimine kat\u0131lan gelece\u011fin gen\u00e7 raketleri ile kortlarda bir araya geldi. \u00dcmit Ya\u015far O\u011fuzcan &hellip; <a href=\"https:\/\/akdenizolaygazetesi.com\/?p=21591\" class=\"more-link\">Devam\u0131n\u0131 Oku&#8230;<\/a><\/p>\n","protected":false},"author":2,"featured_media":21592,"comment_status":"open","ping_status":"open","sticky":false,"template":"","format":"standard","meta":[],"categories":[1,2,3,5,10],"tags":[],"_links":{"self":[{"href":"https:\/\/akdenizolaygazetesi.com\/index.php?rest_route=\/wp\/v2\/posts\/21591"}],"collection":[{"href":"https:\/\/akdenizolaygazetesi.com\/index.php?rest_route=\/wp\/v2\/posts"}],"about":[{"href":"https:\/\/akdenizolaygazetesi.com\/index.php?rest_route=\/wp\/v2\/types\/post"}],"author":[{"embeddable":true,"href":"https:\/\/akdenizolaygazetesi.com\/index.php?rest_route=\/wp\/v2\/users\/2"}],"replies":[{"embeddable":true,"href":"https:\/\/akdenizolaygazetesi.com\/index.php?rest_route=%2Fwp%2Fv2%2Fcomments&post=21591"}],"version-history":[{"count":1,"href":"https:\/\/akdenizolaygazetesi.com\/index.php?rest_route=\/wp\/v2\/posts\/21591\/revisions"}],"predecessor-version":[{"id":21593,"href":"https:\/\/akdenizolaygazetesi.com\/index.php?rest_route=\/wp\/v2\/posts\/21591\/revisions\/21593"}],"wp:featuredmedia":[{"embeddable":true,"href":"https:\/\/akdenizolaygazetesi.com\/index.php?rest_route=\/wp\/v2\/media\/21592"}],"wp:attachment":[{"href":"https:\/\/akdenizolaygazetesi.com\/index.php?rest_route=%2Fwp%2Fv2%2Fmedia&parent=21591"}],"wp:term":[{"taxonomy":"category","embeddable":true,"href":"https:\/\/akdenizolaygazetesi.com\/index.php?rest_route=%2Fwp%2Fv2%2Fcategories&post=21591"},{"taxonomy":"post_tag","embeddable":true,"href":"https:\/\/akdenizolaygazetesi.com\/index.php?rest_route=%2Fwp%2Fv2%2Ftags&post=21591"}],"curies":[{"name":"wp","href":"https:\/\/api.w.org\/{rel}","templated":true}]}}